{"id":10091,"date":"2026-09-01T17:08:12","date_gmt":"2026-09-01T20:08:12","guid":{"rendered":"https:\/\/blog.ufes.br\/agromet\/?p=10091"},"modified":"2026-09-01T17:08:12","modified_gmt":"2026-09-01T20:08:12","slug":"boletim-agrometeorologico-de-agosto-de-2026","status":"publish","type":"post","link":"https:\/\/blog.ufes.br\/agromet\/2026\/09\/01\/boletim-agrometeorologico-de-agosto-de-2026\/","title":{"rendered":"Boletim Agrometeorol\u00f3gico de Agosto de 2026"},"content":{"rendered":"\n<h3 class=\"wp-block-heading\">Boletim<\/h3>\n\n\n<div class=\"wp-block-image\">\n<figure class=\"aligncenter size-full\"><img fetchpriority=\"high\" decoding=\"async\" width=\"616\" height=\"679\" src=\"https:\/\/blog.ufes.br\/agromet\/files\/2026\/09\/image-17.png\" alt=\"\" class=\"wp-image-10092\" srcset=\"https:\/\/blog.ufes.br\/agromet\/files\/2026\/09\/image-17.png 616w, https:\/\/blog.ufes.br\/agromet\/files\/2026\/09\/image-17-272x300.png 272w\" sizes=\"(max-width: 616px) 100vw, 616px\" \/><figcaption class=\"wp-element-caption\"><strong>Legenda: M\u00e9dia = Temperatura m\u00e9dia ocorrida no per\u00edodo (\u00b0C); M\u00e1xima = Valor m\u00e1ximo de temperatura observado no per\u00edodo (\u00b0C); M\u00ednima = Valor m\u00ednimo de temperatura observado no per\u00edodo (\u00b0C); UR = Umidade relativa m\u00e9dia do ar ocorrida no per\u00edodo (%); P = Precipita\u00e7\u00e3o ocorrida no per\u00edodo (mm); ET0 = Evapotranspira\u00e7\u00e3o potencial de refer\u00eancia (Penman-Monteith) (mm\/dia).<\/strong><\/figcaption><\/figure>\n<\/div>\n\n\n<ul class=\"wp-block-list\">\n<li><strong>Per\u00edodo:<\/strong>\u00a001 a 31\/08\/2026<\/li>\n\n\n\n<li><strong>Temperatura m\u00e1xima:<\/strong>\u00a039,9\u00b0C<\/li>\n\n\n\n<li><strong>Temperatura m\u00e9dia:<\/strong>\u00a023,2\u00b0C<\/li>\n\n\n\n<li><strong>Temperatura m\u00ednima:<\/strong>\u00a012,7\u00b0C<\/li>\n\n\n\n<li><strong>Umidade relativa m\u00e9dia:<\/strong>\u00a068,9%<\/li>\n\n\n\n<li><strong>Chuva acumulada:<\/strong>\u00a050,2 mm<\/li>\n\n\n\n<li><strong>N\u00famero de dias com chuva:\u00a0<\/strong>9 dias<\/li>\n\n\n\n<li><strong>Velocidade m\u00e9dia do vento:<\/strong> 4,7 km\/h<\/li>\n\n\n\n<li><strong>Evapotranspira\u00e7\u00e3o potencial acumulada:<\/strong>\u00a0125,3 mm<\/li>\n<\/ul>\n\n\n\n<h2 class=\"wp-block-heading\"><strong>Ano civil<\/strong><\/h2>\n\n\n\n<p class=\"wp-block-paragraph\">O ano civil compreende o per\u00edodo do dia 1\u00b0 de janeiro ao dia 31 de dezembro de um determinado ano. Neste t\u00f3pico s\u00e3o mostrados dados do ano civil, desde 1\u00b0 de janeiro at\u00e9 o \u00faltimo dia do m\u00eas considerado.<\/p>\n\n\n\n<ul class=\"wp-block-list\">\n<li><strong>Ano civil de 2026:<\/strong>&nbsp;01\/01 a 31\/12\/2026<\/li>\n\n\n\n<li><strong>Per\u00edodo considerado do ano civil:\u00a0<\/strong>01\/01 a 31\/08\/2026<\/li>\n\n\n\n<li><strong>Chuva acumulada:<\/strong>\u00a0887,2 mm<\/li>\n\n\n\n<li><strong>N\u00famero de dias com chuva:\u00a0<\/strong>92 dias<\/li>\n<\/ul>\n\n\n\n<h3 class=\"wp-block-heading\"><strong>Valores extremos<\/strong><\/h3>\n\n\n\n<ul class=\"wp-block-list\">\n<li><strong>Maior chuva registrada no per\u00edodo de 24 horas:&nbsp;<\/strong>60,8 mm em 05\/01\/2026<\/li>\n\n\n\n<li><strong>Temperatura m\u00e1xima do per\u00edodo:\u00a0<\/strong>39,9\u00b0C em 09\/08\/2026<\/li>\n\n\n\n<li><strong>Menor temperatura m\u00e1xima do per\u00edodo:&nbsp;<\/strong>21,7\u00b0C em 21\/01\/2026<\/li>\n\n\n\n<li><strong>Temperatura m\u00ednima do per\u00edodo:&nbsp;<\/strong>10,6\u00b0C em 16\/07\/2026<\/li>\n\n\n\n<li><strong>Maior temperatura m\u00ednima do per\u00edodo:&nbsp;<\/strong>23,5\u00b0C em 06\/02\/2026<\/li>\n\n\n\n<li><strong>\u00daltimo dia com chuva acima de 5 mm:\u00a0<\/strong>30,4 mm em 27\/08\/2026<\/li>\n<\/ul>\n\n\n\n<h3 class=\"wp-block-heading\"><strong>Gr\u00e1ficos meteorol\u00f3gicos<\/strong><\/h3>\n\n\n<div class=\"wp-block-image\">\n<figure class=\"aligncenter size-full is-resized\"><img decoding=\"async\" width=\"699\" height=\"415\" src=\"https:\/\/blog.ufes.br\/agromet\/files\/2026\/09\/image-18.png\" alt=\"\" class=\"wp-image-10093\" style=\"width:699px;height:auto\" srcset=\"https:\/\/blog.ufes.br\/agromet\/files\/2026\/09\/image-18.png 699w, https:\/\/blog.ufes.br\/agromet\/files\/2026\/09\/image-18-300x178.png 300w\" sizes=\"(max-width: 699px) 100vw, 699px\" \/><figcaption class=\"wp-element-caption\"><strong>Figura 1.\u00a0Dados de temperatura m\u00e1xima (T.M\u00e1x.), m\u00e9dia (T. M\u00e9d.) e m\u00ednima (T. M\u00edn.) do m\u00eas de <strong><strong>Agosto<\/strong><\/strong> <strong>de 2026<\/strong>.<\/strong><\/figcaption><\/figure>\n<\/div>\n\n<div class=\"wp-block-image\">\n<figure class=\"aligncenter size-full\"><img decoding=\"async\" width=\"707\" height=\"400\" src=\"https:\/\/blog.ufes.br\/agromet\/files\/2026\/09\/image-20.png\" alt=\"\" class=\"wp-image-10095\" srcset=\"https:\/\/blog.ufes.br\/agromet\/files\/2026\/09\/image-20.png 707w, https:\/\/blog.ufes.br\/agromet\/files\/2026\/09\/image-20-300x170.png 300w\" sizes=\"(max-width: 707px) 100vw, 707px\" \/><figcaption class=\"wp-element-caption\"><strong>Figura 2.\u00a0Dados de umidade relativa m\u00e9dia (UR) do m\u00eas de <strong><strong>Agosto de 2026.<\/strong><\/strong><\/strong><\/figcaption><\/figure>\n<\/div>\n\n<div class=\"wp-block-image\">\n<figure class=\"aligncenter size-full\"><img loading=\"lazy\" decoding=\"async\" width=\"711\" height=\"403\" src=\"https:\/\/blog.ufes.br\/agromet\/files\/2026\/09\/image-21.png\" alt=\"\" class=\"wp-image-10096\" srcset=\"https:\/\/blog.ufes.br\/agromet\/files\/2026\/09\/image-21.png 711w, https:\/\/blog.ufes.br\/agromet\/files\/2026\/09\/image-21-300x170.png 300w\" sizes=\"(max-width: 711px) 100vw, 711px\" \/><figcaption class=\"wp-element-caption\"><strong>Figura 3.\u00a0Dados de precipita\u00e7\u00e3o e evapotranspira\u00e7\u00e3o potencial de refer\u00eancia (ET0\/Penman-Monteith) do m\u00eas de <strong><strong>Agosto de 2026.<\/strong><\/strong><\/strong><\/figcaption><\/figure>\n<\/div>\n\n<div class=\"wp-block-image\">\n<figure class=\"aligncenter size-full\"><img loading=\"lazy\" decoding=\"async\" width=\"705\" height=\"394\" src=\"https:\/\/blog.ufes.br\/agromet\/files\/2026\/09\/image-22.png\" alt=\"\" class=\"wp-image-10097\" srcset=\"https:\/\/blog.ufes.br\/agromet\/files\/2026\/09\/image-22.png 705w, https:\/\/blog.ufes.br\/agromet\/files\/2026\/09\/image-22-300x168.png 300w\" sizes=\"(max-width: 705px) 100vw, 705px\" \/><figcaption class=\"wp-element-caption\"><strong>Figura 4.\u00a0Dados de chuva mensal e acumulada do m\u00eas de Agosto de 2026.<\/strong><\/figcaption><\/figure>\n<\/div>","protected":false},"excerpt":{"rendered":"<div class=\"mh-excerpt\"><p>Boletim Ano civil O ano civil compreende o per\u00edodo do dia 1\u00b0 de janeiro ao dia 31 de dezembro de um determinado ano. Neste t\u00f3pico <a class=\"mh-excerpt-more\" href=\"https:\/\/blog.ufes.br\/agromet\/2026\/09\/01\/boletim-agrometeorologico-de-agosto-de-2026\/\" title=\"Boletim Agrometeorol\u00f3gico de Agosto de 2026\">[&#8230;]<\/a><\/p>\n<\/div>","protected":false},"author":451,"featured_media":10099,"comment_status":"open","ping_status":"open","sticky":false,"template":"","format":"standard","meta":{"_bbp_topic_count":0,"_bbp_reply_count":0,"_bbp_total_topic_count":0,"_bbp_total_reply_count":0,"_bbp_voice_count":0,"_bbp_anonymous_reply_count":0,"_bbp_topic_count_hidden":0,"_bbp_reply_count_hidden":0,"_bbp_forum_subforum_count":0,"_uag_custom_page_level_css":"","footnotes":""},"categories":[5],"tags":[],"class_list":["post-10091","post","type-post","status-publish","format-standard","has-post-thumbnail","hentry","category-boletim-mensal"],"uagb_featured_image_src":{"full":["https:\/\/blog.ufes.br\/agromet\/files\/2026\/09\/ChatGPT-Image-1-de-set.-de-2026-17_02_26.png",1672,941,false],"thumbnail":["https:\/\/blog.ufes.br\/agromet\/files\/2026\/09\/ChatGPT-Image-1-de-set.-de-2026-17_02_26-150x150.png",150,150,true],"medium":["https:\/\/blog.ufes.br\/agromet\/files\/2026\/09\/ChatGPT-Image-1-de-set.-de-2026-17_02_26-300x169.png",300,169,true],"medium_large":["https:\/\/blog.ufes.br\/agromet\/files\/2026\/09\/ChatGPT-Image-1-de-set.-de-2026-17_02_26-768x432.png",768,432,true],"large":["https:\/\/blog.ufes.br\/agromet\/files\/2026\/09\/ChatGPT-Image-1-de-set.-de-2026-17_02_26-1024x576.png",1024,576,true],"1536x1536":["https:\/\/blog.ufes.br\/agromet\/files\/2026\/09\/ChatGPT-Image-1-de-set.-de-2026-17_02_26-1536x864.png",1536,864,true],"2048x2048":["https:\/\/blog.ufes.br\/agromet\/files\/2026\/09\/ChatGPT-Image-1-de-set.-de-2026-17_02_26.png",1672,941,false],"mh-magazine-lite-slider":["https:\/\/blog.ufes.br\/agromet\/files\/2026\/09\/ChatGPT-Image-1-de-set.-de-2026-17_02_26-1030x438.png",1030,438,true],"mh-magazine-lite-content":["https:\/\/blog.ufes.br\/agromet\/files\/2026\/09\/ChatGPT-Image-1-de-set.-de-2026-17_02_26-678x381.png",678,381,true],"mh-magazine-lite-large":["https:\/\/blog.ufes.br\/agromet\/files\/2026\/09\/ChatGPT-Image-1-de-set.-de-2026-17_02_26-678x509.png",678,509,true],"mh-magazine-lite-medium":["https:\/\/blog.ufes.br\/agromet\/files\/2026\/09\/ChatGPT-Image-1-de-set.-de-2026-17_02_26-326x245.png",326,245,true],"mh-magazine-lite-small":["https:\/\/blog.ufes.br\/agromet\/files\/2026\/09\/ChatGPT-Image-1-de-set.-de-2026-17_02_26-80x60.png",80,60,true]},"uagb_author_info":{"display_name":"Marcos Paulo Mazzeo Mariano","author_link":"https:\/\/blog.ufes.br\/agromet\/author\/marcos-paulo-mazzeo-mariano\/"},"uagb_comment_info":0,"uagb_excerpt":"Boletim Ano civil O ano civil compreende o per\u00edodo do dia 1\u00b0 de janeiro ao dia 31 de dezembro de um determinado ano. Neste t\u00f3pico [...]","_links":{"self":[{"href":"https:\/\/blog.ufes.br\/agromet\/wp-json\/wp\/v2\/posts\/10091","targetHints":{"allow":["GET"]}}],"collection":[{"href":"https:\/\/blog.ufes.br\/agromet\/wp-json\/wp\/v2\/posts"}],"about":[{"href":"https:\/\/blog.ufes.br\/agromet\/wp-json\/wp\/v2\/types\/post"}],"author":[{"embeddable":true,"href":"https:\/\/blog.ufes.br\/agromet\/wp-json\/wp\/v2\/users\/451"}],"replies":[{"embeddable":true,"href":"https:\/\/blog.ufes.br\/agromet\/wp-json\/wp\/v2\/comments?post=10091"}],"version-history":[{"count":1,"href":"https:\/\/blog.ufes.br\/agromet\/wp-json\/wp\/v2\/posts\/10091\/revisions"}],"predecessor-version":[{"id":10100,"href":"https:\/\/blog.ufes.br\/agromet\/wp-json\/wp\/v2\/posts\/10091\/revisions\/10100"}],"wp:featuredmedia":[{"embeddable":true,"href":"https:\/\/blog.ufes.br\/agromet\/wp-json\/wp\/v2\/media\/10099"}],"wp:attachment":[{"href":"https:\/\/blog.ufes.br\/agromet\/wp-json\/wp\/v2\/media?parent=10091"}],"wp:term":[{"taxonomy":"category","embeddable":true,"href":"https:\/\/blog.ufes.br\/agromet\/wp-json\/wp\/v2\/categories?post=10091"},{"taxonomy":"post_tag","embeddable":true,"href":"https:\/\/blog.ufes.br\/agromet\/wp-json\/wp\/v2\/tags?post=10091"}],"curies":[{"name":"wp","href":"https:\/\/api.w.org\/{rel}","templated":true}]}}