{"id":180,"date":"2020-02-07T11:01:25","date_gmt":"2020-02-07T14:01:25","guid":{"rendered":"http:\/\/blog.ufes.br\/agromet\/?p=180"},"modified":"2025-06-19T13:57:32","modified_gmt":"2025-06-19T16:57:32","slug":"serie-historica","status":"publish","type":"post","link":"https:\/\/blog.ufes.br\/agromet\/2020\/02\/07\/serie-historica\/","title":{"rendered":"S\u00c9RIE HIST\u00d3RICA"},"content":{"rendered":"\n<p> A s\u00e9rie hist\u00f3rica apresentada a seguir compreende o per\u00edodo de 01\/01\/2007 a 31\/12\/2019, totalizando 13 anos de dados. <\/p>\n\n\n\n<figure class=\"wp-block-image\"><img loading=\"lazy\" decoding=\"async\" width=\"605\" height=\"340\" src=\"http:\/\/blog.ufes.br\/agromet\/files\/2020\/02\/G1-2.png\" alt=\"\" class=\"wp-image-96\" \/><figcaption> <strong>Figura 1.<\/strong>&nbsp;S\u00e9rie hist\u00f3rica Mensal (2007 \u2013 2019) da Temperatura M\u00e1xima (TM\u00e1x.), M\u00e9dia (TM\u00e9d.) e M\u00ednima (TM\u00edn.).<\/figcaption><\/figure>\n\n\n\n<figure class=\"wp-block-image\"><img loading=\"lazy\" decoding=\"async\" width=\"605\" height=\"340\" src=\"http:\/\/blog.ufes.br\/agromet\/files\/2020\/02\/G2.png\" alt=\"\" class=\"wp-image-93\" \/><figcaption> <strong>Figura 2.&nbsp;<\/strong>S\u00e9rie hist\u00f3rica Anual (2007 \u2013 2019) da Temperatura M\u00e1xima (TM\u00e1x.), M\u00e9dia (TM\u00e9d.) e M\u00ednima (TM\u00edn.). <\/figcaption><\/figure>\n\n\n\n<figure class=\"wp-block-image\"><img loading=\"lazy\" decoding=\"async\" width=\"605\" height=\"340\" src=\"http:\/\/blog.ufes.br\/agromet\/files\/2020\/02\/G3.png\" alt=\"\" class=\"wp-image-98\" \/><figcaption> <strong>Figura 3.&nbsp;<\/strong>S\u00e9rie hist\u00f3rica Mensal (2007 \u2013 2019) da Umidade Relativa M\u00e9dia (UR). <\/figcaption><\/figure>\n\n\n\n<figure class=\"wp-block-image\"><img loading=\"lazy\" decoding=\"async\" width=\"605\" height=\"340\" src=\"http:\/\/blog.ufes.br\/agromet\/files\/2020\/02\/G4.png\" alt=\"\" class=\"wp-image-100\" \/><figcaption> <strong>Figura 4.&nbsp;<\/strong>S\u00e9rie hist\u00f3rica Mensal (2007 \u2013 2019) da Chuva (mm) e do N\u00famero de dias com chuva (N). <\/figcaption><\/figure>\n\n\n\n<figure class=\"wp-block-image\"><img loading=\"lazy\" decoding=\"async\" width=\"605\" height=\"340\" src=\"http:\/\/blog.ufes.br\/agromet\/files\/2020\/02\/G5-2.png\" alt=\"\" class=\"wp-image-105\" \/><figcaption> <strong>Figura 5.<\/strong>&nbsp;S\u00e9rie hist\u00f3rica Anual (2007 \u2013 2019) da Chuva (mm) e do N\u00famero de dias com chuva (N). <\/figcaption><\/figure>\n\n\n\n<figure class=\"wp-block-image\"><img loading=\"lazy\" decoding=\"async\" width=\"605\" height=\"340\" src=\"http:\/\/blog.ufes.br\/agromet\/files\/2020\/02\/G6.png\" alt=\"\" class=\"wp-image-108\" \/><figcaption> <strong>Figura 6.&nbsp;<\/strong>S\u00e9rie hist\u00f3rica Mensal (2007 \u2013 2019) da m\u00e9dia di\u00e1ria de Evapotranspira\u00e7\u00e3o potencial de refer\u00eancia (ETO\/Penman-Monteith). <\/figcaption><\/figure>\n\n\n\n<figure class=\"wp-block-image\"><img loading=\"lazy\" decoding=\"async\" width=\"605\" height=\"340\" src=\"http:\/\/blog.ufes.br\/agromet\/files\/2020\/02\/G7.png\" alt=\"\" class=\"wp-image-110\" \/><figcaption> <strong>Figura 7.&nbsp;<\/strong>S\u00e9rie hist\u00f3rica Mensal (2007 \u2013 2019) de Evapotranspira\u00e7\u00e3o potencial de refer\u00eancia acumulada (ETO acum\/Penman-Monteith). <\/figcaption><\/figure>\n","protected":false},"excerpt":{"rendered":"<div class=\"mh-excerpt\"><p>A s\u00e9rie hist\u00f3rica apresentada a seguir compreende o per\u00edodo de 01\/01\/2007 a 31\/12\/2019, totalizando 13 anos de dados.<\/p>\n<\/div>","protected":false},"author":379,"featured_media":221,"comment_status":"open","ping_status":"open","sticky":false,"template":"","format":"standard","meta":{"_bbp_topic_count":0,"_bbp_reply_count":0,"_bbp_total_topic_count":0,"_bbp_total_reply_count":0,"_bbp_voice_count":0,"_bbp_anonymous_reply_count":0,"_bbp_topic_count_hidden":0,"_bbp_reply_count_hidden":0,"_bbp_forum_subforum_count":0,"_uag_custom_page_level_css":"","footnotes":""},"categories":[10],"tags":[],"class_list":["post-180","post","type-post","status-publish","format-standard","has-post-thumbnail","hentry","category-2007-2019"],"uagb_featured_image_src":{"full":["https:\/\/blog.ufes.br\/agromet\/files\/2020\/02\/2007-2019_a.png",605,300,false],"thumbnail":["https:\/\/blog.ufes.br\/agromet\/files\/2020\/02\/2007-2019_a.png",150,74,false],"medium":["https:\/\/blog.ufes.br\/agromet\/files\/2020\/02\/2007-2019_a.png",300,149,false],"medium_large":["https:\/\/blog.ufes.br\/agromet\/files\/2020\/02\/2007-2019_a.png",605,300,false],"large":["https:\/\/blog.ufes.br\/agromet\/files\/2020\/02\/2007-2019_a.png",605,300,false],"1536x1536":["https:\/\/blog.ufes.br\/agromet\/files\/2020\/02\/2007-2019_a.png",605,300,false],"2048x2048":["https:\/\/blog.ufes.br\/agromet\/files\/2020\/02\/2007-2019_a.png",605,300,false],"mh-magazine-lite-slider":["https:\/\/blog.ufes.br\/agromet\/files\/2020\/02\/2007-2019_a.png",605,300,false],"mh-magazine-lite-content":["https:\/\/blog.ufes.br\/agromet\/files\/2020\/02\/2007-2019_a.png",605,300,false],"mh-magazine-lite-large":["https:\/\/blog.ufes.br\/agromet\/files\/2020\/02\/2007-2019_a.png",605,300,false],"mh-magazine-lite-medium":["https:\/\/blog.ufes.br\/agromet\/files\/2020\/02\/2007-2019_a.png",326,162,false],"mh-magazine-lite-small":["https:\/\/blog.ufes.br\/agromet\/files\/2020\/02\/2007-2019_a.png",80,40,false]},"uagb_author_info":{"display_name":"guilherme.b.reis","author_link":"https:\/\/blog.ufes.br\/agromet\/author\/guilherme_barbosa-reis\/"},"uagb_comment_info":0,"uagb_excerpt":"A s\u00e9rie hist\u00f3rica apresentada a seguir compreende o per\u00edodo de 01\/01\/2007 a 31\/12\/2019, totalizando 13 anos de dados.","_links":{"self":[{"href":"https:\/\/blog.ufes.br\/agromet\/wp-json\/wp\/v2\/posts\/180","targetHints":{"allow":["GET"]}}],"collection":[{"href":"https:\/\/blog.ufes.br\/agromet\/wp-json\/wp\/v2\/posts"}],"about":[{"href":"https:\/\/blog.ufes.br\/agromet\/wp-json\/wp\/v2\/types\/post"}],"author":[{"embeddable":true,"href":"https:\/\/blog.ufes.br\/agromet\/wp-json\/wp\/v2\/users\/379"}],"replies":[{"embeddable":true,"href":"https:\/\/blog.ufes.br\/agromet\/wp-json\/wp\/v2\/comments?post=180"}],"version-history":[{"count":5,"href":"https:\/\/blog.ufes.br\/agromet\/wp-json\/wp\/v2\/posts\/180\/revisions"}],"predecessor-version":[{"id":188,"href":"https:\/\/blog.ufes.br\/agromet\/wp-json\/wp\/v2\/posts\/180\/revisions\/188"}],"wp:featuredmedia":[{"embeddable":true,"href":"https:\/\/blog.ufes.br\/agromet\/wp-json\/wp\/v2\/media\/221"}],"wp:attachment":[{"href":"https:\/\/blog.ufes.br\/agromet\/wp-json\/wp\/v2\/media?parent=180"}],"wp:term":[{"taxonomy":"category","embeddable":true,"href":"https:\/\/blog.ufes.br\/agromet\/wp-json\/wp\/v2\/categories?post=180"},{"taxonomy":"post_tag","embeddable":true,"href":"https:\/\/blog.ufes.br\/agromet\/wp-json\/wp\/v2\/tags?post=180"}],"curies":[{"name":"wp","href":"https:\/\/api.w.org\/{rel}","templated":true}]}}