{"id":457,"date":"2015-12-03T17:02:43","date_gmt":"2015-12-03T19:02:43","guid":{"rendered":"http:\/\/blog.ufes.br\/cabio\/?p=457"},"modified":"2015-12-03T18:12:21","modified_gmt":"2015-12-03T20:12:21","slug":"o-que-e-a-enebio","status":"publish","type":"post","link":"https:\/\/blog.ufes.br\/cabio\/2015\/12\/03\/o-que-e-a-enebio\/","title":{"rendered":"O que \u00e9 a ENEBio?"},"content":{"rendered":"<div>\n<p>A Entidade Nacional dos Estudantes de Biologia, reorganizada em 2007, \u00e9 composta por diversas escolas do Brasil e vem durante estes anos construindo e reorganizando o Movimento Estudantil da Biologia, colocando em debate os principais problemas que encontramos nesta sociedade, no meio ambiente e tamb\u00e9m em nossa forma\u00e7\u00e3o e educa\u00e7\u00e3o. Atrav\u00e9s de Encontros (nacionais e regionais), Conselhos, Cursos de Forma\u00e7\u00e3o dentre outros espa\u00e7os,\u00a0temos\u00a0acumulado te\u00f3rica e praticamente na luta pela transforma\u00e7\u00e3o social\u00a0cada dia mais motivados\u00a0a expandir esta organiza\u00e7\u00e3o em prol da constru\u00e7\u00e3o de um MEBio combativo, e que fa\u00e7a diferen\u00e7a nessa constru\u00e7\u00e3o.<\/p>\n<p><img loading=\"lazy\" decoding=\"async\" src=\"https:\/\/cnenebio.files.wordpress.com\/2013\/02\/z1ql55gd5.jpg?w=58&amp;h=77\" alt=\"Z1ql55gd\" width=\"58\" height=\"77\" \/><\/p>\n<p><em>Texto elaborado pela gest\u00e3o da Articula\u00e7\u00e3o Nacional 2012-2013<\/em><\/p>\n<\/div>\n<p><a href=\"https:\/\/cnenebio.wordpress.com\/\" target=\"_blank\">SITE DA ENEBio<\/a><\/p>\n<p>FERRAMENTAS da ENEBio<\/p>\n<p>Se voc\u00ea est\u00e1 tendo contato pela primeira vez com a ENEBio, talvez as letrinhas abaixo n\u00e3o fa\u00e7am muito sentido, e mesmo\u00a0se voc\u00ea j\u00e1 esteve em Encontros Regionais, Nacionais e etc. pode ser que ainda fique boiando, mas aqui abaixo vai uma colinha do significado da sopa de letrinhas que a gente escuta o tempo inteiro de quem j\u00e1 \u00e9 velho de entidade.<\/p>\n<p>COCADAs &#8211; COletivos, Centros Acad\u00eamicos e Diret\u00f3rios Acad\u00eamicos.<\/p>\n<p>ENEB &#8211; encontro nacional de estudantes de biologia (acontece anualmente durante cerca de uma semana, costumeiramente nas f\u00e9rias de julho; trabalha tem\u00e1ticas mais politizadas que por vezes s\u00e3o transversais ao cotidiano da\/o estudante de biologia e que julga-se necess\u00e1rio \u00e0 forma\u00e7\u00e3o pol\u00edtica da\/o mesmo. \u00a0A\u00a0UFES sediou a 35\u00aa edi\u00e7\u00e3o em 2015 com uma tem\u00e1tica sobre viol\u00eancia contra a mulher, problema frequente no ES nos anos pr\u00f3ximos a realiza\u00e7\u00e3o do encontro).<\/p>\n<p>EREB &#8211; encontro regional de estudantes de biologia (funciona da mesma forma que o ENEB, mas costumeiramente dura menos tempo, no sudeste \u00e9 comum acontecer por volta de abril\/maio; \u00e9 dividido de acordo com as 5 regi\u00f5es do pa\u00eds, a UFES sediou em 1992 e sediaria em 2015, por entender que era mais necess\u00e1rio a realiza\u00e7\u00e3o de um encontro nacional &#8211; visto que no ano de 2014 n\u00e3o teve e 2015 caminhava novamente para n\u00e3o ter &#8211; decidiu-se mudar para encontro nacional)<\/p>\n<p>AN &#8211; articula\u00e7\u00e3o nacional (\u00e9 a universidade ou grupo de universidade respons\u00e1vel por saber como andam os COCADAs, as campanhas, verificar a constru\u00e7\u00e3o das outras ferramentas da entidade, como o nome diz, articula a n\u00edvel nacional)<\/p>\n<p>AR &#8211; articula\u00e7\u00e3o regional (assim como o encontro cada regi\u00e3o possui uma articula\u00e7\u00e3o regional, que como na AN pode ser composta por uma ou v\u00e1rias universidades que fazem um acompanhamento mais pr\u00f3ximo dos COCADAs, fazendo inclusive uma ponte com a AN).<\/p>\n<p>CONEBio &#8211; conselho nacional de estudantes de biologia (\u00e9 um evento onde representantes dos CAs que controem a ENEBio se re\u00fanem para por exemplo, planejar as atividades do ano seguinte, acompanhar como est\u00e1 a constru\u00e7\u00e3o do encontro nacional, resolver quest\u00f5es que n\u00e3o foram sanadas na assembleia final do ENEB. A UFES sediou tamb\u00e9m em 2015 o XXIX CONEBio).<\/p>\n<p>COREBio &#8211; conselho regional de estudantes de biologia (mesma coisa do CONEBio, mas a n\u00edvel regional.)<\/p>\n<p>GTP &#8211; grupo tem\u00e1tico permanente (existe um n\u00famero pequeno de GTPs, que incluem meio ambiente, educa\u00e7\u00e3o, ci\u00eancia e tecnologia entre outros; ao final de cada ENEB ou no CONEBio, as universidades interessadas escolhem uma tem\u00e1tica com a qual gostaria de desenvolver algum ac\u00famulo, que \u00e9 a produ\u00e7\u00e3o de v\u00eddeos, jornais, cartilhas, materiais que sirvam para posterior pesquisa, seja na milit\u00e2ncia ou vida acad\u00eamica. A UFES em 2013 pegou o GTP de meio ambiente, que serviu para nos incentivar a trazer o debate da agroecologia e agrot\u00f3xicos, em que fizemos recep\u00e7\u00f5es de calouros e a VII Semana de Biologia voltada para a tem\u00e1tica).<\/p>\n<p>CFPBio &#8211; curso de forma\u00e7\u00e3o pol\u00edtica da Biologia. (\u00e9 um evento que ocorre regionalmente e que serve, como o nome diz, para a forma\u00e7\u00e3o pol\u00edtica das\/os estudantes de Biologia, pode abordar no tema pautas nacionais ou a n\u00edvel regional, de acordo com a realidade da universidade que pega esta ferramenta).<\/p>\n<p>&nbsp;<\/p>\n<p>A ENEBio \u00e9 de qu\u00ea? De luta! E a ENEBio \u00e9 quem? \u00c9 nois!<\/p>\n<p style=\"text-align: right\">Por Patr\u00edcia Pinheiro<\/p>\n","protected":false},"excerpt":{"rendered":"<p>A Entidade Nacional dos Estudantes de Biologia, reorganizada em 2007, \u00e9 composta por diversas escolas do Brasil e vem durante estes anos construindo e reorganizando o Movimento Estudantil da Biologia, colocando em debate os principais problemas que encontramos nesta sociedade, no meio ambiente e tamb\u00e9m em nossa forma\u00e7\u00e3o e educa\u00e7\u00e3o. Atrav\u00e9s de Encontros (nacionais e &hellip; <a href=\"https:\/\/blog.ufes.br\/cabio\/2015\/12\/03\/o-que-e-a-enebio\/\" class=\"more-link\">Continue lendo <span class=\"screen-reader-text\">O que \u00e9 a ENEBio?<\/span> <span class=\"meta-nav\">&rarr;<\/span><\/a><\/p>\n","protected":false},"author":203,"featured_media":0,"comment_status":"open","ping_status":"open","sticky":false,"template":"","format":"standard","meta":{"_bbp_topic_count":0,"_bbp_reply_count":0,"_bbp_total_topic_count":0,"_bbp_total_reply_count":0,"_bbp_voice_count":0,"_bbp_anonymous_reply_count":0,"_bbp_topic_count_hidden":0,"_bbp_reply_count_hidden":0,"_bbp_forum_subforum_count":0,"_uag_custom_page_level_css":"","footnotes":""},"categories":[16],"tags":[],"class_list":["post-457","post","type-post","status-publish","format-standard","hentry","category-enebio"],"uagb_featured_image_src":{"full":false,"thumbnail":false,"medium":false,"medium_large":false,"large":false,"1536x1536":false,"2048x2048":false,"post-thumbnail":false},"uagb_author_info":{"display_name":"Patricia Pinheiro","author_link":"https:\/\/blog.ufes.br\/cabio\/author\/patricia-s-pinheiro\/"},"uagb_comment_info":7,"uagb_excerpt":"A Entidade Nacional dos Estudantes de Biologia, reorganizada em 2007, \u00e9 composta por diversas escolas do Brasil e vem durante estes anos construindo e reorganizando o Movimento Estudantil da Biologia, colocando em debate os principais problemas que encontramos nesta sociedade, no meio ambiente e tamb\u00e9m em nossa forma\u00e7\u00e3o e educa\u00e7\u00e3o. Atrav\u00e9s de Encontros (nacionais e&hellip;","_links":{"self":[{"href":"https:\/\/blog.ufes.br\/cabio\/wp-json\/wp\/v2\/posts\/457","targetHints":{"allow":["GET"]}}],"collection":[{"href":"https:\/\/blog.ufes.br\/cabio\/wp-json\/wp\/v2\/posts"}],"about":[{"href":"https:\/\/blog.ufes.br\/cabio\/wp-json\/wp\/v2\/types\/post"}],"author":[{"embeddable":true,"href":"https:\/\/blog.ufes.br\/cabio\/wp-json\/wp\/v2\/users\/203"}],"replies":[{"embeddable":true,"href":"https:\/\/blog.ufes.br\/cabio\/wp-json\/wp\/v2\/comments?post=457"}],"version-history":[{"count":8,"href":"https:\/\/blog.ufes.br\/cabio\/wp-json\/wp\/v2\/posts\/457\/revisions"}],"predecessor-version":[{"id":473,"href":"https:\/\/blog.ufes.br\/cabio\/wp-json\/wp\/v2\/posts\/457\/revisions\/473"}],"wp:attachment":[{"href":"https:\/\/blog.ufes.br\/cabio\/wp-json\/wp\/v2\/media?parent=457"}],"wp:term":[{"taxonomy":"category","embeddable":true,"href":"https:\/\/blog.ufes.br\/cabio\/wp-json\/wp\/v2\/categories?post=457"},{"taxonomy":"post_tag","embeddable":true,"href":"https:\/\/blog.ufes.br\/cabio\/wp-json\/wp\/v2\/tags?post=457"}],"curies":[{"name":"wp","href":"https:\/\/api.w.org\/{rel}","templated":true}]}}