{"id":460,"date":"2015-12-03T17:10:14","date_gmt":"2015-12-03T19:10:14","guid":{"rendered":"http:\/\/blog.ufes.br\/cabio\/?p=460"},"modified":"2016-04-29T09:50:46","modified_gmt":"2016-04-29T11:50:46","slug":"xxix-conebio-ufes-2015","status":"publish","type":"post","link":"https:\/\/blog.ufes.br\/cabio\/2015\/12\/03\/xxix-conebio-ufes-2015\/","title":{"rendered":"XXIX CONEBio &#8211; UFES 2015"},"content":{"rendered":"<p>Fala, pessoal!<\/p>\n<p>No \u00faltimo ENEB, que foi aqui em Vix, a UFES pegou para sediar o Conselho Nacional dos Estudantes\u00a0de Biologia (CONEBio) 2015.<\/p>\n<p>O CONEBio acontece de 19 a 22 de novembro, na UFES e o aloja \u00e9\u00a0na sede do DCE, que fica em cima do RU. \u00a0Ao fim do post segue o mapa da universidade.<\/p>\n<p>A princ\u00edpio n\u00e3o h\u00e1 limite de delegadas\/os por escola, nem limite de institui\u00e7\u00f5es; pede-se, por favor, que se poss\u00edvel fa\u00e7am inscri\u00e7\u00e3o com anteced\u00eancia, mas n\u00e3o sendo poss\u00edvel, sinalizem a vinda encaminhando email para cabioufes@gmail.com para que n\u00e3o sejamos pegos de cal\u00e7a curta.<\/p>\n<p><a href=\"http:\/\/blog.ufes.br\/cabio\/files\/2015\/12\/12249676_10206319955170354_7376073116249101533_n.jpg\"><img loading=\"lazy\" decoding=\"async\" class=\"alignnone size-full wp-image-469\" src=\"http:\/\/blog.ufes.br\/cabio\/files\/2015\/12\/12249676_10206319955170354_7376073116249101533_n.jpg\" alt=\"12249676_10206319955170354_7376073116249101533_n\" width=\"919\" height=\"609\" srcset=\"https:\/\/blog.ufes.br\/cabio\/files\/2015\/12\/12249676_10206319955170354_7376073116249101533_n.jpg 919w, https:\/\/blog.ufes.br\/cabio\/files\/2015\/12\/12249676_10206319955170354_7376073116249101533_n-300x199.jpg 300w\" sizes=\"auto, (max-width: 919px) 100vw, 919px\" \/><\/a><\/p>\n<p><a href=\"http:\/\/form.jotformz.com\/form\/52778673137669\" target=\"_blank\">CLIQUE AQUI para efetuar sua inscri\u00e7\u00e3o<\/a><\/p>\n<p>P.S.\u00a0Tragam:<\/p>\n<ul>\n<li>Repelente, agora que est\u00e1 esquentando a quantidade de mosquitos\u00a0\u00e9 muito maior. Quem esteve aqui no ENEB j\u00e1 sofreu, agora estar\u00e1 muito pior, infelizmente.<\/li>\n<\/ul>\n<ul>\n<li>Kit milit\u00e2ncia: talheres, prato, copo\/caneca, material de higiene pessoal.<\/li>\n<\/ul>\n<ul>\n<li>Colch\u00e3o\/colchonete e coisas relacionadas, se p\u00e1, ventilador porque as vezes o ar n\u00e3o d\u00e1 conta.<\/li>\n<\/ul>\n<p>Tragam tamb\u00e9m instrumentos musicais, \u00e9 sempre bom!<\/p>\n<p>COMO CHEGAR:<\/p>\n<p>No link abaixo tem todas as informa\u00e7\u00f5es de \u00f4nibus para chegar aqui:\u00a0http:\/\/enebvix2015.wix.com\/enebvix#!como-chegar\/c1z1c<\/p>\n<p>Quem vem de trem \u00e9 s\u00f3 pegar o 504 ou 506 que \u00e9 tranquilidade<\/p>\n<p><a href=\"http:\/\/blog.ufes.br\/cabio\/files\/2015\/10\/Mapa_UFES1.jpg\"><img loading=\"lazy\" decoding=\"async\" class=\"alignnone wp-image-419 size-full\" src=\"http:\/\/blog.ufes.br\/cabio\/files\/2015\/10\/Mapa_UFES1.jpg\" alt=\"\" width=\"1345\" height=\"961\" srcset=\"https:\/\/blog.ufes.br\/cabio\/files\/2015\/10\/Mapa_UFES1.jpg 1345w, https:\/\/blog.ufes.br\/cabio\/files\/2015\/10\/Mapa_UFES1-300x214.jpg 300w, https:\/\/blog.ufes.br\/cabio\/files\/2015\/10\/Mapa_UFES1-1024x732.jpg 1024w\" sizes=\"auto, (max-width: 1345px) 100vw, 1345px\" \/><\/a><\/p>\n<p style=\"text-align: right\">Por Patr\u00edcia Pinheiro<\/p>\n","protected":false},"excerpt":{"rendered":"<p>Fala, pessoal! No \u00faltimo ENEB, que foi aqui em Vix, a UFES pegou para sediar o Conselho Nacional dos Estudantes\u00a0de Biologia (CONEBio) 2015. O CONEBio acontece de 19 a 22 de novembro, na UFES e o aloja \u00e9\u00a0na sede do DCE, que fica em cima do RU. \u00a0Ao fim do post segue o mapa da &hellip; <a href=\"https:\/\/blog.ufes.br\/cabio\/2015\/12\/03\/xxix-conebio-ufes-2015\/\" class=\"more-link\">Continue lendo <span class=\"screen-reader-text\">XXIX CONEBio &#8211; UFES 2015<\/span> <span class=\"meta-nav\">&rarr;<\/span><\/a><\/p>\n","protected":false},"author":203,"featured_media":0,"comment_status":"open","ping_status":"open","sticky":false,"template":"","format":"standard","meta":{"_bbp_topic_count":0,"_bbp_reply_count":0,"_bbp_total_topic_count":0,"_bbp_total_reply_count":0,"_bbp_voice_count":0,"_bbp_anonymous_reply_count":0,"_bbp_topic_count_hidden":0,"_bbp_reply_count_hidden":0,"_bbp_forum_subforum_count":0,"_uag_custom_page_level_css":"","footnotes":""},"categories":[4],"tags":[],"class_list":["post-460","post","type-post","status-publish","format-standard","hentry","category-eventos"],"uagb_featured_image_src":{"full":false,"thumbnail":false,"medium":false,"medium_large":false,"large":false,"1536x1536":false,"2048x2048":false,"post-thumbnail":false},"uagb_author_info":{"display_name":"Patricia Pinheiro","author_link":"https:\/\/blog.ufes.br\/cabio\/author\/patricia-s-pinheiro\/"},"uagb_comment_info":2,"uagb_excerpt":"Fala, pessoal! No \u00faltimo ENEB, que foi aqui em Vix, a UFES pegou para sediar o Conselho Nacional dos Estudantes\u00a0de Biologia (CONEBio) 2015. O CONEBio acontece de 19 a 22 de novembro, na UFES e o aloja \u00e9\u00a0na sede do DCE, que fica em cima do RU. \u00a0Ao fim do post segue o mapa da&hellip;","_links":{"self":[{"href":"https:\/\/blog.ufes.br\/cabio\/wp-json\/wp\/v2\/posts\/460","targetHints":{"allow":["GET"]}}],"collection":[{"href":"https:\/\/blog.ufes.br\/cabio\/wp-json\/wp\/v2\/posts"}],"about":[{"href":"https:\/\/blog.ufes.br\/cabio\/wp-json\/wp\/v2\/types\/post"}],"author":[{"embeddable":true,"href":"https:\/\/blog.ufes.br\/cabio\/wp-json\/wp\/v2\/users\/203"}],"replies":[{"embeddable":true,"href":"https:\/\/blog.ufes.br\/cabio\/wp-json\/wp\/v2\/comments?post=460"}],"version-history":[{"count":4,"href":"https:\/\/blog.ufes.br\/cabio\/wp-json\/wp\/v2\/posts\/460\/revisions"}],"predecessor-version":[{"id":472,"href":"https:\/\/blog.ufes.br\/cabio\/wp-json\/wp\/v2\/posts\/460\/revisions\/472"}],"wp:attachment":[{"href":"https:\/\/blog.ufes.br\/cabio\/wp-json\/wp\/v2\/media?parent=460"}],"wp:term":[{"taxonomy":"category","embeddable":true,"href":"https:\/\/blog.ufes.br\/cabio\/wp-json\/wp\/v2\/categories?post=460"},{"taxonomy":"post_tag","embeddable":true,"href":"https:\/\/blog.ufes.br\/cabio\/wp-json\/wp\/v2\/tags?post=460"}],"curies":[{"name":"wp","href":"https:\/\/api.w.org\/{rel}","templated":true}]}}