{"id":522,"date":"2016-05-22T09:01:04","date_gmt":"2016-05-22T11:01:04","guid":{"rendered":"http:\/\/blog.ufes.br\/cabio\/?p=522"},"modified":"2016-06-05T18:45:54","modified_gmt":"2016-06-05T20:45:54","slug":"viii-sebivix","status":"publish","type":"post","link":"https:\/\/blog.ufes.br\/cabio\/2016\/05\/22\/viii-sebivix\/","title":{"rendered":"VIII SeBiVix"},"content":{"rendered":"<p><strong>Al\u00f4, al\u00f4. Gra\u00e7as a Deus!<\/strong><\/p>\n<p>A oitava edi\u00e7\u00e3o da Semana de Biologia da UFES &#8211; Vit\u00f3ria est\u00e1 chegando e logo logo as inscri\u00e7\u00f5es estar\u00e3o abertas. Enquanto isso vamos disponibilizar algumas informa\u00e7\u00f5es para que os interessados possam se localizar e deixar um aviso em seus calend\u00e1rios.<\/p>\n<p>Nossa semana ser\u00e1\u00a0de 29\/Agosto a 02\/Setembro. Ser\u00e3o ofertados\u00a08\u00a0minicursos com temas a serem definidos. Mas os inscritos s\u00f3 poder\u00e3o optar por uma op\u00e7\u00e3o (minicurso) devido o conflito de hor\u00e1rio (pois todos ser\u00e3o ofertados no mesmo hor\u00e1rio).\u00a0Os valores de inscri\u00e7\u00e3o est\u00e3o descritos na tabela abaixo:<\/p>\n<p><img loading=\"lazy\" decoding=\"async\" class=\"aligncenter wp-image-539\" src=\"http:\/\/blog.ufes.br\/cabio\/files\/2016\/05\/SeBiVix-tabela-300x93.jpg\" alt=\"SeBiVix tabela\" width=\"496\" height=\"154\" srcset=\"https:\/\/blog.ufes.br\/cabio\/files\/2016\/05\/SeBiVix-tabela-300x93.jpg 300w, https:\/\/blog.ufes.br\/cabio\/files\/2016\/05\/SeBiVix-tabela.jpg 674w\" sizes=\"auto, (max-width: 496px) 100vw, 496px\" \/><\/p>\n<p>Para os que tiverem interesse em apresentar algum banner, estaremos disponibilizando o espa\u00e7o. Infelizmente n\u00e3o haver\u00e1 publica\u00e7\u00e3o em revista ou jornal.<\/p>\n<p>Ent\u00e3o comecem a juntar o\u00a0troco do lanche.\u00a0No \u00faltimo dia do evento teremos uma festa de encerramento reservada para os inscritos.\u00a0Avisem suas amigas e se mantenham conectados para n\u00e3o perderem as atualiza\u00e7\u00f5es do evento.<\/p>\n<p>Em caso de d\u00favida mande um e-mail para sebivix@gmail.com<\/p>\n","protected":false},"excerpt":{"rendered":"<p>Al\u00f4, al\u00f4. Gra\u00e7as a Deus! A oitava edi\u00e7\u00e3o da Semana de Biologia da UFES &#8211; Vit\u00f3ria est\u00e1 chegando e logo logo as inscri\u00e7\u00f5es estar\u00e3o abertas. Enquanto isso vamos disponibilizar algumas informa\u00e7\u00f5es para que os interessados possam se localizar e deixar um aviso em seus calend\u00e1rios. Nossa semana ser\u00e1\u00a0de 29\/Agosto a 02\/Setembro. Ser\u00e3o ofertados\u00a08\u00a0minicursos com temas &hellip; <a href=\"https:\/\/blog.ufes.br\/cabio\/2016\/05\/22\/viii-sebivix\/\" class=\"more-link\">Continue lendo <span class=\"screen-reader-text\">VIII SeBiVix<\/span> <span class=\"meta-nav\">&rarr;<\/span><\/a><\/p>\n","protected":false},"author":231,"featured_media":0,"comment_status":"open","ping_status":"open","sticky":false,"template":"","format":"standard","meta":{"_bbp_topic_count":0,"_bbp_reply_count":0,"_bbp_total_topic_count":0,"_bbp_total_reply_count":0,"_bbp_voice_count":0,"_bbp_anonymous_reply_count":0,"_bbp_topic_count_hidden":0,"_bbp_reply_count_hidden":0,"_bbp_forum_subforum_count":0,"_uag_custom_page_level_css":"","footnotes":""},"categories":[10],"tags":[],"class_list":["post-522","post","type-post","status-publish","format-standard","hentry","category-sebivix"],"uagb_featured_image_src":{"full":false,"thumbnail":false,"medium":false,"medium_large":false,"large":false,"1536x1536":false,"2048x2048":false,"post-thumbnail":false},"uagb_author_info":{"display_name":"thais.b.oliveira","author_link":"https:\/\/blog.ufes.br\/cabio\/author\/thais-b-oliveira\/"},"uagb_comment_info":6,"uagb_excerpt":"Al\u00f4, al\u00f4. Gra\u00e7as a Deus! A oitava edi\u00e7\u00e3o da Semana de Biologia da UFES &#8211; Vit\u00f3ria est\u00e1 chegando e logo logo as inscri\u00e7\u00f5es estar\u00e3o abertas. Enquanto isso vamos disponibilizar algumas informa\u00e7\u00f5es para que os interessados possam se localizar e deixar um aviso em seus calend\u00e1rios. Nossa semana ser\u00e1\u00a0de 29\/Agosto a 02\/Setembro. Ser\u00e3o ofertados\u00a08\u00a0minicursos com temas&hellip;","_links":{"self":[{"href":"https:\/\/blog.ufes.br\/cabio\/wp-json\/wp\/v2\/posts\/522","targetHints":{"allow":["GET"]}}],"collection":[{"href":"https:\/\/blog.ufes.br\/cabio\/wp-json\/wp\/v2\/posts"}],"about":[{"href":"https:\/\/blog.ufes.br\/cabio\/wp-json\/wp\/v2\/types\/post"}],"author":[{"embeddable":true,"href":"https:\/\/blog.ufes.br\/cabio\/wp-json\/wp\/v2\/users\/231"}],"replies":[{"embeddable":true,"href":"https:\/\/blog.ufes.br\/cabio\/wp-json\/wp\/v2\/comments?post=522"}],"version-history":[{"count":17,"href":"https:\/\/blog.ufes.br\/cabio\/wp-json\/wp\/v2\/posts\/522\/revisions"}],"predecessor-version":[{"id":552,"href":"https:\/\/blog.ufes.br\/cabio\/wp-json\/wp\/v2\/posts\/522\/revisions\/552"}],"wp:attachment":[{"href":"https:\/\/blog.ufes.br\/cabio\/wp-json\/wp\/v2\/media?parent=522"}],"wp:term":[{"taxonomy":"category","embeddable":true,"href":"https:\/\/blog.ufes.br\/cabio\/wp-json\/wp\/v2\/categories?post=522"},{"taxonomy":"post_tag","embeddable":true,"href":"https:\/\/blog.ufes.br\/cabio\/wp-json\/wp\/v2\/tags?post=522"}],"curies":[{"name":"wp","href":"https:\/\/api.w.org\/{rel}","templated":true}]}}