{"id":1214,"date":"2019-10-31T13:11:13","date_gmt":"2019-10-31T16:11:13","guid":{"rendered":"http:\/\/blog.ufes.br\/demografia\/?p=1214"},"modified":"2019-10-31T13:11:13","modified_gmt":"2019-10-31T16:11:13","slug":"os-homens-estao-prontos-para-tomar-pilula-anticoncepcional","status":"publish","type":"post","link":"https:\/\/blog.ufes.br\/demografia\/2019\/10\/31\/os-homens-estao-prontos-para-tomar-pilula-anticoncepcional\/","title":{"rendered":"Os homens est\u00e3o prontos para tomar p\u00edlula anticoncepcional?"},"content":{"rendered":"\n<p><strong><a href=\"https:\/\/www.bbc.com\/portuguese\/geral-50139131\">Os cientistas est\u00e3o desenvolvendo h\u00e1 quase meio s\u00e9culo uma p\u00edlula anticoncepcional masculina.<\/a><\/strong><\/p>\n","protected":false},"excerpt":{"rendered":"<p>Os cientistas est\u00e3o desenvolvendo h\u00e1 quase meio s\u00e9culo uma p\u00edlula anticoncepcional masculina.<\/p>\n","protected":false},"author":347,"featured_media":0,"comment_status":"open","ping_status":"open","sticky":false,"template":"","format":"standard","meta":{"_bbp_topic_count":0,"_bbp_reply_count":0,"_bbp_total_topic_count":0,"_bbp_total_reply_count":0,"_bbp_voice_count":0,"_bbp_anonymous_reply_count":0,"_bbp_topic_count_hidden":0,"_bbp_reply_count_hidden":0,"_bbp_forum_subforum_count":0,"_uag_custom_page_level_css":"","footnotes":""},"categories":[1],"tags":[],"class_list":["post-1214","post","type-post","status-publish","format-standard","hentry","category-sem-categoria"],"uagb_featured_image_src":{"full":false,"thumbnail":false,"medium":false,"medium_large":false,"large":false,"1536x1536":false,"2048x2048":false,"post-thumbnail":false},"uagb_author_info":{"display_name":"marcone.freitas","author_link":"https:\/\/blog.ufes.br\/demografia\/author\/marcone-freitas\/"},"uagb_comment_info":16,"uagb_excerpt":"Os cientistas est\u00e3o desenvolvendo h\u00e1 quase meio s\u00e9culo uma p\u00edlula anticoncepcional masculina.","_links":{"self":[{"href":"https:\/\/blog.ufes.br\/demografia\/wp-json\/wp\/v2\/posts\/1214","targetHints":{"allow":["GET"]}}],"collection":[{"href":"https:\/\/blog.ufes.br\/demografia\/wp-json\/wp\/v2\/posts"}],"about":[{"href":"https:\/\/blog.ufes.br\/demografia\/wp-json\/wp\/v2\/types\/post"}],"author":[{"embeddable":true,"href":"https:\/\/blog.ufes.br\/demografia\/wp-json\/wp\/v2\/users\/347"}],"replies":[{"embeddable":true,"href":"https:\/\/blog.ufes.br\/demografia\/wp-json\/wp\/v2\/comments?post=1214"}],"version-history":[{"count":1,"href":"https:\/\/blog.ufes.br\/demografia\/wp-json\/wp\/v2\/posts\/1214\/revisions"}],"predecessor-version":[{"id":1215,"href":"https:\/\/blog.ufes.br\/demografia\/wp-json\/wp\/v2\/posts\/1214\/revisions\/1215"}],"wp:attachment":[{"href":"https:\/\/blog.ufes.br\/demografia\/wp-json\/wp\/v2\/media?parent=1214"}],"wp:term":[{"taxonomy":"category","embeddable":true,"href":"https:\/\/blog.ufes.br\/demografia\/wp-json\/wp\/v2\/categories?post=1214"},{"taxonomy":"post_tag","embeddable":true,"href":"https:\/\/blog.ufes.br\/demografia\/wp-json\/wp\/v2\/tags?post=1214"}],"curies":[{"name":"wp","href":"https:\/\/api.w.org\/{rel}","templated":true}]}}