{"id":1295,"date":"2020-06-20T08:22:45","date_gmt":"2020-06-20T11:22:45","guid":{"rendered":"http:\/\/blog.ufes.br\/demografia\/?p=1295"},"modified":"2020-06-20T08:22:45","modified_gmt":"2020-06-20T11:22:45","slug":"numero-de-pessoas-forcadas-a-sair-de-casa-no-mundo-quase-dobra-em-uma-decada","status":"publish","type":"post","link":"https:\/\/blog.ufes.br\/demografia\/2020\/06\/20\/numero-de-pessoas-forcadas-a-sair-de-casa-no-mundo-quase-dobra-em-uma-decada\/","title":{"rendered":"N\u00famero de pessoas for\u00e7adas a sair de casa no mundo quase dobra em uma d\u00e9cada"},"content":{"rendered":"\n<p><a href=\"https:\/\/www1.folha.uol.com.br\/mundo\/2020\/06\/numero-de-pessoas-forcadas-a-sair-de-casa-no-mundo-quase-dobra-em-1-decada.shtml\" target=\"_blank\" rel=\"noreferrer noopener\">Deslocados \u00e0 for\u00e7a s\u00e3o 79,5 milh\u00f5es; ao mesmo tempo, menos gente consegue retornar, e ex\u00edlio se prolonga<\/a><\/p>\n","protected":false},"excerpt":{"rendered":"<p>Deslocados \u00e0 for\u00e7a s\u00e3o 79,5 milh\u00f5es; ao mesmo tempo, menos gente consegue retornar, e ex\u00edlio se prolonga<\/p>\n","protected":false},"author":385,"featured_media":0,"comment_status":"open","ping_status":"open","sticky":false,"template":"","format":"standard","meta":{"_bbp_topic_count":0,"_bbp_reply_count":0,"_bbp_total_topic_count":0,"_bbp_total_reply_count":0,"_bbp_voice_count":0,"_bbp_anonymous_reply_count":0,"_bbp_topic_count_hidden":0,"_bbp_reply_count_hidden":0,"_bbp_forum_subforum_count":0,"_uag_custom_page_level_css":"","footnotes":""},"categories":[1],"tags":[],"class_list":["post-1295","post","type-post","status-publish","format-standard","hentry","category-sem-categoria"],"uagb_featured_image_src":{"full":false,"thumbnail":false,"medium":false,"medium_large":false,"large":false,"1536x1536":false,"2048x2048":false,"post-thumbnail":false},"uagb_author_info":{"display_name":"amanda.braga","author_link":"https:\/\/blog.ufes.br\/demografia\/author\/amanda-braga\/"},"uagb_comment_info":18,"uagb_excerpt":"Deslocados \u00e0 for\u00e7a s\u00e3o 79,5 milh\u00f5es; ao mesmo tempo, menos gente consegue retornar, e ex\u00edlio se prolonga","_links":{"self":[{"href":"https:\/\/blog.ufes.br\/demografia\/wp-json\/wp\/v2\/posts\/1295","targetHints":{"allow":["GET"]}}],"collection":[{"href":"https:\/\/blog.ufes.br\/demografia\/wp-json\/wp\/v2\/posts"}],"about":[{"href":"https:\/\/blog.ufes.br\/demografia\/wp-json\/wp\/v2\/types\/post"}],"author":[{"embeddable":true,"href":"https:\/\/blog.ufes.br\/demografia\/wp-json\/wp\/v2\/users\/385"}],"replies":[{"embeddable":true,"href":"https:\/\/blog.ufes.br\/demografia\/wp-json\/wp\/v2\/comments?post=1295"}],"version-history":[{"count":2,"href":"https:\/\/blog.ufes.br\/demografia\/wp-json\/wp\/v2\/posts\/1295\/revisions"}],"predecessor-version":[{"id":1297,"href":"https:\/\/blog.ufes.br\/demografia\/wp-json\/wp\/v2\/posts\/1295\/revisions\/1297"}],"wp:attachment":[{"href":"https:\/\/blog.ufes.br\/demografia\/wp-json\/wp\/v2\/media?parent=1295"}],"wp:term":[{"taxonomy":"category","embeddable":true,"href":"https:\/\/blog.ufes.br\/demografia\/wp-json\/wp\/v2\/categories?post=1295"},{"taxonomy":"post_tag","embeddable":true,"href":"https:\/\/blog.ufes.br\/demografia\/wp-json\/wp\/v2\/tags?post=1295"}],"curies":[{"name":"wp","href":"https:\/\/api.w.org\/{rel}","templated":true}]}}