{"id":1304,"date":"2020-07-21T09:02:00","date_gmt":"2020-07-21T12:02:00","guid":{"rendered":"http:\/\/blog.ufes.br\/demografia\/?p=1304"},"modified":"2020-07-20T10:16:06","modified_gmt":"2020-07-20T13:16:06","slug":"a-cidades-do-pos-pandemia","status":"publish","type":"post","link":"https:\/\/blog.ufes.br\/demografia\/2020\/07\/21\/a-cidades-do-pos-pandemia\/","title":{"rendered":"A cidades do p\u00f3s-pandemia"},"content":{"rendered":"\n<p><a href=\"https:\/\/www1.folha.uol.com.br\/colunas\/ilona-szabo\/2020\/07\/as-cidades-do-pos-pandemia.shtml\" target=\"_blank\" rel=\"noreferrer noopener\">Aprendizados da crise da Covid-19 ficar\u00e3o claros nas elei\u00e7\u00f5es municipais<\/a><\/p>\n","protected":false},"excerpt":{"rendered":"<p>Aprendizados da crise da Covid-19 ficar\u00e3o claros nas elei\u00e7\u00f5es municipais<\/p>\n","protected":false},"author":385,"featured_media":0,"comment_status":"open","ping_status":"open","sticky":false,"template":"","format":"standard","meta":{"_bbp_topic_count":0,"_bbp_reply_count":0,"_bbp_total_topic_count":0,"_bbp_total_reply_count":0,"_bbp_voice_count":0,"_bbp_anonymous_reply_count":0,"_bbp_topic_count_hidden":0,"_bbp_reply_count_hidden":0,"_bbp_forum_subforum_count":0,"_uag_custom_page_level_css":"","footnotes":""},"categories":[1],"tags":[],"class_list":["post-1304","post","type-post","status-publish","format-standard","hentry","category-sem-categoria"],"uagb_featured_image_src":{"full":false,"thumbnail":false,"medium":false,"medium_large":false,"large":false,"1536x1536":false,"2048x2048":false,"post-thumbnail":false},"uagb_author_info":{"display_name":"amanda.braga","author_link":"https:\/\/blog.ufes.br\/demografia\/author\/amanda-braga\/"},"uagb_comment_info":24,"uagb_excerpt":"Aprendizados da crise da Covid-19 ficar\u00e3o claros nas elei\u00e7\u00f5es municipais","_links":{"self":[{"href":"https:\/\/blog.ufes.br\/demografia\/wp-json\/wp\/v2\/posts\/1304","targetHints":{"allow":["GET"]}}],"collection":[{"href":"https:\/\/blog.ufes.br\/demografia\/wp-json\/wp\/v2\/posts"}],"about":[{"href":"https:\/\/blog.ufes.br\/demografia\/wp-json\/wp\/v2\/types\/post"}],"author":[{"embeddable":true,"href":"https:\/\/blog.ufes.br\/demografia\/wp-json\/wp\/v2\/users\/385"}],"replies":[{"embeddable":true,"href":"https:\/\/blog.ufes.br\/demografia\/wp-json\/wp\/v2\/comments?post=1304"}],"version-history":[{"count":3,"href":"https:\/\/blog.ufes.br\/demografia\/wp-json\/wp\/v2\/posts\/1304\/revisions"}],"predecessor-version":[{"id":1307,"href":"https:\/\/blog.ufes.br\/demografia\/wp-json\/wp\/v2\/posts\/1304\/revisions\/1307"}],"wp:attachment":[{"href":"https:\/\/blog.ufes.br\/demografia\/wp-json\/wp\/v2\/media?parent=1304"}],"wp:term":[{"taxonomy":"category","embeddable":true,"href":"https:\/\/blog.ufes.br\/demografia\/wp-json\/wp\/v2\/categories?post=1304"},{"taxonomy":"post_tag","embeddable":true,"href":"https:\/\/blog.ufes.br\/demografia\/wp-json\/wp\/v2\/tags?post=1304"}],"curies":[{"name":"wp","href":"https:\/\/api.w.org\/{rel}","templated":true}]}}