{"id":1319,"date":"2020-10-09T15:17:33","date_gmt":"2020-10-09T18:17:33","guid":{"rendered":"http:\/\/blog.ufes.br\/demografia\/?p=1319"},"modified":"2020-10-09T15:17:33","modified_gmt":"2020-10-09T18:17:33","slug":"idoso-nao-e-peso-por-que-viver-mais-e-boa-noticia-para-economia","status":"publish","type":"post","link":"https:\/\/blog.ufes.br\/demografia\/2020\/10\/09\/idoso-nao-e-peso-por-que-viver-mais-e-boa-noticia-para-economia\/","title":{"rendered":"Idoso n\u00e3o \u00e9 peso: por que viver mais \u00e9 boa not\u00edcia para economia"},"content":{"rendered":"\n<p><a href=\"https:\/\/www.terra.com.br\/economia\/idoso-nao-e-peso-por-que-viver-mais-e-boa-noticia-para-economia,1c231eee0e83ac66f1736b1ab928f6c8k1woq3c1.html\" target=\"_blank\" rel=\"noreferrer noopener\">Com o aumento da expectativa de vida, os idosos est\u00e3o vivendo mais &#8211; o que pode ser uma grande oportunidade para a chamada &#8216;economia da longevidade&#8217;.<\/a><\/p>\n","protected":false},"excerpt":{"rendered":"<p>Com o aumento da expectativa de vida, os idosos est\u00e3o vivendo mais &#8211; o que pode ser uma grande oportunidade para a chamada &#8216;economia da longevidade&#8217;.<\/p>\n","protected":false},"author":385,"featured_media":0,"comment_status":"open","ping_status":"open","sticky":false,"template":"","format":"standard","meta":{"_bbp_topic_count":0,"_bbp_reply_count":0,"_bbp_total_topic_count":0,"_bbp_total_reply_count":0,"_bbp_voice_count":0,"_bbp_anonymous_reply_count":0,"_bbp_topic_count_hidden":0,"_bbp_reply_count_hidden":0,"_bbp_forum_subforum_count":0,"_uag_custom_page_level_css":"","footnotes":""},"categories":[1],"tags":[],"class_list":["post-1319","post","type-post","status-publish","format-standard","hentry","category-sem-categoria"],"uagb_featured_image_src":{"full":false,"thumbnail":false,"medium":false,"medium_large":false,"large":false,"1536x1536":false,"2048x2048":false,"post-thumbnail":false},"uagb_author_info":{"display_name":"amanda.braga","author_link":"https:\/\/blog.ufes.br\/demografia\/author\/amanda-braga\/"},"uagb_comment_info":20,"uagb_excerpt":"Com o aumento da expectativa de vida, os idosos est\u00e3o vivendo mais &#8211; o que pode ser uma grande oportunidade para a chamada &#8216;economia da longevidade&#8217;.","_links":{"self":[{"href":"https:\/\/blog.ufes.br\/demografia\/wp-json\/wp\/v2\/posts\/1319","targetHints":{"allow":["GET"]}}],"collection":[{"href":"https:\/\/blog.ufes.br\/demografia\/wp-json\/wp\/v2\/posts"}],"about":[{"href":"https:\/\/blog.ufes.br\/demografia\/wp-json\/wp\/v2\/types\/post"}],"author":[{"embeddable":true,"href":"https:\/\/blog.ufes.br\/demografia\/wp-json\/wp\/v2\/users\/385"}],"replies":[{"embeddable":true,"href":"https:\/\/blog.ufes.br\/demografia\/wp-json\/wp\/v2\/comments?post=1319"}],"version-history":[{"count":1,"href":"https:\/\/blog.ufes.br\/demografia\/wp-json\/wp\/v2\/posts\/1319\/revisions"}],"predecessor-version":[{"id":1320,"href":"https:\/\/blog.ufes.br\/demografia\/wp-json\/wp\/v2\/posts\/1319\/revisions\/1320"}],"wp:attachment":[{"href":"https:\/\/blog.ufes.br\/demografia\/wp-json\/wp\/v2\/media?parent=1319"}],"wp:term":[{"taxonomy":"category","embeddable":true,"href":"https:\/\/blog.ufes.br\/demografia\/wp-json\/wp\/v2\/categories?post=1319"},{"taxonomy":"post_tag","embeddable":true,"href":"https:\/\/blog.ufes.br\/demografia\/wp-json\/wp\/v2\/tags?post=1319"}],"curies":[{"name":"wp","href":"https:\/\/api.w.org\/{rel}","templated":true}]}}