{"id":1421,"date":"2021-03-10T17:24:55","date_gmt":"2021-03-10T20:24:55","guid":{"rendered":"http:\/\/blog.ufes.br\/demografia\/?p=1421"},"modified":"2021-03-10T17:24:55","modified_gmt":"2021-03-10T20:24:55","slug":"espirito-santo-fecha-mes-de-fevereiro-com-menor-numero-de-homicidios-dos-ultimos-25-anos","status":"publish","type":"post","link":"https:\/\/blog.ufes.br\/demografia\/2021\/03\/10\/espirito-santo-fecha-mes-de-fevereiro-com-menor-numero-de-homicidios-dos-ultimos-25-anos\/","title":{"rendered":"Esp\u00edrito Santo fecha m\u00eas de fevereiro com menor n\u00famero de homic\u00eddios dos \u00faltimos 25 anos"},"content":{"rendered":"\n<p><a href=\"http:\/\/www.ijsn.es.gov.br\/artigos\/5852-espirito-santo-fecha-mes-de-fevereiro-com-menor-numero-de-homicidios-dos-ultimos-25-anos\">O Esp\u00edrito Santo fechou o m\u00eas de fevereiro de 2021 com o menor n\u00famero de homic\u00eddios desde 1996, in\u00edcio da contagem hist\u00f3rica no Estado. O resultado representa uma redu\u00e7\u00e3o de 24% em rela\u00e7\u00e3o ao mesmo per\u00edodo de 2020 e decr\u00e9scimo de 12 mortes violentas, no comparativo com 2019, que era o menor j\u00e1 registrado anteriormente.<\/a><\/p>\n","protected":false},"excerpt":{"rendered":"<p>O Esp\u00edrito Santo fechou o m\u00eas de fevereiro de 2021 com o menor n\u00famero de homic\u00eddios desde 1996, in\u00edcio da contagem hist\u00f3rica no Estado. O resultado representa uma redu\u00e7\u00e3o de 24% em rela\u00e7\u00e3o ao mesmo per\u00edodo de 2020 e decr\u00e9scimo de 12 mortes violentas, no comparativo com 2019, que era o menor j\u00e1 registrado anteriormente.<\/p>\n","protected":false},"author":419,"featured_media":0,"comment_status":"closed","ping_status":"","sticky":false,"template":"","format":"standard","meta":{"_bbp_topic_count":0,"_bbp_reply_count":0,"_bbp_total_topic_count":0,"_bbp_total_reply_count":0,"_bbp_voice_count":0,"_bbp_anonymous_reply_count":0,"_bbp_topic_count_hidden":0,"_bbp_reply_count_hidden":0,"_bbp_forum_subforum_count":0,"_uag_custom_page_level_css":"","footnotes":""},"categories":[1],"tags":[],"class_list":["post-1421","post","type-post","status-publish","format-standard","hentry","category-sem-categoria"],"uagb_featured_image_src":{"full":false,"thumbnail":false,"medium":false,"medium_large":false,"large":false,"1536x1536":false,"2048x2048":false,"post-thumbnail":false},"uagb_author_info":{"display_name":"jhonatan.ribeiro","author_link":"https:\/\/blog.ufes.br\/demografia\/author\/jhonatan_telles-ribeiro\/"},"uagb_comment_info":0,"uagb_excerpt":"O Esp\u00edrito Santo fechou o m\u00eas de fevereiro de 2021 com o menor n\u00famero de homic\u00eddios desde 1996, in\u00edcio da contagem hist\u00f3rica no Estado. O resultado representa uma redu\u00e7\u00e3o de 24% em rela\u00e7\u00e3o ao mesmo per\u00edodo de 2020 e decr\u00e9scimo de 12 mortes violentas, no comparativo com 2019, que era o menor j\u00e1 registrado anteriormente.","_links":{"self":[{"href":"https:\/\/blog.ufes.br\/demografia\/wp-json\/wp\/v2\/posts\/1421","targetHints":{"allow":["GET"]}}],"collection":[{"href":"https:\/\/blog.ufes.br\/demografia\/wp-json\/wp\/v2\/posts"}],"about":[{"href":"https:\/\/blog.ufes.br\/demografia\/wp-json\/wp\/v2\/types\/post"}],"author":[{"embeddable":true,"href":"https:\/\/blog.ufes.br\/demografia\/wp-json\/wp\/v2\/users\/419"}],"replies":[{"embeddable":true,"href":"https:\/\/blog.ufes.br\/demografia\/wp-json\/wp\/v2\/comments?post=1421"}],"version-history":[{"count":2,"href":"https:\/\/blog.ufes.br\/demografia\/wp-json\/wp\/v2\/posts\/1421\/revisions"}],"predecessor-version":[{"id":1432,"href":"https:\/\/blog.ufes.br\/demografia\/wp-json\/wp\/v2\/posts\/1421\/revisions\/1432"}],"wp:attachment":[{"href":"https:\/\/blog.ufes.br\/demografia\/wp-json\/wp\/v2\/media?parent=1421"}],"wp:term":[{"taxonomy":"category","embeddable":true,"href":"https:\/\/blog.ufes.br\/demografia\/wp-json\/wp\/v2\/categories?post=1421"},{"taxonomy":"post_tag","embeddable":true,"href":"https:\/\/blog.ufes.br\/demografia\/wp-json\/wp\/v2\/tags?post=1421"}],"curies":[{"name":"wp","href":"https:\/\/api.w.org\/{rel}","templated":true}]}}