{"id":1578,"date":"2021-09-28T10:54:13","date_gmt":"2021-09-28T13:54:13","guid":{"rendered":"https:\/\/blog.ufes.br\/demografia\/?p=1578"},"modified":"2021-09-28T10:54:13","modified_gmt":"2021-09-28T13:54:13","slug":"china-quer-limitar-abortos-em-meio-a-tentativas-de-conter-envelhecimento-da-populacao","status":"publish","type":"post","link":"https:\/\/blog.ufes.br\/demografia\/2021\/09\/28\/china-quer-limitar-abortos-em-meio-a-tentativas-de-conter-envelhecimento-da-populacao\/","title":{"rendered":"China quer limitar abortos em meio a tentativas de conter envelhecimento da popula\u00e7\u00e3o"},"content":{"rendered":"\n<p><a href=\"https:\/\/www1.folha.uol.com.br\/mundo\/2021\/09\/china-quer-limitar-abortos-em-meio-a-tentativas-de-conter-envelhecimento-da-populacao.shtml\">Interrup\u00e7\u00e3o da gravidez \u00e9 legalizada e acess\u00edvel no pa\u00eds; governo n\u00e3o deu detalhes sobre limita\u00e7\u00f5es<\/a><\/p>\n","protected":false},"excerpt":{"rendered":"<p>Interrup\u00e7\u00e3o da gravidez \u00e9 legalizada e acess\u00edvel no pa\u00eds; governo n\u00e3o deu detalhes sobre limita\u00e7\u00f5es<\/p>\n","protected":false},"author":419,"featured_media":0,"comment_status":"closed","ping_status":"","sticky":false,"template":"","format":"standard","meta":{"_bbp_topic_count":0,"_bbp_reply_count":0,"_bbp_total_topic_count":0,"_bbp_total_reply_count":0,"_bbp_voice_count":0,"_bbp_anonymous_reply_count":0,"_bbp_topic_count_hidden":0,"_bbp_reply_count_hidden":0,"_bbp_forum_subforum_count":0,"_uag_custom_page_level_css":"","footnotes":""},"categories":[1],"tags":[],"class_list":["post-1578","post","type-post","status-publish","format-standard","hentry","category-sem-categoria"],"uagb_featured_image_src":{"full":false,"thumbnail":false,"medium":false,"medium_large":false,"large":false,"1536x1536":false,"2048x2048":false,"post-thumbnail":false},"uagb_author_info":{"display_name":"jhonatan.ribeiro","author_link":"https:\/\/blog.ufes.br\/demografia\/author\/jhonatan_telles-ribeiro\/"},"uagb_comment_info":0,"uagb_excerpt":"Interrup\u00e7\u00e3o da gravidez \u00e9 legalizada e acess\u00edvel no pa\u00eds; governo n\u00e3o deu detalhes sobre limita\u00e7\u00f5es","_links":{"self":[{"href":"https:\/\/blog.ufes.br\/demografia\/wp-json\/wp\/v2\/posts\/1578","targetHints":{"allow":["GET"]}}],"collection":[{"href":"https:\/\/blog.ufes.br\/demografia\/wp-json\/wp\/v2\/posts"}],"about":[{"href":"https:\/\/blog.ufes.br\/demografia\/wp-json\/wp\/v2\/types\/post"}],"author":[{"embeddable":true,"href":"https:\/\/blog.ufes.br\/demografia\/wp-json\/wp\/v2\/users\/419"}],"replies":[{"embeddable":true,"href":"https:\/\/blog.ufes.br\/demografia\/wp-json\/wp\/v2\/comments?post=1578"}],"version-history":[{"count":1,"href":"https:\/\/blog.ufes.br\/demografia\/wp-json\/wp\/v2\/posts\/1578\/revisions"}],"predecessor-version":[{"id":1579,"href":"https:\/\/blog.ufes.br\/demografia\/wp-json\/wp\/v2\/posts\/1578\/revisions\/1579"}],"wp:attachment":[{"href":"https:\/\/blog.ufes.br\/demografia\/wp-json\/wp\/v2\/media?parent=1578"}],"wp:term":[{"taxonomy":"category","embeddable":true,"href":"https:\/\/blog.ufes.br\/demografia\/wp-json\/wp\/v2\/categories?post=1578"},{"taxonomy":"post_tag","embeddable":true,"href":"https:\/\/blog.ufes.br\/demografia\/wp-json\/wp\/v2\/tags?post=1578"}],"curies":[{"name":"wp","href":"https:\/\/api.w.org\/{rel}","templated":true}]}}