{"id":1706,"date":"2022-07-06T16:32:34","date_gmt":"2022-07-06T19:32:34","guid":{"rendered":"https:\/\/blog.ufes.br\/demografia\/?p=1706"},"modified":"2022-07-06T16:32:36","modified_gmt":"2022-07-06T19:32:36","slug":"o-pais-europeu-que-perdeu-10-da-populacao-em-10-anos","status":"publish","type":"post","link":"https:\/\/blog.ufes.br\/demografia\/2022\/07\/06\/o-pais-europeu-que-perdeu-10-da-populacao-em-10-anos\/","title":{"rendered":"O pa\u00eds europeu que perdeu 10% da popula\u00e7\u00e3o em 10 anos"},"content":{"rendered":"\n<p><a href=\"https:\/\/www.bbc.com\/portuguese\/internacional-61744982#:~:text=A%20Cro%C3%A1cia%20est%C3%A1%20enfrentando%20um,ap%C3%B3s%20o%20colapso%20da%20Iugosl%C3%A1via.\">A Cro\u00e1cia est\u00e1 enfrentando um dos decl\u00ednios populacionais mais r\u00e1pidos do mundo desde que sua popula\u00e7\u00e3o atingiu o pico de 4,78 milh\u00f5es em 1991, ano em que conquistou a independ\u00eancia ap\u00f3s o colapso da Iugosl\u00e1via.<\/a><\/p>\n","protected":false},"excerpt":{"rendered":"<p>A Cro\u00e1cia est\u00e1 enfrentando um dos decl\u00ednios populacionais mais r\u00e1pidos do mundo desde que sua popula\u00e7\u00e3o atingiu o pico de 4,78 milh\u00f5es em 1991, ano em que conquistou a independ\u00eancia ap\u00f3s o colapso da Iugosl\u00e1via.<\/p>\n","protected":false},"author":419,"featured_media":0,"comment_status":"closed","ping_status":"closed","sticky":false,"template":"","format":"standard","meta":{"_bbp_topic_count":0,"_bbp_reply_count":0,"_bbp_total_topic_count":0,"_bbp_total_reply_count":0,"_bbp_voice_count":0,"_bbp_anonymous_reply_count":0,"_bbp_topic_count_hidden":0,"_bbp_reply_count_hidden":0,"_bbp_forum_subforum_count":0,"_uag_custom_page_level_css":"","footnotes":""},"categories":[1],"tags":[],"class_list":["post-1706","post","type-post","status-publish","format-standard","hentry","category-sem-categoria"],"uagb_featured_image_src":{"full":false,"thumbnail":false,"medium":false,"medium_large":false,"large":false,"1536x1536":false,"2048x2048":false,"post-thumbnail":false},"uagb_author_info":{"display_name":"jhonatan.ribeiro","author_link":"https:\/\/blog.ufes.br\/demografia\/author\/jhonatan_telles-ribeiro\/"},"uagb_comment_info":0,"uagb_excerpt":"A Cro\u00e1cia est\u00e1 enfrentando um dos decl\u00ednios populacionais mais r\u00e1pidos do mundo desde que sua popula\u00e7\u00e3o atingiu o pico de 4,78 milh\u00f5es em 1991, ano em que conquistou a independ\u00eancia ap\u00f3s o colapso da Iugosl\u00e1via.","_links":{"self":[{"href":"https:\/\/blog.ufes.br\/demografia\/wp-json\/wp\/v2\/posts\/1706","targetHints":{"allow":["GET"]}}],"collection":[{"href":"https:\/\/blog.ufes.br\/demografia\/wp-json\/wp\/v2\/posts"}],"about":[{"href":"https:\/\/blog.ufes.br\/demografia\/wp-json\/wp\/v2\/types\/post"}],"author":[{"embeddable":true,"href":"https:\/\/blog.ufes.br\/demografia\/wp-json\/wp\/v2\/users\/419"}],"replies":[{"embeddable":true,"href":"https:\/\/blog.ufes.br\/demografia\/wp-json\/wp\/v2\/comments?post=1706"}],"version-history":[{"count":1,"href":"https:\/\/blog.ufes.br\/demografia\/wp-json\/wp\/v2\/posts\/1706\/revisions"}],"predecessor-version":[{"id":1707,"href":"https:\/\/blog.ufes.br\/demografia\/wp-json\/wp\/v2\/posts\/1706\/revisions\/1707"}],"wp:attachment":[{"href":"https:\/\/blog.ufes.br\/demografia\/wp-json\/wp\/v2\/media?parent=1706"}],"wp:term":[{"taxonomy":"category","embeddable":true,"href":"https:\/\/blog.ufes.br\/demografia\/wp-json\/wp\/v2\/categories?post=1706"},{"taxonomy":"post_tag","embeddable":true,"href":"https:\/\/blog.ufes.br\/demografia\/wp-json\/wp\/v2\/tags?post=1706"}],"curies":[{"name":"wp","href":"https:\/\/api.w.org\/{rel}","templated":true}]}}