{"id":398,"date":"2017-12-27T15:02:01","date_gmt":"2017-12-27T17:02:01","guid":{"rendered":"http:\/\/blog.ufes.br\/demografia\/?p=398"},"modified":"2018-08-22T14:49:28","modified_gmt":"2018-08-22T17:49:28","slug":"estudo-mostra-aumento-de-migracoes-por-causa-das-mudancas-climaticas","status":"publish","type":"post","link":"https:\/\/blog.ufes.br\/demografia\/2017\/12\/27\/estudo-mostra-aumento-de-migracoes-por-causa-das-mudancas-climaticas\/","title":{"rendered":"Estudo mostra aumento de migra\u00e7\u00f5es por causa das mudan\u00e7as clim\u00e1ticas"},"content":{"rendered":"<p><a href=\"http:\/\/g1.globo.com\/natureza\/blog\/nova-etica-social\/post\/estudo-mostra-aumento-de-migracoes-por-causa-das-mudancas-climaticas.html\" target=\"_blank\" rel=\"noopener\">Novo estudo divulgado nesta sexta-feira (22) no site da revista &#8220;Science&#8221; mostra um dos muitos efeitos devastadores que as mudan\u00e7as clim\u00e1ticas j\u00e1 causam e v\u00e3o continuar trazendo para os humanos.At\u00e9 o final do s\u00e9culo, o n\u00famero de migrantes, pessoas que v\u00e3o fugir de seus territ\u00f3rios e tentar entrar na Uni\u00e3o Europeia, vai triplicar.<\/a><\/p>\n","protected":false},"excerpt":{"rendered":"<p>Novo estudo divulgado nesta sexta-feira (22) no site da revista &#8220;Science&#8221; mostra um dos muitos efeitos devastadores que as mudan\u00e7as clim\u00e1ticas j\u00e1 causam e v\u00e3o continuar trazendo para os humanos.At\u00e9 o final do s\u00e9culo, o n\u00famero de migrantes, pessoas que v\u00e3o fugir de seus territ\u00f3rios e tentar entrar na Uni\u00e3o Europeia, vai triplicar.<\/p>\n","protected":false},"author":314,"featured_media":0,"comment_status":"open","ping_status":"open","sticky":false,"template":"","format":"standard","meta":{"_bbp_topic_count":0,"_bbp_reply_count":0,"_bbp_total_topic_count":0,"_bbp_total_reply_count":0,"_bbp_voice_count":0,"_bbp_anonymous_reply_count":0,"_bbp_topic_count_hidden":0,"_bbp_reply_count_hidden":0,"_bbp_forum_subforum_count":0,"_uag_custom_page_level_css":"","footnotes":""},"categories":[6],"tags":[],"class_list":["post-398","post","type-post","status-publish","format-standard","hentry","category-migracao-2"],"uagb_featured_image_src":{"full":false,"thumbnail":false,"medium":false,"medium_large":false,"large":false,"1536x1536":false,"2048x2048":false,"post-thumbnail":false},"uagb_author_info":{"display_name":"ednelson.dota","author_link":"https:\/\/blog.ufes.br\/demografia\/author\/ednelson_mariano-dota\/"},"uagb_comment_info":17,"uagb_excerpt":"Novo estudo divulgado nesta sexta-feira (22) no site da revista &#8220;Science&#8221; mostra um dos muitos efeitos devastadores que as mudan\u00e7as clim\u00e1ticas j\u00e1 causam e v\u00e3o continuar trazendo para os humanos.At\u00e9 o final do s\u00e9culo, o n\u00famero de migrantes, pessoas que v\u00e3o fugir de seus territ\u00f3rios e tentar entrar na Uni\u00e3o Europeia, vai triplicar.","_links":{"self":[{"href":"https:\/\/blog.ufes.br\/demografia\/wp-json\/wp\/v2\/posts\/398","targetHints":{"allow":["GET"]}}],"collection":[{"href":"https:\/\/blog.ufes.br\/demografia\/wp-json\/wp\/v2\/posts"}],"about":[{"href":"https:\/\/blog.ufes.br\/demografia\/wp-json\/wp\/v2\/types\/post"}],"author":[{"embeddable":true,"href":"https:\/\/blog.ufes.br\/demografia\/wp-json\/wp\/v2\/users\/314"}],"replies":[{"embeddable":true,"href":"https:\/\/blog.ufes.br\/demografia\/wp-json\/wp\/v2\/comments?post=398"}],"version-history":[{"count":1,"href":"https:\/\/blog.ufes.br\/demografia\/wp-json\/wp\/v2\/posts\/398\/revisions"}],"predecessor-version":[{"id":399,"href":"https:\/\/blog.ufes.br\/demografia\/wp-json\/wp\/v2\/posts\/398\/revisions\/399"}],"wp:attachment":[{"href":"https:\/\/blog.ufes.br\/demografia\/wp-json\/wp\/v2\/media?parent=398"}],"wp:term":[{"taxonomy":"category","embeddable":true,"href":"https:\/\/blog.ufes.br\/demografia\/wp-json\/wp\/v2\/categories?post=398"},{"taxonomy":"post_tag","embeddable":true,"href":"https:\/\/blog.ufes.br\/demografia\/wp-json\/wp\/v2\/tags?post=398"}],"curies":[{"name":"wp","href":"https:\/\/api.w.org\/{rel}","templated":true}]}}