{"id":76,"date":"2011-06-18T13:26:45","date_gmt":"2011-06-18T13:26:45","guid":{"rendered":"http:\/\/blog.ufes.br\/direitodefamilia\/?p=76"},"modified":"2011-06-18T13:27:51","modified_gmt":"2011-06-18T13:27:51","slug":"respostas-da-prova","status":"publish","type":"post","link":"https:\/\/blog.ufes.br\/direitodefamilia\/2011\/06\/18\/respostas-da-prova\/","title":{"rendered":"Respostas da Prova &#8211; 1"},"content":{"rendered":"<p><strong>Terceira<\/strong> Quest\u00e3o: Tendo sido prolatada senten\u00e7a em 10\/2003 condenando Jo\u00e3o a pagar (&#8230;)<\/p>\n<p><strong>Resposta<\/strong>: Jo\u00e3o (o devedor) entende que nada deve porque imagina ter ocorrido a prescri\u00e7\u00e3o de 2 anos prevista no art. 206, \u00a72\u00ba, do CCB.<\/p>\n<p>Sucede que a prescri\u00e7\u00e3o n\u00e3o corre contra os incapazes e o credor tem 12 anos (art. 198, I, do CCB).<\/p>\n<p>Assim, n\u00e3o houve prescri\u00e7\u00e3o de nenhuma parcela.<\/p>\n<p>Jo\u00e3o, portanto, n\u00e3o tem raz\u00e3o, e ter\u00e1 que pagar toda a d\u00edvida.<\/p>\n<p>No pr\u00f3ximo <em>post<\/em> escreverei\u00a0a resposta de uma outra quest\u00e3o.<\/p>\n","protected":false},"excerpt":{"rendered":"<p>Terceira Quest\u00e3o: Tendo sido prolatada senten\u00e7a em 10\/2003 condenando Jo\u00e3o a pagar (&#8230;) Resposta: Jo\u00e3o (o devedor) entende que nada deve porque imagina ter ocorrido a prescri\u00e7\u00e3o de 2 anos prevista no art. 206, \u00a72\u00ba, do CCB. Sucede que a prescri\u00e7\u00e3o n\u00e3o corre contra os incapazes e o credor tem 12 anos (art. 198, I, [&hellip;]<\/p>\n","protected":false},"author":14,"featured_media":0,"comment_status":"open","ping_status":"open","sticky":false,"template":"","format":"standard","meta":{"_bbp_topic_count":0,"_bbp_reply_count":0,"_bbp_total_topic_count":0,"_bbp_total_reply_count":0,"_bbp_voice_count":0,"_bbp_anonymous_reply_count":0,"_bbp_topic_count_hidden":0,"_bbp_reply_count_hidden":0,"_bbp_forum_subforum_count":0,"_uag_custom_page_level_css":"","footnotes":""},"categories":[1],"tags":[],"class_list":["post-76","post","type-post","status-publish","format-standard","hentry","category-sem-categoria"],"uagb_featured_image_src":{"full":false,"thumbnail":false,"medium":false,"medium_large":false,"large":false,"1536x1536":false,"2048x2048":false},"uagb_author_info":{"display_name":"Francisco Vieira Lima Neto","author_link":"https:\/\/blog.ufes.br\/direitodefamilia\/author\/francisco-lima\/"},"uagb_comment_info":0,"uagb_excerpt":"Terceira Quest\u00e3o: Tendo sido prolatada senten\u00e7a em 10\/2003 condenando Jo\u00e3o a pagar (&#8230;) Resposta: Jo\u00e3o (o devedor) entende que nada deve porque imagina ter ocorrido a prescri\u00e7\u00e3o de 2 anos prevista no art. 206, \u00a72\u00ba, do CCB. Sucede que a prescri\u00e7\u00e3o n\u00e3o corre contra os incapazes e o credor tem 12 anos (art. 198, I,&hellip;","_links":{"self":[{"href":"https:\/\/blog.ufes.br\/direitodefamilia\/wp-json\/wp\/v2\/posts\/76","targetHints":{"allow":["GET"]}}],"collection":[{"href":"https:\/\/blog.ufes.br\/direitodefamilia\/wp-json\/wp\/v2\/posts"}],"about":[{"href":"https:\/\/blog.ufes.br\/direitodefamilia\/wp-json\/wp\/v2\/types\/post"}],"author":[{"embeddable":true,"href":"https:\/\/blog.ufes.br\/direitodefamilia\/wp-json\/wp\/v2\/users\/14"}],"replies":[{"embeddable":true,"href":"https:\/\/blog.ufes.br\/direitodefamilia\/wp-json\/wp\/v2\/comments?post=76"}],"version-history":[{"count":3,"href":"https:\/\/blog.ufes.br\/direitodefamilia\/wp-json\/wp\/v2\/posts\/76\/revisions"}],"predecessor-version":[{"id":79,"href":"https:\/\/blog.ufes.br\/direitodefamilia\/wp-json\/wp\/v2\/posts\/76\/revisions\/79"}],"wp:attachment":[{"href":"https:\/\/blog.ufes.br\/direitodefamilia\/wp-json\/wp\/v2\/media?parent=76"}],"wp:term":[{"taxonomy":"category","embeddable":true,"href":"https:\/\/blog.ufes.br\/direitodefamilia\/wp-json\/wp\/v2\/categories?post=76"},{"taxonomy":"post_tag","embeddable":true,"href":"https:\/\/blog.ufes.br\/direitodefamilia\/wp-json\/wp\/v2\/tags?post=76"}],"curies":[{"name":"wp","href":"https:\/\/api.w.org\/{rel}","templated":true}]}}