{"id":81,"date":"2011-06-19T02:49:15","date_gmt":"2011-06-19T02:49:15","guid":{"rendered":"http:\/\/blog.ufes.br\/direitodefamilia\/?p=81"},"modified":"2011-06-19T02:49:15","modified_gmt":"2011-06-19T02:49:15","slug":"respostas-da-prova-2","status":"publish","type":"post","link":"https:\/\/blog.ufes.br\/direitodefamilia\/2011\/06\/19\/respostas-da-prova-2\/","title":{"rendered":"Respostas da Prova &#8211; 2"},"content":{"rendered":"<p><strong>Quarta<\/strong> quest\u00e3o: Pedro foi condenado em janeiro de 2010 a pagar pens\u00e3o aliment\u00edcia (&#8230;)<\/p>\n<p><strong>Resposta<\/strong>: Para evitar a pris\u00e3o, Pedro dever\u00e1 pagar as presta\u00e7\u00f5es referentes aos meses de agosto, setembro e\u00a0outubro de 2010 (ou seja, as tr\u00eas \u00faltimas anteriores ao ajuizamento da execu\u00e7\u00e3o), bem como todas as que venceram no curso da execu\u00e7\u00e3o, isto \u00e9, novembro de 2010 at\u00e9 a data do pagamento. &#8220;O d\u00e9bito alimentar que autoriza a pris\u00e3o civil do alimentante \u00e9 o<br \/>\nque compreende as tr\u00eas presta\u00e7\u00f5es anteriores ao ajuizamento da execu\u00e7\u00e3o e as que se vencerem no curso do processo&#8221; (S\u00famula 309 do STJ).<\/p>\n<p>No pr\u00f3ximo <em>post<\/em> darei mais uma resposta da prova.<\/p>\n","protected":false},"excerpt":{"rendered":"<p>Quarta quest\u00e3o: Pedro foi condenado em janeiro de 2010 a pagar pens\u00e3o aliment\u00edcia (&#8230;) Resposta: Para evitar a pris\u00e3o, Pedro dever\u00e1 pagar as presta\u00e7\u00f5es referentes aos meses de agosto, setembro e\u00a0outubro de 2010 (ou seja, as tr\u00eas \u00faltimas anteriores ao ajuizamento da execu\u00e7\u00e3o), bem como todas as que venceram no curso da execu\u00e7\u00e3o, isto \u00e9, [&hellip;]<\/p>\n","protected":false},"author":14,"featured_media":0,"comment_status":"open","ping_status":"open","sticky":false,"template":"","format":"standard","meta":{"_bbp_topic_count":0,"_bbp_reply_count":0,"_bbp_total_topic_count":0,"_bbp_total_reply_count":0,"_bbp_voice_count":0,"_bbp_anonymous_reply_count":0,"_bbp_topic_count_hidden":0,"_bbp_reply_count_hidden":0,"_bbp_forum_subforum_count":0,"_uag_custom_page_level_css":"","footnotes":""},"categories":[1],"tags":[],"class_list":["post-81","post","type-post","status-publish","format-standard","hentry","category-sem-categoria"],"uagb_featured_image_src":{"full":false,"thumbnail":false,"medium":false,"medium_large":false,"large":false,"1536x1536":false,"2048x2048":false},"uagb_author_info":{"display_name":"Francisco Vieira Lima Neto","author_link":"https:\/\/blog.ufes.br\/direitodefamilia\/author\/francisco-lima\/"},"uagb_comment_info":0,"uagb_excerpt":"Quarta quest\u00e3o: Pedro foi condenado em janeiro de 2010 a pagar pens\u00e3o aliment\u00edcia (&#8230;) Resposta: Para evitar a pris\u00e3o, Pedro dever\u00e1 pagar as presta\u00e7\u00f5es referentes aos meses de agosto, setembro e\u00a0outubro de 2010 (ou seja, as tr\u00eas \u00faltimas anteriores ao ajuizamento da execu\u00e7\u00e3o), bem como todas as que venceram no curso da execu\u00e7\u00e3o, isto \u00e9,&hellip;","_links":{"self":[{"href":"https:\/\/blog.ufes.br\/direitodefamilia\/wp-json\/wp\/v2\/posts\/81","targetHints":{"allow":["GET"]}}],"collection":[{"href":"https:\/\/blog.ufes.br\/direitodefamilia\/wp-json\/wp\/v2\/posts"}],"about":[{"href":"https:\/\/blog.ufes.br\/direitodefamilia\/wp-json\/wp\/v2\/types\/post"}],"author":[{"embeddable":true,"href":"https:\/\/blog.ufes.br\/direitodefamilia\/wp-json\/wp\/v2\/users\/14"}],"replies":[{"embeddable":true,"href":"https:\/\/blog.ufes.br\/direitodefamilia\/wp-json\/wp\/v2\/comments?post=81"}],"version-history":[{"count":1,"href":"https:\/\/blog.ufes.br\/direitodefamilia\/wp-json\/wp\/v2\/posts\/81\/revisions"}],"predecessor-version":[{"id":82,"href":"https:\/\/blog.ufes.br\/direitodefamilia\/wp-json\/wp\/v2\/posts\/81\/revisions\/82"}],"wp:attachment":[{"href":"https:\/\/blog.ufes.br\/direitodefamilia\/wp-json\/wp\/v2\/media?parent=81"}],"wp:term":[{"taxonomy":"category","embeddable":true,"href":"https:\/\/blog.ufes.br\/direitodefamilia\/wp-json\/wp\/v2\/categories?post=81"},{"taxonomy":"post_tag","embeddable":true,"href":"https:\/\/blog.ufes.br\/direitodefamilia\/wp-json\/wp\/v2\/tags?post=81"}],"curies":[{"name":"wp","href":"https:\/\/api.w.org\/{rel}","templated":true}]}}