{"id":1,"date":"2013-09-18T20:21:10","date_gmt":"2013-09-18T20:21:10","guid":{"rendered":"http:\/\/blog.ufes.br\/fisionasaudedoidoso\/?p=1"},"modified":"2013-10-01T17:10:34","modified_gmt":"2013-10-01T17:10:34","slug":"ola-mundo","status":"publish","type":"post","link":"https:\/\/blog.ufes.br\/fisionasaudedoidoso\/2013\/09\/18\/ola-mundo\/","title":{"rendered":"Ol\u00e1 pessoal do Grupo de pesquisa em Fisioterapia na Sa\u00fade do Idoso!"},"content":{"rendered":"<p><a href=\"http:\/\/blog.ufes.br\/fisionasaudedoidoso\/files\/2013\/09\/Dia-do-idoso.jpg\"><img loading=\"lazy\" decoding=\"async\" class=\"alignnone size-medium wp-image-49\" alt=\"Dia do idoso\" src=\"http:\/\/blog.ufes.br\/fisionasaudedoidoso\/files\/2013\/09\/Dia-do-idoso-300x214.jpg\" width=\"300\" height=\"214\" srcset=\"https:\/\/blog.ufes.br\/fisionasaudedoidoso\/files\/2013\/09\/Dia-do-idoso-300x214.jpg 300w, https:\/\/blog.ufes.br\/fisionasaudedoidoso\/files\/2013\/09\/Dia-do-idoso.jpg 590w\" sizes=\"auto, (max-width: 300px) 100vw, 300px\" \/><\/a><\/p>\n<p>Vamos dar os parab\u00e9ns aos nossos queridos idosos, pois hoje \u00e9 dia deles!!!<\/p>\n<p>N\u00f3s agradecemos a todos os idosos que fazem parte das nossas vidas!!!<\/p>\n","protected":false},"excerpt":{"rendered":"<p>Vamos dar os parab\u00e9ns aos nossos queridos idosos, pois hoje \u00e9 dia deles!!! N\u00f3s agradecemos a todos os idosos que fazem parte das nossas vidas!!!<\/p>\n","protected":false},"author":157,"featured_media":0,"comment_status":"open","ping_status":"open","sticky":false,"template":"","format":"standard","meta":{"_bbp_topic_count":0,"_bbp_reply_count":0,"_bbp_total_topic_count":0,"_bbp_total_reply_count":0,"_bbp_voice_count":0,"_bbp_anonymous_reply_count":0,"_bbp_topic_count_hidden":0,"_bbp_reply_count_hidden":0,"_bbp_forum_subforum_count":0,"_uag_custom_page_level_css":"","footnotes":""},"categories":[1],"tags":[],"class_list":["post-1","post","type-post","status-publish","format-standard","hentry","category-sem-categoria"],"uagb_featured_image_src":{"full":false,"thumbnail":false,"medium":false,"medium_large":false,"large":false,"1536x1536":false,"2048x2048":false,"post-thumbnail":false},"uagb_author_info":{"display_name":"fisionasaudedoidoso","author_link":"https:\/\/blog.ufes.br\/fisionasaudedoidoso\/author\/fisionasaudedoidoso\/"},"uagb_comment_info":17,"uagb_excerpt":"Vamos dar os parab\u00e9ns aos nossos queridos idosos, pois hoje \u00e9 dia deles!!! N\u00f3s agradecemos a todos os idosos que fazem parte das nossas vidas!!!","_links":{"self":[{"href":"https:\/\/blog.ufes.br\/fisionasaudedoidoso\/wp-json\/wp\/v2\/posts\/1","targetHints":{"allow":["GET"]}}],"collection":[{"href":"https:\/\/blog.ufes.br\/fisionasaudedoidoso\/wp-json\/wp\/v2\/posts"}],"about":[{"href":"https:\/\/blog.ufes.br\/fisionasaudedoidoso\/wp-json\/wp\/v2\/types\/post"}],"author":[{"embeddable":true,"href":"https:\/\/blog.ufes.br\/fisionasaudedoidoso\/wp-json\/wp\/v2\/users\/157"}],"replies":[{"embeddable":true,"href":"https:\/\/blog.ufes.br\/fisionasaudedoidoso\/wp-json\/wp\/v2\/comments?post=1"}],"version-history":[{"count":3,"href":"https:\/\/blog.ufes.br\/fisionasaudedoidoso\/wp-json\/wp\/v2\/posts\/1\/revisions"}],"predecessor-version":[{"id":52,"href":"https:\/\/blog.ufes.br\/fisionasaudedoidoso\/wp-json\/wp\/v2\/posts\/1\/revisions\/52"}],"wp:attachment":[{"href":"https:\/\/blog.ufes.br\/fisionasaudedoidoso\/wp-json\/wp\/v2\/media?parent=1"}],"wp:term":[{"taxonomy":"category","embeddable":true,"href":"https:\/\/blog.ufes.br\/fisionasaudedoidoso\/wp-json\/wp\/v2\/categories?post=1"},{"taxonomy":"post_tag","embeddable":true,"href":"https:\/\/blog.ufes.br\/fisionasaudedoidoso\/wp-json\/wp\/v2\/tags?post=1"}],"curies":[{"name":"wp","href":"https:\/\/api.w.org\/{rel}","templated":true}]}}