{"id":1049,"date":"2020-11-24T16:43:33","date_gmt":"2020-11-24T19:43:33","guid":{"rendered":"http:\/\/blog.ufes.br\/grupodeconjunturaufes\/?p=1049"},"modified":"2025-10-13T13:16:14","modified_gmt":"2025-10-13T16:16:14","slug":"a-crise-da-economia-do-espirito-santo-uma-breve-analise-do-seu-nivel-de-atividade-e-setor-externo","status":"publish","type":"post","link":"https:\/\/blog.ufes.br\/grupodeconjunturaufes\/a-crise-da-economia-do-espirito-santo-uma-breve-analise-do-seu-nivel-de-atividade-e-setor-externo\/","title":{"rendered":"A CRISE DA ECONOMIA DO ESP\u00cdRITO SANTO: UMA BREVE AN\u00c1LISE DO SEU N\u00cdVEL DE ATIVIDADE E SETOR EXTERNO"},"content":{"rendered":"\n<p><\/p>\n\n\n<p><img fetchpriority=\"high\" decoding=\"async\" class=\"alignnone size-full wp-image-1063\" src=\"http:\/\/blog.ufes.br\/grupodeconjunturaufes\/files\/2020\/11\/nIVEL-E-ATIVIDADE.png\" alt=\"\" width=\"1024\" height=\"146\" \/><\/p>\n<p style=\"text-align: justify\"><span style=\"font-weight: 400\">Analisando os resultados, seja no n\u00edvel interno ou em termos do com\u00e9rcio internacional, a economia capixaba obteve resultados negativos generalizados durante o primeiro semestre de 2020. \u00c0 crise econ\u00f4mica que se arrasta desde 2015 juntaram-se os efeitos resultantes da desacelera\u00e7\u00e3o da produ\u00e7\u00e3o provocada pela pandemia do coronav\u00edrus. O Produto Interno Bruto (PIB) do Esp\u00edrito Santo apresentou, nos dois primeiros trimestres de 2020, comparativamente aos mesmos trimestres do ano anterior, queda de 10,2% e de 6,3%, respectivamente. No acumulado do primeiro semestre do ano, a queda foi de 5,9%, ampliando assim as expectativas de queda previstas j\u00e1 a partir do final de 2019. No caso capixaba, o comportamento do PIB apresenta-se em ligeira queda desde 2017, acompanhando o caso brasileiro, observando-se brusca queda no primeiro semestre de 2020 (Gr\u00e1fico 1).<\/span><\/p>\n<h5><strong>Gr\u00e1fico 1:<\/strong> <span style=\"font-weight: 400\">Varia\u00e7\u00e3o trimestral do PIB brasileiro e capixaba (Varia\u00e7\u00e3o % em rela\u00e7\u00e3o ao mesmo per\u00edodo do ano anterior)<\/span><\/h5>\n<h6 style=\"text-align: center\"><span style=\"font-weight: 400\"><img decoding=\"async\" class=\"aligncenter wp-image-1067 size-full\" title=\"Gr\u00e1fico 2: Pesquisa Industria Mensal - Produ\u00e7\u00e3o F\u00edsica (PIM-PF) brasileira e capixaba (Varia\u00e7\u00e3o percentual acumulada nos \u00faltimos 12 meses)\" src=\"http:\/\/blog.ufes.br\/grupodeconjunturaufes\/files\/2020\/11\/g1-1.png\" alt=\"\" width=\"504\" height=\"291\" \/>Fonte: IBGE. *O resultado do Produto Interno Bruto capixaba desde 2018 ainda est\u00e1 sujeito a corre\u00e7\u00f5es. <br \/>Elabora\u00e7\u00e3o pr\u00f3pria.<\/span><\/h6>\n<p style=\"text-align: justify\"><span style=\"font-weight: 400\">Em valores correntes, a estimativa para o PIB nominal foi de 30,3 bilh\u00f5es de reais no segundo trimestre do ano e de 122,5 bilh\u00f5es de reais no acumulado dos \u00faltimos quatro trimestres. Com dados desagregados, observamos, no acumulado do ano de 2020, retra\u00e7\u00f5es na Ind\u00fastria (-20,8%), Servi\u00e7os (-7,9%) e Com\u00e9rcio varejista ampliado (-4,2%). Os destaques na ind\u00fastria ficaram por conta dos setores da Ind\u00fastria Extrativa (-34,7%), Metalurgia (-36,9%), Produtos aliment\u00edcios (-29,4%) e produ\u00e7\u00e3o de Produtos minerais e n\u00e3o met\u00e1licos (-25,4%). \u00c9 importante apontar que a redu\u00e7\u00e3o do n\u00edvel de atividade da ind\u00fastria em um n\u00edvel muito maior\u00a0 ao apresentado pela m\u00e9dia brasileira j\u00e1 ocorria desde o in\u00edcio de 2019, mas se intensificou durante o per\u00edodo da pandemia. Assim, tendo como refer\u00eancia o m\u00eas de agosto de 2020, a queda da atividade industrial capixaba acumulada nos \u00faltimos 12 meses foi de 19,3%, ao passo que em \u00e2mbito nacional essa queda foi de 5,5% (Gr\u00e1fico 2). Al\u00e9m disso, observou-se queda da demanda interna, principalmente, produtos aliment\u00edcios, e o recuo da demanda externa, afetando substantivamente os segmentos de minera\u00e7\u00e3o de ferro em pelotas, \u00f3leos brutos de petr\u00f3leo e produtos sider\u00fargicos, o que ajudou a agravar o quadro de crise da produ\u00e7\u00e3o no estado.<\/span><\/p>\n<h5><b>Gr\u00e1fico 2<\/b><span style=\"font-weight: 400\">: <\/span><span style=\"font-weight: 400\">Pesquisa Industria Mensal &#8211; Produ\u00e7\u00e3o F\u00edsica (PIM-PF) brasileira e capixaba (Varia\u00e7\u00e3o percentual acumulada nos \u00faltimos 12 meses)<\/span><\/h5>\n<h6 style=\"text-align: center\"><span style=\"font-size: 0.9em\"><img decoding=\"async\" class=\"aligncenter wp-image-1068 size-full\" title=\"Gr\u00e1fico 2: Pesquisa Industria Mensal - Produ\u00e7\u00e3o F\u00edsica (PIM-PF) brasileira e capixaba (Varia\u00e7\u00e3o percentual acumulada nos \u00faltimos 12 meses)\" src=\"http:\/\/blog.ufes.br\/grupodeconjunturaufes\/files\/2020\/11\/g2-1.png\" alt=\"\" width=\"570\" height=\"295\" \/><\/span><span style=\"font-weight: 400\">Fonte: IBGE. Elabora\u00e7\u00e3o pr\u00f3pria.<\/span><\/h6>\n<p style=\"text-align: justify\"><span style=\"font-weight: 400\">Quanto ao com\u00e9rcio varejista ampliado, a situa\u00e7\u00e3o n\u00e3o \u00e9 t\u00e3o animadora para o mercado, apresentando queda no volume de vendas em quase todas as bases de compara\u00e7\u00e3o para o Esp\u00edrito Santo. Apesar de medidas como o Aux\u00edlio Emergencial, benef\u00edcio de 600 reais mensais pagos pelo governo federal a trabalhadores informais e de baixa renda, microempreendedores individuais e tamb\u00e9m contribuintes individuais do Instituto Nacional do Seguro Social, e que visa mitigar os efeitos da paralisa\u00e7\u00e3o de atividades sobre a renda desse segmento da popula\u00e7\u00e3o, a varia\u00e7\u00e3o acumulada do ano no Com\u00e9rcio Varejista ampliado foi de -4,2% no Esp\u00edrito Santo. Esse decl\u00ednio significativo no Com\u00e9rcio Varejista ampliado resultou, sobretudo, da combina\u00e7\u00e3o das varia\u00e7\u00f5es negativas no Varejo restrito (-1,5%) e em Ve\u00edculos, motocicletas, partes e pe\u00e7as (-12,5%). No setor de servi\u00e7os a din\u00e2mica n\u00e3o \u00e9 muito diferente, posto que apresentou queda de -7,9% no acumulado do ano contra igual per\u00edodo do ano anterior. Alguns dos contribuintes para essa varia\u00e7\u00e3o negativa foi, sobretudo, o decl\u00ednio\u00a0 em Servi\u00e7os prestados \u00e0s fam\u00edlias (-32,0%) e\u00a0 em Servi\u00e7os profissionais, administrativos e complementares (-11,1%).<\/span><\/p>\n<p style=\"text-align: justify\"><span style=\"font-weight: 400\">H\u00e1 impactos que ainda n\u00e3o s\u00e3o previs\u00edveis no futuro pr\u00f3ximo, por\u00e9m, os dados j\u00e1 computados podem dar uma margem de expectativas para o setor externo no estado. Ao analisar as exporta\u00e7\u00f5es e importa\u00e7\u00f5es temos dados importantes a serem destacados. Tomando os dados relativos ao per\u00edodo de janeiro a agosto de 2020 em compara\u00e7\u00e3o ao mesmo per\u00edodo de 2019, o que mais chama a aten\u00e7\u00e3o \u00e9 a brutal queda das exporta\u00e7\u00f5es e das importa\u00e7\u00f5es no per\u00edodo, -30,6% e -25,1% respectivamente. Apesar desses resultados, o saldo da balan\u00e7a comercial ainda ficou positivo em aproximadamente US $502 milh\u00f5es no per\u00edodo da pandemia. No entanto, significou uma queda de 48,3% em rela\u00e7\u00e3o ao mesmo per\u00edodo do ano anterior. Por se tratar de uma economia altamente dependente da exporta\u00e7\u00e3o de <\/span><i><span style=\"font-weight: 400\">commodities<\/span><\/i><span style=\"font-weight: 400\">, os setores mais afetados s\u00e3o os que correspondem \u00e0 exporta\u00e7\u00e3o de bens intermedi\u00e1rios, combust\u00edveis e lubrificantes e que representam 83,8% e 10,6% respectivamente. A maior aten\u00e7\u00e3o se d\u00e1 na categoria bens intermedi\u00e1rios que apresentou uma queda de 28,1%. Nas importa\u00e7\u00f5es, a representatividade das categorias est\u00e1 mais equilibradas em compara\u00e7\u00e3o \u00e0s exporta\u00e7\u00f5es, por\u00e9m o setor de bens de capital s\u00e3o os de maior parcela com 36,5% do total importado, seguido de bens intermedi\u00e1rios, bens de consumo e combust\u00edveis e lubrificantes com participa\u00e7\u00e3o de 31,4% ,18,8% e 13,3% respectivamente.<\/span><\/p>\n<p style=\"text-align: justify\"><span style=\"font-weight: 400\">Com exce\u00e7\u00e3o das importa\u00e7\u00f5es de bens de capital, que cresceram 5,7%, um crescimento concentrado no breve per\u00edodo antes da pandemia, todas as categorias de importa\u00e7\u00e3o apresentaram uma redu\u00e7\u00e3o de valor. Combust\u00edveis e lubrificantes acumularam uma perda de 50,2%, seguido pelos bens intermedi\u00e1rios e bens de consumo com redu\u00e7\u00e3o de 35,5% e 20,3% respectivamente, o que reflete a redu\u00e7\u00e3o no ritmo da atividade econ\u00f4mica interna. Os principais pa\u00edses de destino das exporta\u00e7\u00f5es s\u00e3o EUA com 33%, China 14,4% e Holanda com 6%. Em rela\u00e7\u00e3o aos pa\u00edses parceiros, as importa\u00e7\u00f5es foram: China com 22,3%, EUA com 12,2% e Argentina com 8,3%.<\/span><\/p>\n<p style=\"text-align: justify\"><span style=\"font-weight: 400\">Diante dos dados apresentados, pode-se deduzir que a depend\u00eancia da produ\u00e7\u00e3o e da exporta\u00e7\u00e3o capixabas em rela\u00e7\u00e3o ao mercado internacional far\u00e1 com que a recupera\u00e7\u00e3o da economia no estado vincule-se \u00e0 recupera\u00e7\u00e3o da economia global. Assim, o cen\u00e1rio prossegue com grandes incertezas. Segundo o FMI, em <\/span><span style=\"font-weight: 400\">seu<\/span><span style=\"font-weight: 400\"> relat\u00f3rio<\/span><span style=\"font-weight: 400\">, World Economic Outlook (&#8220;Perspectivas da Economia Mundial&#8221;)<strong>\u00b9<\/strong><\/span><span style=\"font-weight: 400\">, divulgado em 13 de outubro de 2020, a recupera\u00e7\u00e3o econ\u00f4mica mundial ser\u00e1 \u201clonga, irregular e incerta\u201d, afinal, a recess\u00e3o projetada pela organiza\u00e7\u00e3o prev\u00ea queda de 4,4% do PIB mundial este ano, o que causar\u00e1 s\u00e9rios transtornos para a retomada em 2021, a depender de cada pa\u00eds e da forma como os governos nacionais enfrentarem as consequ\u00eancia da crise desencadeada pelo Covid-19.<\/span><\/p>\n<p><strong>NOTAS<br \/><\/strong><\/p>\n<hr \/>\n<h6><span style=\"font-weight: 400\"><strong>[1] <\/strong>Dispon\u00edvel em: https:\/\/www.imf.org\/en\/Publications\/WEO\/Issues\/2020\/09\/30\/world-economic-outlook-october-2020.<\/span><\/h6>\n\n\n<p><\/p>\n","protected":false},"excerpt":{"rendered":"<p>Analisando os resultados, seja no n\u00edvel interno ou em termos do com\u00e9rcio internacional, a economia capixaba obteve resultados negativos generalizados [&hellip;]<\/p>\n","protected":false},"author":383,"featured_media":0,"comment_status":"closed","ping_status":"closed","sticky":false,"template":"","format":"standard","meta":{"_bbp_topic_count":0,"_bbp_reply_count":0,"_bbp_total_topic_count":0,"_bbp_total_reply_count":0,"_bbp_voice_count":0,"_bbp_anonymous_reply_count":0,"_bbp_topic_count_hidden":0,"_bbp_reply_count_hidden":0,"_bbp_forum_subforum_count":0,"_uag_custom_page_level_css":"","site-sidebar-layout":"default","site-content-layout":"","ast-site-content-layout":"default","site-content-style":"default","site-sidebar-style":"default","ast-global-header-display":"","ast-banner-title-visibility":"","ast-main-header-display":"","ast-hfb-above-header-display":"","ast-hfb-below-header-display":"","ast-hfb-mobile-header-display":"","site-post-title":"","ast-breadcrumbs-content":"","ast-featured-img":"","footer-sml-layout":"","ast-disable-related-posts":"","theme-transparent-header-meta":"","adv-header-id-meta":"","stick-header-meta":"","header-above-stick-meta":"","header-main-stick-meta":"","header-below-stick-meta":"","astra-migrate-meta-layouts":"default","ast-page-background-enabled":"default","ast-page-background-meta":{"desktop":{"background-color":"var(--ast-global-color-5)","background-image":"","background-repeat":"repeat","background-position":"center center","background-size":"auto","background-attachment":"scroll","background-type":"","background-media":"","overlay-type":"","overlay-color":"","overlay-opacity":"","overlay-gradient":""},"tablet":{"background-color":"","background-image":"","background-repeat":"repeat","background-position":"center center","background-size":"auto","background-attachment":"scroll","background-type":"","background-media":"","overlay-type":"","overlay-color":"","overlay-opacity":"","overlay-gradient":""},"mobile":{"background-color":"","background-image":"","background-repeat":"repeat","background-position":"center center","background-size":"auto","background-attachment":"scroll","background-type":"","background-media":"","overlay-type":"","overlay-color":"","overlay-opacity":"","overlay-gradient":""}},"ast-content-background-meta":{"desktop":{"background-color":"var(--ast-global-color-4)","background-image":"","background-repeat":"repeat","background-position":"center center","background-size":"auto","background-attachment":"scroll","background-type":"","background-media":"","overlay-type":"","overlay-color":"","overlay-opacity":"","overlay-gradient":""},"tablet":{"background-color":"var(--ast-global-color-4)","background-image":"","background-repeat":"repeat","background-position":"center center","background-size":"auto","background-attachment":"scroll","background-type":"","background-media":"","overlay-type":"","overlay-color":"","overlay-opacity":"","overlay-gradient":""},"mobile":{"background-color":"var(--ast-global-color-4)","background-image":"","background-repeat":"repeat","background-position":"center center","background-size":"auto","background-attachment":"scroll","background-type":"","background-media":"","overlay-type":"","overlay-color":"","overlay-opacity":"","overlay-gradient":""}},"footnotes":""},"categories":[19],"tags":[470,471,472,463,59,462,62,152,283,60,468,469,37,40,460,459,461,473,464,154,465,466,467,31,458,151,17],"class_list":["post-1049","post","type-post","status-publish","format-standard","hentry","category-publicacoes","tag-balanca-comercial-es","tag-ccje","tag-ccje-ufes","tag-crise-espirito-santo","tag-economia-capixaba","tag-economia-capixaba-e-pandemia","tag-economia-es","tag-economia-espirito-santo","tag-economia-ufes","tag-espirito-santo","tag-exportacoes-espirito-santo","tag-importacoes-espirito-santo","tag-macroeconomia","tag-nivel-de-atividade","tag-nivel-de-atividade-capixaba","tag-nivel-de-atividade-es","tag-nivel-de-atividade-espirito-santo","tag-nivel-de-atividade-politica-fiscal-e-setor-externo","tag-pib-capixaba","tag-pib-es","tag-pib-espirito-santo","tag-pim-pf","tag-pim-pf-es","tag-setor-externo","tag-setor-externo-capixaba","tag-setor-externo-espirito-santo","tag-ufes"],"uagb_featured_image_src":{"full":false,"thumbnail":false,"medium":false,"medium_large":false,"large":false,"1536x1536":false,"2048x2048":false},"uagb_author_info":{"display_name":"Luiz Carlos Santos","author_link":"https:\/\/blog.ufes.br\/grupodeconjunturaufes\/author\/luiz_carlos-santos-de-jesus\/"},"uagb_comment_info":0,"uagb_excerpt":"Analisando os resultados, seja no n\u00edvel interno ou em termos do com\u00e9rcio internacional, a economia capixaba obteve resultados negativos generalizados [&hellip;]","_links":{"self":[{"href":"https:\/\/blog.ufes.br\/grupodeconjunturaufes\/wp-json\/wp\/v2\/posts\/1049","targetHints":{"allow":["GET"]}}],"collection":[{"href":"https:\/\/blog.ufes.br\/grupodeconjunturaufes\/wp-json\/wp\/v2\/posts"}],"about":[{"href":"https:\/\/blog.ufes.br\/grupodeconjunturaufes\/wp-json\/wp\/v2\/types\/post"}],"author":[{"embeddable":true,"href":"https:\/\/blog.ufes.br\/grupodeconjunturaufes\/wp-json\/wp\/v2\/users\/383"}],"replies":[{"embeddable":true,"href":"https:\/\/blog.ufes.br\/grupodeconjunturaufes\/wp-json\/wp\/v2\/comments?post=1049"}],"version-history":[{"count":17,"href":"https:\/\/blog.ufes.br\/grupodeconjunturaufes\/wp-json\/wp\/v2\/posts\/1049\/revisions"}],"predecessor-version":[{"id":1074,"href":"https:\/\/blog.ufes.br\/grupodeconjunturaufes\/wp-json\/wp\/v2\/posts\/1049\/revisions\/1074"}],"wp:attachment":[{"href":"https:\/\/blog.ufes.br\/grupodeconjunturaufes\/wp-json\/wp\/v2\/media?parent=1049"}],"wp:term":[{"taxonomy":"category","embeddable":true,"href":"https:\/\/blog.ufes.br\/grupodeconjunturaufes\/wp-json\/wp\/v2\/categories?post=1049"},{"taxonomy":"post_tag","embeddable":true,"href":"https:\/\/blog.ufes.br\/grupodeconjunturaufes\/wp-json\/wp\/v2\/tags?post=1049"}],"curies":[{"name":"wp","href":"https:\/\/api.w.org\/{rel}","templated":true}]}}