{"id":1212,"date":"2021-07-05T17:15:12","date_gmt":"2021-07-05T20:15:12","guid":{"rendered":"https:\/\/blog.ufes.br\/grupodeconjunturaufes\/?p=1212"},"modified":"2025-10-13T13:14:38","modified_gmt":"2025-10-13T16:14:38","slug":"boletim-n64-julho-de-2021","status":"publish","type":"post","link":"https:\/\/blog.ufes.br\/grupodeconjunturaufes\/boletim-n64-julho-de-2021\/","title":{"rendered":"BOLETIM N\u00b064 | JULHO DE 2021"},"content":{"rendered":"\t\t<div data-elementor-type=\"wp-post\" data-elementor-id=\"1212\" class=\"elementor elementor-1212\">\n\t\t\t\t\t\t<section class=\"elementor-section elementor-top-section elementor-element elementor-element-26a8e86 elementor-section-boxed elementor-section-height-default elementor-section-height-default\" data-id=\"26a8e86\" data-element_type=\"section\" data-e-type=\"section\">\n\t\t\t\t\t\t<div class=\"elementor-container elementor-column-gap-default\">\n\t\t\t\t\t<div class=\"elementor-column elementor-col-100 elementor-top-column elementor-element elementor-element-16c62fa\" data-id=\"16c62fa\" data-element_type=\"column\" data-e-type=\"column\">\n\t\t\t<div class=\"elementor-widget-wrap elementor-element-populated\">\n\t\t\t\t\t\t<div class=\"elementor-element elementor-element-9e764a7 elementor-absolute elementor-widget elementor-widget-heading\" data-id=\"9e764a7\" data-element_type=\"widget\" data-e-type=\"widget\" data-settings=\"{&quot;_position&quot;:&quot;absolute&quot;}\" data-widget_type=\"heading.default\">\n\t\t\t\t<div class=\"elementor-widget-container\">\n\t\t\t\t\t<h2 class=\"elementor-heading-title elementor-size-default\">RECESS\u00c3O E PANDEMIA: A CRISE ARRASTADA<\/h2>\t\t\t\t<\/div>\n\t\t\t\t<\/div>\n\t\t\t\t\t<\/div>\n\t\t<\/div>\n\t\t\t\t\t<\/div>\n\t\t<\/section>\n\t\t\t\t<section class=\"elementor-section elementor-top-section elementor-element elementor-element-24af3a23 elementor-section-boxed elementor-section-height-default elementor-section-height-default\" data-id=\"24af3a23\" data-element_type=\"section\" data-e-type=\"section\">\n\t\t\t\t\t\t<div class=\"elementor-container elementor-column-gap-default\">\n\t\t\t\t\t<div class=\"elementor-column elementor-col-100 elementor-top-column elementor-element elementor-element-3cce5519\" data-id=\"3cce5519\" data-element_type=\"column\" data-e-type=\"column\">\n\t\t\t<div class=\"elementor-widget-wrap elementor-element-populated\">\n\t\t\t\t\t\t<div class=\"elementor-element elementor-element-3dc5b7f1 elementor-widget elementor-widget-text-editor\" data-id=\"3dc5b7f1\" data-element_type=\"widget\" data-e-type=\"widget\" data-widget_type=\"text-editor.default\">\n\t\t\t\t<div class=\"elementor-widget-container\">\n\t\t\t\t\t\t\t\t\t<p style=\"text-align: left\"><span style=\"text-align: justify\"><br \/><\/span><\/p>\n<p style=\"text-align: left\"><span style=\"text-align: justify\">O Boletim de Conjuntura em Economia da Ufes chega a sua 64a edi\u00e7\u00e3o. Seu formato segue a mesma estrutura da edi\u00e7\u00e3o anterior, com quatro se\u00e7\u00f5es, a primeira com a an\u00e1lise do n\u00edvel de atividade, pol\u00edtica fiscal e setor externo, a segunda sobre a pol\u00edtica monet\u00e1ria e infla\u00e7\u00e3o e a terceira tratando do mercado de trabalho. Completa o texto, a tradicional an\u00e1lise do economista Fabr\u00edcio Oliveira, fazendo um balan\u00e7o da pol\u00edtica econ\u00f4mica no ano. Um anexo estat\u00edstico fecha o boletim.<\/span><br \/><\/p>\n<p>Essa edi\u00e7\u00e3o trata do turbulento ano de 2020 e, portanto, dos efeitos da jun\u00e7\u00e3o de crise econ\u00f4mica com outra, de car\u00e1ter sanit\u00e1rio. A queda do PIB de 4,1%, em 2020, o crescimento da infla\u00e7\u00e3o, do desemprego, da informalidade e da subutiliza\u00e7\u00e3o da for\u00e7a de trabalho expressam um caminho tortuoso que pode ser sentido numa piora das condi\u00e7\u00f5es de vida da maior parte dos brasileiros e brasileiras. Destaca-se, ainda, como as mulheres t\u00eam enfrentado maiores dificuldades nesse contexto. Ao que tudo indica, a crise pretende se arrastar ainda ao longo de 2021, agravando problemas econ\u00f4micos e sociais latentes.<\/p>\n<p style=\"text-align: justify\">Esse quadro lan\u00e7a a sua sombra sobre o ano de 2021, que ser\u00e1 objeto de an\u00e1lise do pr\u00f3ximo boletim. A dita recupera\u00e7\u00e3o que se anuncia no ano corrente, como mostra o texto de Fabr\u00edcio Oliveira, \u00e9 fr\u00e1gil, tendo em vista a natureza do crescimento econ\u00f4mico, o aumento da infla\u00e7\u00e3o e a dificuldade de retomada do emprego.<\/p>\n<p style=\"text-align: justify\">N\u00f3s, professores e estudantes do Grupo de Conjuntura, convidamos a todas e todos para a leitura dos textos produzidos para a presente edi\u00e7\u00e3o.<\/p>\n<p style=\"text-align: right\">\n<\/p>\t\t\t\t\t\t\t\t<\/div>\n\t\t\t\t<\/div>\n\t\t\t\t\t<\/div>\n\t\t<\/div>\n\t\t\t\t\t<\/div>\n\t\t<\/section>\n\t\t\t\t<section class=\"elementor-section elementor-top-section elementor-element elementor-element-13b54b0 elementor-section-boxed elementor-section-height-default elementor-section-height-default\" data-id=\"13b54b0\" data-element_type=\"section\" data-e-type=\"section\">\n\t\t\t\t\t\t<div class=\"elementor-container elementor-column-gap-default\">\n\t\t\t\t\t<div class=\"elementor-column elementor-col-100 elementor-top-column elementor-element elementor-element-51b07ec\" data-id=\"51b07ec\" data-element_type=\"column\" data-e-type=\"column\">\n\t\t\t<div class=\"elementor-widget-wrap elementor-element-populated\">\n\t\t\t\t\t\t<div class=\"elementor-element elementor-element-706d948 elementor-align-justify elementor-widget elementor-widget-button\" data-id=\"706d948\" data-element_type=\"widget\" data-e-type=\"widget\" data-widget_type=\"button.default\">\n\t\t\t\t<div class=\"elementor-widget-container\">\n\t\t\t\t\t\t\t\t\t<div class=\"elementor-button-wrapper\">\n\t\t\t\t\t<a class=\"elementor-button elementor-button-link elementor-size-xs\" href=\"https:\/\/drive.google.com\/file\/d\/1j9nlpUsQWVJyJVGZ7mqnhDjkPhQHAleB\/view?usp=sharing\">\n\t\t\t\t\t\t<span class=\"elementor-button-content-wrapper\">\n\t\t\t\t\t\t<span class=\"elementor-button-icon\">\n\t\t\t\t<i aria-hidden=\"true\" class=\"fas fa-file-pdf\"><\/i>\t\t\t<\/span>\n\t\t\t\t\t\t\t\t\t<span class=\"elementor-button-text\">BOLETIM N\u00b0 64<\/span>\n\t\t\t\t\t<\/span>\n\t\t\t\t\t<\/a>\n\t\t\t\t<\/div>\n\t\t\t\t\t\t\t\t<\/div>\n\t\t\t\t<\/div>\n\t\t\t\t\t<\/div>\n\t\t<\/div>\n\t\t\t\t\t<\/div>\n\t\t<\/section>\n\t\t\t\t<section class=\"elementor-section elementor-top-section elementor-element elementor-element-6c9ea76 elementor-section-boxed elementor-section-height-default elementor-section-height-default\" data-id=\"6c9ea76\" data-element_type=\"section\" data-e-type=\"section\">\n\t\t\t\t\t\t<div class=\"elementor-container elementor-column-gap-default\">\n\t\t\t\t\t<div class=\"elementor-column elementor-col-100 elementor-top-column elementor-element elementor-element-0881f07\" data-id=\"0881f07\" data-element_type=\"column\" data-e-type=\"column\">\n\t\t\t<div class=\"elementor-widget-wrap elementor-element-populated\">\n\t\t\t\t\t\t<div class=\"elementor-element elementor-element-5f7c64f elementor-widget elementor-widget-heading\" data-id=\"5f7c64f\" data-element_type=\"widget\" data-e-type=\"widget\" data-widget_type=\"heading.default\">\n\t\t\t\t<div class=\"elementor-widget-container\">\n\t\t\t\t\t<h2 class=\"elementor-heading-title elementor-size-small\"><span style=\"font-size: 16px;font-weight: 400;font-family: Cabin, sans-serif;text-align: justify\">Boa leitura!<br><\/span><span style=\"font-size: 16px;font-weight: 400;font-family: Cabin, sans-serif;text-align: justify\">Grupo de Conjuntura<\/span><\/h2>\t\t\t\t<\/div>\n\t\t\t\t<\/div>\n\t\t\t\t\t<\/div>\n\t\t<\/div>\n\t\t\t\t\t<\/div>\n\t\t<\/section>\n\t\t\t\t<\/div>\n\t\t","protected":false},"excerpt":{"rendered":"<p>RECESS\u00c3O E PANDEMIA: A CRISE ARRASTADA O Boletim de Conjuntura em Economia da Ufes chega a sua 64a edi\u00e7\u00e3o. Seu [&hellip;]<\/p>\n","protected":false},"author":383,"featured_media":0,"comment_status":"closed","ping_status":"closed","sticky":false,"template":"","format":"standard","meta":{"_bbp_topic_count":0,"_bbp_reply_count":0,"_bbp_total_topic_count":0,"_bbp_total_reply_count":0,"_bbp_voice_count":0,"_bbp_anonymous_reply_count":0,"_bbp_topic_count_hidden":0,"_bbp_reply_count_hidden":0,"_bbp_forum_subforum_count":0,"_uag_custom_page_level_css":"","site-sidebar-layout":"default","site-content-layout":"","ast-site-content-layout":"default","site-content-style":"default","site-sidebar-style":"default","ast-global-header-display":"","ast-banner-title-visibility":"","ast-main-header-display":"","ast-hfb-above-header-display":"","ast-hfb-below-header-display":"","ast-hfb-mobile-header-display":"","site-post-title":"","ast-breadcrumbs-content":"","ast-featured-img":"","footer-sml-layout":"","ast-disable-related-posts":"","theme-transparent-header-meta":"","adv-header-id-meta":"","stick-header-meta":"","header-above-stick-meta":"","header-main-stick-meta":"","header-below-stick-meta":"","astra-migrate-meta-layouts":"default","ast-page-background-enabled":"default","ast-page-background-meta":{"desktop":{"background-color":"var(--ast-global-color-5)","background-image":"","background-repeat":"repeat","background-position":"center center","background-size":"auto","background-attachment":"scroll","background-type":"","background-media":"","overlay-type":"","overlay-color":"","overlay-opacity":"","overlay-gradient":""},"tablet":{"background-color":"","background-image":"","background-repeat":"repeat","background-position":"center center","background-size":"auto","background-attachment":"scroll","background-type":"","background-media":"","overlay-type":"","overlay-color":"","overlay-opacity":"","overlay-gradient":""},"mobile":{"background-color":"","background-image":"","background-repeat":"repeat","background-position":"center center","background-size":"auto","background-attachment":"scroll","background-type":"","background-media":"","overlay-type":"","overlay-color":"","overlay-opacity":"","overlay-gradient":""}},"ast-content-background-meta":{"desktop":{"background-color":"var(--ast-global-color-4)","background-image":"","background-repeat":"repeat","background-position":"center center","background-size":"auto","background-attachment":"scroll","background-type":"","background-media":"","overlay-type":"","overlay-color":"","overlay-opacity":"","overlay-gradient":""},"tablet":{"background-color":"var(--ast-global-color-4)","background-image":"","background-repeat":"repeat","background-position":"center center","background-size":"auto","background-attachment":"scroll","background-type":"","background-media":"","overlay-type":"","overlay-color":"","overlay-opacity":"","overlay-gradient":""},"mobile":{"background-color":"var(--ast-global-color-4)","background-image":"","background-repeat":"repeat","background-position":"center center","background-size":"auto","background-attachment":"scroll","background-type":"","background-media":"","overlay-type":"","overlay-color":"","overlay-opacity":"","overlay-gradient":""}},"footnotes":""},"categories":[20],"tags":[494,496,495,555,10,497,556,557,203,455,40,560,43,559,558],"class_list":["post-1212","post","type-post","status-publish","format-standard","hentry","category-boletins","tag-boletim","tag-boletim-de-economia","tag-boletim-economico","tag-boletim-economico-2020","tag-economia-brasileira","tag-economia-brasileira-2020","tag-economia-brasileira-coronavirus","tag-impactos-coronavirus-economia-brasileira","tag-impactos-economicos-coronavirus","tag-mercado-de-trabalho-2020","tag-nivel-de-atividade","tag-politica-fiscal-2020","tag-politica-monetaria","tag-politica-monetaria-2020","tag-politica-monetaria-brasil"],"uagb_featured_image_src":{"full":false,"thumbnail":false,"medium":false,"medium_large":false,"large":false,"1536x1536":false,"2048x2048":false},"uagb_author_info":{"display_name":"Luiz Carlos Santos","author_link":"https:\/\/blog.ufes.br\/grupodeconjunturaufes\/author\/luiz_carlos-santos-de-jesus\/"},"uagb_comment_info":0,"uagb_excerpt":"RECESS\u00c3O E PANDEMIA: A CRISE ARRASTADA O Boletim de Conjuntura em Economia da Ufes chega a sua 64a edi\u00e7\u00e3o. Seu [&hellip;]","_links":{"self":[{"href":"https:\/\/blog.ufes.br\/grupodeconjunturaufes\/wp-json\/wp\/v2\/posts\/1212","targetHints":{"allow":["GET"]}}],"collection":[{"href":"https:\/\/blog.ufes.br\/grupodeconjunturaufes\/wp-json\/wp\/v2\/posts"}],"about":[{"href":"https:\/\/blog.ufes.br\/grupodeconjunturaufes\/wp-json\/wp\/v2\/types\/post"}],"author":[{"embeddable":true,"href":"https:\/\/blog.ufes.br\/grupodeconjunturaufes\/wp-json\/wp\/v2\/users\/383"}],"replies":[{"embeddable":true,"href":"https:\/\/blog.ufes.br\/grupodeconjunturaufes\/wp-json\/wp\/v2\/comments?post=1212"}],"version-history":[{"count":15,"href":"https:\/\/blog.ufes.br\/grupodeconjunturaufes\/wp-json\/wp\/v2\/posts\/1212\/revisions"}],"predecessor-version":[{"id":1889,"href":"https:\/\/blog.ufes.br\/grupodeconjunturaufes\/wp-json\/wp\/v2\/posts\/1212\/revisions\/1889"}],"wp:attachment":[{"href":"https:\/\/blog.ufes.br\/grupodeconjunturaufes\/wp-json\/wp\/v2\/media?parent=1212"}],"wp:term":[{"taxonomy":"category","embeddable":true,"href":"https:\/\/blog.ufes.br\/grupodeconjunturaufes\/wp-json\/wp\/v2\/categories?post=1212"},{"taxonomy":"post_tag","embeddable":true,"href":"https:\/\/blog.ufes.br\/grupodeconjunturaufes\/wp-json\/wp\/v2\/tags?post=1212"}],"curies":[{"name":"wp","href":"https:\/\/api.w.org\/{rel}","templated":true}]}}