{"id":2374,"date":"2024-02-02T15:22:51","date_gmt":"2024-02-02T18:22:51","guid":{"rendered":"https:\/\/blog.ufes.br\/grupodeconjunturaufes\/?p=2374"},"modified":"2024-02-06T10:52:22","modified_gmt":"2024-02-06T13:52:22","slug":"boletim-no-69-fevereiro-2024","status":"publish","type":"post","link":"https:\/\/blog.ufes.br\/grupodeconjunturaufes\/boletim-no-69-fevereiro-2024\/","title":{"rendered":"BOLETIM N\u00ba. 69 | FEVEREIRO 2024"},"content":{"rendered":"\t\t<div data-elementor-type=\"wp-post\" data-elementor-id=\"2374\" class=\"elementor elementor-2374\">\n\t\t\t\t\t\t<section class=\"elementor-section elementor-top-section elementor-element elementor-element-b0e7c6d elementor-section-boxed elementor-section-height-default elementor-section-height-default\" data-id=\"b0e7c6d\" data-element_type=\"section\" data-e-type=\"section\">\n\t\t\t\t\t\t<div class=\"elementor-container elementor-column-gap-default\">\n\t\t\t\t\t<div class=\"elementor-column elementor-col-100 elementor-top-column elementor-element elementor-element-b5e6781\" data-id=\"b5e6781\" data-element_type=\"column\" data-e-type=\"column\">\n\t\t\t<div class=\"elementor-widget-wrap elementor-element-populated\">\n\t\t\t\t\t\t<div class=\"elementor-element elementor-element-f06fc0b elementor-widget elementor-widget-image\" data-id=\"f06fc0b\" data-element_type=\"widget\" data-e-type=\"widget\" data-widget_type=\"image.default\">\n\t\t\t\t<div class=\"elementor-widget-container\">\n\t\t\t\t\t\t\t\t\t\t\t\t\t\t\t<img fetchpriority=\"high\" decoding=\"async\" width=\"650\" height=\"250\" src=\"https:\/\/blog.ufes.br\/grupodeconjunturaufes\/files\/2024\/02\/Tumbnail-.png\" class=\"attachment-1536x1536 size-1536x1536 wp-image-2382\" alt=\"\" srcset=\"https:\/\/blog.ufes.br\/grupodeconjunturaufes\/files\/2024\/02\/Tumbnail-.png 650w, https:\/\/blog.ufes.br\/grupodeconjunturaufes\/files\/2024\/02\/Tumbnail--300x115.png 300w\" sizes=\"(max-width: 650px) 100vw, 650px\" \/>\t\t\t\t\t\t\t\t\t\t\t\t\t\t\t<\/div>\n\t\t\t\t<\/div>\n\t\t\t\t<div class=\"elementor-element elementor-element-c7fdb98 elementor-widget elementor-widget-heading\" data-id=\"c7fdb98\" data-element_type=\"widget\" data-e-type=\"widget\" data-widget_type=\"heading.default\">\n\t\t\t\t<div class=\"elementor-widget-container\">\n\t\t\t\t\t<h2 class=\"elementor-heading-title elementor-size-default\">FRAGILIDADES DO CRESCIMENTO BRASILEIRO<\/h2>\t\t\t\t<\/div>\n\t\t\t\t<\/div>\n\t\t\t\t<div class=\"elementor-element elementor-element-34b17fd elementor-widget elementor-widget-text-editor\" data-id=\"34b17fd\" data-element_type=\"widget\" data-e-type=\"widget\" data-widget_type=\"text-editor.default\">\n\t\t\t\t<div class=\"elementor-widget-container\">\n\t\t\t\t\t\t\t\t\t<p style=\"text-align: justify\"><span style=\"color: #000000\">Diversas d\u00favidas pairavam sobre o desempenho da economia brasileira em 2023, devido principalmente ao ambiente pol\u00edtico conturbado presente no in\u00edcio do ano.\u00a0 Em meio \u00e0s incertezas, o resultado positivo do Produto Interno Bruto (PIB), o principal agregado macroecon\u00f4mico, gerou um certo otimismo para as perspectivas de crescimento da economia nacional. Al\u00e9m disso, o clima de otimismo foi alicer\u00e7ado durante o ano pelo arrefecimento do processo inflacion\u00e1rio, pela diminui\u00e7\u00e3o da taxa b\u00e1sica de juros e pela supersafra agr\u00edcola. No entanto, apesar dessas not\u00edcias positivas, existem fatores conjunturais que podem gerar dificuldades para um crescimento duradouro da economia nacional.<\/span><\/p><p style=\"text-align: justify\"><span style=\"color: #000000\">\u00c9 nesse sentido de incertezas sobre as perspectivas de crescimento da economia brasileira que o Boletim de Conjuntura em Economia da Ufes, produzido pelo Grupo de Estudos e Pesquisa em Conjuntura, do curso de Ci\u00eancias Econ\u00f4micas da Universidade Federal do Esp\u00edrito Santo, chega em sua sexag\u00e9sima nona edi\u00e7\u00e3o. Mantendo sua tradicional estrutura, o boletim, escrito pelos estudantes, sob coordena\u00e7\u00e3o dos professores orientadores e com a contribui\u00e7\u00e3o de Fabr\u00edcio de Oliveira, \u00e9 composto por quatro se\u00e7\u00f5es. A primeira traz a an\u00e1lise do n\u00edvel de atividade, pol\u00edtica fiscal e setor externo; em seguida, uma se\u00e7\u00e3o sobre pol\u00edtica monet\u00e1ria e infla\u00e7\u00e3o, seguida da terceira, que faz a an\u00e1lise do mercado de trabalho. Completando o texto, o economista Fabr\u00edcio de Oliveira faz um balan\u00e7o dos resultados da pol\u00edtica econ\u00f4mica do ano de 2023 e analisa as perspectivas do cen\u00e1rio econ\u00f4mico para o ano de 2024.<\/span><\/p><p style=\"text-align: justify\"><span style=\"color: #000000\">O t\u00edtulo do boletim, fragilidades do crescimento brasileiro, reflete a vulnerabilidade do crescimento da economia brasileira em 2023, posto que alguns pilares do desempenho econ\u00f4mico brasileiro do ano passado, como a agropecu\u00e1ria, apresentam um desempenho inst\u00e1vel ao longo do tempo. Al\u00e9m disso, as an\u00e1lises dos indicadores demonstram a persist\u00eancia de problemas estruturais que dificultam o dinamismo da economia brasileira como processo de reprimariza\u00e7\u00e3o da pauta exportadora, desindustrializa\u00e7\u00e3o e eleva\u00e7\u00e3o da informalidade. N\u00f3s, professores e estudantes do Grupo de Conjuntura, convidamos a todas e todos para a leitura dos textos produzidos para a presente edi\u00e7\u00e3o,<\/span><\/p>\t\t\t\t\t\t\t\t<\/div>\n\t\t\t\t<\/div>\n\t\t\t\t<div class=\"elementor-element elementor-element-a9c3921 elementor-widget elementor-widget-text-editor\" data-id=\"a9c3921\" data-element_type=\"widget\" data-e-type=\"widget\" data-widget_type=\"text-editor.default\">\n\t\t\t\t<div class=\"elementor-widget-container\">\n\t\t\t\t\t\t\t\t\t<p><strong>Boa Leitura!<\/strong><br \/><strong>Grupo de Conjuntura<\/strong><\/p>\t\t\t\t\t\t\t\t<\/div>\n\t\t\t\t<\/div>\n\t\t\t\t<div class=\"elementor-element elementor-element-8c2d992 elementor-align-justify elementor-widget elementor-widget-button\" data-id=\"8c2d992\" data-element_type=\"widget\" data-e-type=\"widget\" data-widget_type=\"button.default\">\n\t\t\t\t<div class=\"elementor-widget-container\">\n\t\t\t\t\t\t\t\t\t<div class=\"elementor-button-wrapper\">\n\t\t\t\t\t<a class=\"elementor-button elementor-button-link elementor-size-xs\" href=\"https:\/\/drive.google.com\/file\/d\/1wu5LyIlt4HWviPsyOz4R32BZbrvy3DEH\/view?usp=sharing\" target=\"_blank\">\n\t\t\t\t\t\t<span class=\"elementor-button-content-wrapper\">\n\t\t\t\t\t\t<span class=\"elementor-button-icon\">\n\t\t\t\t<i aria-hidden=\"true\" class=\"fas fa-file-pdf\"><\/i>\t\t\t<\/span>\n\t\t\t\t\t\t\t\t\t<span class=\"elementor-button-text\">Boletim N\u00ba. 69<\/span>\n\t\t\t\t\t<\/span>\n\t\t\t\t\t<\/a>\n\t\t\t\t<\/div>\n\t\t\t\t\t\t\t\t<\/div>\n\t\t\t\t<\/div>\n\t\t\t\t\t<\/div>\n\t\t<\/div>\n\t\t\t\t\t<\/div>\n\t\t<\/section>\n\t\t\t\t<\/div>\n\t\t","protected":false},"excerpt":{"rendered":"<p>FRAGILIDADES DO CRESCIMENTO BRASILEIRO Diversas d\u00favidas pairavam sobre o desempenho da economia brasileira em 2023, devido principalmente ao ambiente pol\u00edtico [&hellip;]<\/p>\n","protected":false},"author":383,"featured_media":0,"comment_status":"closed","ping_status":"closed","sticky":false,"template":"","format":"standard","meta":{"_bbp_topic_count":0,"_bbp_reply_count":0,"_bbp_total_topic_count":0,"_bbp_total_reply_count":0,"_bbp_voice_count":0,"_bbp_anonymous_reply_count":0,"_bbp_topic_count_hidden":0,"_bbp_reply_count_hidden":0,"_bbp_forum_subforum_count":0,"_uag_custom_page_level_css":"","site-sidebar-layout":"default","site-content-layout":"","ast-site-content-layout":"default","site-content-style":"default","site-sidebar-style":"default","ast-global-header-display":"","ast-banner-title-visibility":"","ast-main-header-display":"","ast-hfb-above-header-display":"","ast-hfb-below-header-display":"","ast-hfb-mobile-header-display":"","site-post-title":"","ast-breadcrumbs-content":"","ast-featured-img":"","footer-sml-layout":"","ast-disable-related-posts":"","theme-transparent-header-meta":"","adv-header-id-meta":"","stick-header-meta":"","header-above-stick-meta":"","header-main-stick-meta":"","header-below-stick-meta":"","astra-migrate-meta-layouts":"default","ast-page-background-enabled":"default","ast-page-background-meta":{"desktop":{"background-color":"var(--ast-global-color-5)","background-image":"","background-repeat":"repeat","background-position":"center center","background-size":"auto","background-attachment":"scroll","background-type":"","background-media":"","overlay-type":"","overlay-color":"","overlay-opacity":"","overlay-gradient":""},"tablet":{"background-color":"","background-image":"","background-repeat":"repeat","background-position":"center center","background-size":"auto","background-attachment":"scroll","background-type":"","background-media":"","overlay-type":"","overlay-color":"","overlay-opacity":"","overlay-gradient":""},"mobile":{"background-color":"","background-image":"","background-repeat":"repeat","background-position":"center center","background-size":"auto","background-attachment":"scroll","background-type":"","background-media":"","overlay-type":"","overlay-color":"","overlay-opacity":"","overlay-gradient":""}},"ast-content-background-meta":{"desktop":{"background-color":"var(--ast-global-color-4)","background-image":"","background-repeat":"repeat","background-position":"center center","background-size":"auto","background-attachment":"scroll","background-type":"","background-media":"","overlay-type":"","overlay-color":"","overlay-opacity":"","overlay-gradient":""},"tablet":{"background-color":"var(--ast-global-color-4)","background-image":"","background-repeat":"repeat","background-position":"center center","background-size":"auto","background-attachment":"scroll","background-type":"","background-media":"","overlay-type":"","overlay-color":"","overlay-opacity":"","overlay-gradient":""},"mobile":{"background-color":"var(--ast-global-color-4)","background-image":"","background-repeat":"repeat","background-position":"center center","background-size":"auto","background-attachment":"scroll","background-type":"","background-media":"","overlay-type":"","overlay-color":"","overlay-opacity":"","overlay-gradient":""}},"footnotes":""},"categories":[20],"tags":[569,27,630,608,760,496,697,495,759,102,6,52,7,751,602,628,752,773,636,761,226,758,753,552,23,635,10,693,699,746,572,754,183,666,749,764,72,745,93,766,757,45,677,774,641,37,94,744,765,168,662,40,763,672,33,509,358,750,91,42,39,747,43,748,767,775,768,599,652,762,769,770,589,755,31,771,772,638,669,643,406,616,17],"class_list":["post-2374","post","type-post","status-publish","format-standard","hentry","category-boletins","tag-analise-de-dados-mercado-de-trabalho","tag-analise-economica","tag-balanca-comercial","tag-balanco-de-pagamentos","tag-bens-e-servicos","tag-boletim-de-economia","tag-boletim-de-economia-2023","tag-boletim-economico","tag-comercio-2023","tag-comercio-exterior","tag-conjuntura","tag-conjuntura-brasileira","tag-conjuntura-economica","tag-contas-do-governo","tag-contas-publicas","tag-deficit-contas-publicas","tag-deficit-governo","tag-deficit-nominal","tag-desemprego-2023","tag-desindustrializacao","tag-desocupacao","tag-divida-bruta-do-governo","tag-divida-publica-2023","tag-divida-publica-brasileira","tag-economia","tag-economia-2023","tag-economia-brasileira","tag-economia-brasileira-2023","tag-economia-lula-3","tag-economia-lula-iii","tag-emprego-e-renda","tag-endividamento-publico","tag-exportacoes","tag-gastos-do-governo","tag-haddad-na-economia","tag-indicadores-economicos-2023","tag-inflacao","tag-inflacao-2023","tag-informalidade","tag-informalidade-no-mercado-de-trabalho","tag-ipca-2023","tag-juros","tag-juros-alto","tag-loa-2024","tag-lula-iii","tag-macroeconomia","tag-mercado-de-trabalho","tag-mercado-de-trabalho-2023","tag-mercado-de-trabalho-informal","tag-metas-de-inflacao","tag-necessidades-de-finaciamento-do-setor-publico-consolidado","tag-nivel-de-atividade","tag-pauta-de-exportacao","tag-pib-2023","tag-pib-brasileiro","tag-pnad","tag-pnad-continua","tag-poder-de-compra","tag-politica-cambial","tag-politica-economica","tag-politica-fiscal","tag-politica-fiscal-2023","tag-politica-monetaria","tag-politica-monetaria-2023","tag-precariedade-do-trabalho","tag-regime-de-metas-de-inflacao","tag-renda-primaria","tag-rendimento-medio","tag-rendimento-medio-2023","tag-reprimarizacao-brasileira","tag-resultado-primario","tag-resultado-primario-do-governo","tag-selic","tag-selic-2023","tag-setor-externo","tag-setor-publico-consolidado","tag-sustentabilidade-da-divida-publica","tag-taxa-de-desemprego-2023","tag-taxa-selic","tag-terceiro-governo-lula","tag-trabalhadores-informais","tag-trabalho-e-renda","tag-ufes"],"uagb_featured_image_src":{"full":false,"thumbnail":false,"medium":false,"medium_large":false,"large":false,"1536x1536":false,"2048x2048":false},"uagb_author_info":{"display_name":"Luiz Carlos Santos","author_link":"https:\/\/blog.ufes.br\/grupodeconjunturaufes\/author\/luiz_carlos-santos-de-jesus\/"},"uagb_comment_info":0,"uagb_excerpt":"FRAGILIDADES DO CRESCIMENTO BRASILEIRO Diversas d\u00favidas pairavam sobre o desempenho da economia brasileira em 2023, devido principalmente ao ambiente pol\u00edtico [&hellip;]","_links":{"self":[{"href":"https:\/\/blog.ufes.br\/grupodeconjunturaufes\/wp-json\/wp\/v2\/posts\/2374","targetHints":{"allow":["GET"]}}],"collection":[{"href":"https:\/\/blog.ufes.br\/grupodeconjunturaufes\/wp-json\/wp\/v2\/posts"}],"about":[{"href":"https:\/\/blog.ufes.br\/grupodeconjunturaufes\/wp-json\/wp\/v2\/types\/post"}],"author":[{"embeddable":true,"href":"https:\/\/blog.ufes.br\/grupodeconjunturaufes\/wp-json\/wp\/v2\/users\/383"}],"replies":[{"embeddable":true,"href":"https:\/\/blog.ufes.br\/grupodeconjunturaufes\/wp-json\/wp\/v2\/comments?post=2374"}],"version-history":[{"count":18,"href":"https:\/\/blog.ufes.br\/grupodeconjunturaufes\/wp-json\/wp\/v2\/posts\/2374\/revisions"}],"predecessor-version":[{"id":2415,"href":"https:\/\/blog.ufes.br\/grupodeconjunturaufes\/wp-json\/wp\/v2\/posts\/2374\/revisions\/2415"}],"wp:attachment":[{"href":"https:\/\/blog.ufes.br\/grupodeconjunturaufes\/wp-json\/wp\/v2\/media?parent=2374"}],"wp:term":[{"taxonomy":"category","embeddable":true,"href":"https:\/\/blog.ufes.br\/grupodeconjunturaufes\/wp-json\/wp\/v2\/categories?post=2374"},{"taxonomy":"post_tag","embeddable":true,"href":"https:\/\/blog.ufes.br\/grupodeconjunturaufes\/wp-json\/wp\/v2\/tags?post=2374"}],"curies":[{"name":"wp","href":"https:\/\/api.w.org\/{rel}","templated":true}]}}