{"id":2405,"date":"2024-02-05T15:32:48","date_gmt":"2024-02-05T18:32:48","guid":{"rendered":"https:\/\/blog.ufes.br\/grupodeconjunturaufes\/?p=2405"},"modified":"2025-10-13T13:19:10","modified_gmt":"2025-10-13T16:19:10","slug":"o-setor-de-servicos-em-2024-perspectivas-e-desafios","status":"publish","type":"post","link":"https:\/\/blog.ufes.br\/grupodeconjunturaufes\/o-setor-de-servicos-em-2024-perspectivas-e-desafios\/","title":{"rendered":"O SETOR DE SERVI\u00c7OS EM 2024: PERSPECTIVAS E DESAFIOS"},"content":{"rendered":"\t\t<div data-elementor-type=\"wp-post\" data-elementor-id=\"2405\" class=\"elementor elementor-2405\">\n\t\t\t\t\t\t<section class=\"elementor-section elementor-top-section elementor-element elementor-element-6015cac elementor-section-boxed elementor-section-height-default elementor-section-height-default\" data-id=\"6015cac\" data-element_type=\"section\" data-e-type=\"section\">\n\t\t\t\t\t\t<div class=\"elementor-container elementor-column-gap-default\">\n\t\t\t\t\t<div class=\"elementor-column elementor-col-100 elementor-top-column elementor-element elementor-element-cca59e5\" data-id=\"cca59e5\" data-element_type=\"column\" data-e-type=\"column\">\n\t\t\t<div class=\"elementor-widget-wrap elementor-element-populated\">\n\t\t\t\t\t\t<div class=\"elementor-element elementor-element-30c10e8 elementor-widget elementor-widget-text-editor\" data-id=\"30c10e8\" data-element_type=\"widget\" data-e-type=\"widget\" data-widget_type=\"text-editor.default\">\n\t\t\t\t<div class=\"elementor-widget-container\">\n\t\t\t\t\t\t\t\t\t<h6 style=\"text-align: right\"><strong>Kayky<\/strong><strong>\u00a0Barcelos de Oliveira\u00a0<sup>[1]<\/sup><\/strong><\/h6>\t\t\t\t\t\t\t\t<\/div>\n\t\t\t\t<\/div>\n\t\t\t\t\t<\/div>\n\t\t<\/div>\n\t\t\t\t\t<\/div>\n\t\t<\/section>\n\t\t\t\t<section class=\"elementor-section elementor-top-section elementor-element elementor-element-d05e7bd elementor-section-boxed elementor-section-height-default elementor-section-height-default\" data-id=\"d05e7bd\" data-element_type=\"section\" data-e-type=\"section\">\n\t\t\t\t\t\t<div class=\"elementor-container elementor-column-gap-default\">\n\t\t\t\t\t<div class=\"elementor-column elementor-col-100 elementor-top-column elementor-element elementor-element-847238b\" data-id=\"847238b\" data-element_type=\"column\" data-e-type=\"column\">\n\t\t\t<div class=\"elementor-widget-wrap elementor-element-populated\">\n\t\t\t\t\t\t<div class=\"elementor-element elementor-element-77aa5b7 elementor-widget elementor-widget-image\" data-id=\"77aa5b7\" data-element_type=\"widget\" data-e-type=\"widget\" data-widget_type=\"image.default\">\n\t\t\t\t<div class=\"elementor-widget-container\">\n\t\t\t\t\t\t\t\t\t\t\t\t\t\t\t<img fetchpriority=\"high\" decoding=\"async\" width=\"650\" height=\"250\" src=\"https:\/\/blog.ufes.br\/grupodeconjunturaufes\/files\/2024\/02\/THumbnail.png\" class=\"attachment-large size-large wp-image-2407\" alt=\"\" srcset=\"https:\/\/blog.ufes.br\/grupodeconjunturaufes\/files\/2024\/02\/THumbnail.png 650w, https:\/\/blog.ufes.br\/grupodeconjunturaufes\/files\/2024\/02\/THumbnail-300x115.png 300w\" sizes=\"(max-width: 650px) 100vw, 650px\" \/>\t\t\t\t\t\t\t\t\t\t\t\t\t\t\t<\/div>\n\t\t\t\t<\/div>\n\t\t\t\t<div class=\"elementor-element elementor-element-f0558fd elementor-widget elementor-widget-text-editor\" data-id=\"f0558fd\" data-element_type=\"widget\" data-e-type=\"widget\" data-widget_type=\"text-editor.default\">\n\t\t\t\t<div class=\"elementor-widget-container\">\n\t\t\t\t\t\t\t\t\t<p style=\"text-align: justify\"><span style=\"font-weight: 400\">\u00a0 \u00a0 O setor Servi\u00e7os \u00e9, atualmente, o principal componente do PIB pela \u00f3tica da produ\u00e7\u00e3o, compreendendo cerca de 70% do agregado macroecon\u00f4mico. O setor \u00e9 de extrema import\u00e2ncia para a economia nacional, sendo o motor do crescimento econ\u00f4mico no per\u00edodo em que o pa\u00eds sofre com a desindustrializa\u00e7\u00e3o. Contudo, apresentando crescimento d\u00e9bil desde o segundo semestre de 2022, o setor ter\u00e1 de superar grandes obst\u00e1culos este ano, tais como a falta de incentivos do governo, o alto n\u00edvel de endividamento das empresas, as elevadas taxas de juros, al\u00e9m do baixo poder de compra dos agentes. Visando manter proje\u00e7\u00f5es de crescimento mais otimistas para a economia em 2024, um dos grandes desafios ser\u00e1 reacender a din\u00e2mica do setor Servi\u00e7os.<br \/><\/span><span style=\"font-weight: 400\">\u00a0 \u00a0 \u00a0 A proje\u00e7\u00e3o do Banco Central realizada na primeira semana do ano passado tra\u00e7ava crescimento menor do que 1% para o Produto Interno Bruto no ano de 2023, em compara\u00e7\u00e3o com 2022. Os principais dados da economia no ano passado revelaram um esfor\u00e7o de recupera\u00e7\u00e3o, promovendo o crescimento acima das expectativas dos economistas de mercado. No acumulado do ano de 2023, os dados do terceiro trimestre indicam crescimento de 3,2% do PIB. Apesar disso, o setor de servi\u00e7os cresceu 2,6%, o que corresponde ao \u00edndice mais baixo desde o primeiro trimestre de 2021, sob a mesma base de compara\u00e7\u00e3o.<br \/><\/span><span style=\"font-weight: 400\">\u00a0 \u00a0 \u00a0Algumas das principais promessas de campanha do governo estavam atreladas ao retorno do poder de compra dos agentes econ\u00f4micos durante os\u00a0 mandatos Lula I e II. Por\u00e9m, os projetos governamentais ainda n\u00e3o surtiram os efeitos necess\u00e1rios para consolidar o crescimento do Consumo das Fam\u00edlias, fato que contribuiria para o movimentar o setor de servi\u00e7os, pela \u00f3tica da produ\u00e7\u00e3o. De acordo com os dados do Sistema de Contas Nacionais Trimestrais, no acumulado do ano de 2023, at\u00e9 o terceiro trimestre, o crescimento do Consumo das Fam\u00edlias corresponde a 3,4%, indicando o menor \u00edndice para o mesmo per\u00edodo desde 2020. O encarecimento do cr\u00e9dito, em conjunto com a infla\u00e7\u00e3o do per\u00edodo, contribuiu para a fal\u00eancia de diversas empresas e para o aumento da inadimpl\u00eancia e do endividamento entre as fam\u00edlias.<br \/><\/span><span style=\"font-weight: 400\">\u00a0 \u00a0 \u00a0 \u00a0O setor de servi\u00e7os, assim, enfrenta diversos problemas financeiros desde 2020, com o in\u00edcio do <\/span><i><span style=\"font-weight: 400\">lockdown<\/span><\/i><span style=\"font-weight: 400\">, e que foram agravados no intervalo de tempo em que as taxas de juros subiram de 2%, em mar\u00e7o de 2021, para 9,25% em dezembro do mesmo ano. O setor tenta se recuperar dos efeitos da pandemia da Covid-19, lidando com enorme endividamento. De acordo com o Observat\u00f3rio Brasileiro de Recupera\u00e7\u00e3o Extrajudicial, os pedidos de recupera\u00e7\u00e3o perante a justi\u00e7a sa\u00edram de 8, em 2019, para 32 em 2023<\/span><strong><sup>[2]<\/sup><\/strong><span style=\"font-weight: 400\">. Durante o per\u00edodo pand\u00eamico, houve uma retra\u00e7\u00e3o do consumo, diminuindo as receitas do setor de servi\u00e7os.\u00a0<br \/><\/span><span style=\"font-weight: 400\">\u00a0 \u00a0 \u00a0 Tendo como meta a amplia\u00e7\u00e3o desse consumo, a equipe do governo tentou, ao longo do ano passado, retomar as pol\u00edticas de redistribui\u00e7\u00e3o de renda e conceder aux\u00edlios assistenciais \u00e0s fam\u00edlias, e, assim, possibilitar a dinamiza\u00e7\u00e3o econ\u00f4mica. O objetivo do projeto econ\u00f4mico para 2024 \u00e9 tentar reaquecer a demanda por bens e servi\u00e7os no mercado interno e efetivar o crescimento econ\u00f4mico por meio do efeito multiplicador do Consumo do Governo<strong><sup>[3]<\/sup><\/strong><\/span><span style=\"font-weight: 400\">. O programa Desenrola<strong><sup>[4]<\/sup><\/strong><\/span><span style=\"font-weight: 400\">, ent\u00e3o, surge com o intuito de ampliar a margem para o consumo das fam\u00edlias, possibilitando que os endividados saiam do vermelho, tenham acesso ao cr\u00e9dito e movimentem a economia como um todo. Pela \u00f3tica da demanda, o Consumo das Fam\u00edlias \u00e9 o maior componente do PIB, sendo respons\u00e1vel pela movimenta\u00e7\u00e3o da economia.\u00a0<br \/><\/span><span style=\"font-weight: 400\">\u00a0 \u00a0 \u00a0Entretanto, o Desenrola ainda n\u00e3o atingiu as expectativas, atendendo a um n\u00famero menor de pessoas do que o esperado em sua cria\u00e7\u00e3o. Apesar de ser considerado um sucesso, por ter atendido cerca de 11 milh\u00f5es de brasileiros, o programa ainda precisa de maior ades\u00e3o para alterar o quadro nacional.\u00a0 O incentivo ao projeto continuar\u00e1 no primeiro trimestre de 2024 e, al\u00e9m disso, ganhar\u00e1 bra\u00e7os para tentar aliviar as d\u00edvidas de empresas e microempresas. Segundo as expectativas do governo, o programa deve auxiliar cerca de 7 milh\u00f5es de microempreendedores.\u00a0<br \/><\/span><span style=\"font-weight: 400\">\u00a0 \u00a0 \u00a0 Vivendo sob grande press\u00e3o, o governo tem tentado aumentar a arrecada\u00e7\u00e3o fiscal e zerar o d\u00e9ficit prim\u00e1rio<strong><sup>[5]<\/sup><\/strong><\/span><span style=\"font-weight: 400\">, fato que dificulta o manejo pol\u00edtico-econ\u00f4mico para o cumprimento de algumas de suas promessas eleitorais. Em dado momento da campanha eleitoral, a equipe econ\u00f4mica chegou a prometer a isen\u00e7\u00e3o gradual do imposto de renda para quem recebesse at\u00e9 5 mil reais. No primeiro ano do mandato, foi concedida a isen\u00e7\u00e3o do IR para quem recebia at\u00e9 dois sal\u00e1rios m\u00ednimos, o que p\u00f4de auxiliar no aumento do or\u00e7amento familiar. Entretanto, com o reajuste do sal\u00e1rio m\u00ednimo acima da infla\u00e7\u00e3o, o grupo de pessoas que recebe na faixa de dois sal\u00e1rios pode voltar a pagar o tributo. O n\u00e3o cumprimento dessa promessa, at\u00e9 o momento, decorre da exig\u00eancia de cumprimento das metas fiscais. A arrecada\u00e7\u00e3o advinda do imposto de renda \u00e9 fundamental para as contas p\u00fablicas, o que dificulta a aplica\u00e7\u00e3o da isen\u00e7\u00e3o at\u00e9 a faixa dos 5 mil reais de imediato. Para 2024, a equipe econ\u00f4mica afirma que haver\u00e1 um novo reajuste na tabela do IR, mas os valores ainda n\u00e3o foram revelados.<br \/><\/span><span style=\"font-weight: 400\">\u00a0 \u00a0 \u00a0 O governo tenta conciliar um est\u00edmulo ao crescimento da economia, enquanto se esfor\u00e7a para aumentar a arrecada\u00e7\u00e3o das contas p\u00fablicas, visto que segue pressionado para o cumprimento das metas fiscais. Para tanto, entre as medidas tomadas pelo governo, est\u00e1 a designa\u00e7\u00e3o de novas regras tribut\u00e1rias para produtos importados, o que repercutiu dentro do setor. Na \u00faltima d\u00e9cada, o crescimento do <\/span><i><span style=\"font-weight: 400\">e-commerce<\/span><\/i><span style=\"font-weight: 400\"> possibilitou a ascens\u00e3o de grandes empresas estrangeiras em solo nacional. De acordo com o Banco Central, o valor das importa\u00e7\u00f5es de bens de pequeno valor saltou de US$ 800 milh\u00f5es, em 2013, para cerca de US$ 10 bilh\u00f5es em 2022. O com\u00e9rcio digital, segundo os empres\u00e1rios, afeta a economia brasileira com a perda de competitividade dos produtos nacionais dentro do territ\u00f3rio.<br \/><\/span><span style=\"font-weight: 400\">\u00a0 \u00a0A isen\u00e7\u00e3o para importa\u00e7\u00f5es de at\u00e9 50 d\u00f3lares gerou descontentamento entre os representantes da ind\u00fastria e do com\u00e9rcio nacional. A Confedera\u00e7\u00e3o Nacional das Ind\u00fastrias, em conjunto com a Confedera\u00e7\u00e3o Nacional do Com\u00e9rcio de Bens e Servi\u00e7os, protestou perante o Supremo Tribunal Federal. Enquanto os empres\u00e1rios lutam por uma suposta \u201cisonomia tribut\u00e1ria\u201d, aumentar a carga tribut\u00e1ria ou retirar a isen\u00e7\u00e3o geraria um desconforto com a base do governo, tendo em mente que pressionaria ainda mais o or\u00e7amento familiar. No mais, o governo tamb\u00e9m n\u00e3o est\u00e1 em condi\u00e7\u00f5es de retirar totalmente a carga tribut\u00e1ria, visto que necessita dessa receita para a arrecada\u00e7\u00e3o fiscal.<br \/><\/span><span style=\"font-weight: 400\">\u00a0 \u00a0 Dessa forma, o setor de servi\u00e7os ainda deve sofrer no ano de 2024 com a falta de incentivos, decorrentes das metas fiscais do governo. As medidas da equipe econ\u00f4mica para aquecer a produ\u00e7\u00e3o nacional ainda caminham em um ritmo lento. Focado em zerar o d\u00e9ficit prim\u00e1rio, o governo tem controlado seus movimentos para tentar reequilibrar as contas p\u00fablicas, sendo constantemente vigiado pelos economistas de mercado. No momento, as taxas de juros permanecem altas, mesmo que estejam em uma trajet\u00f3ria de cortes desde o fim de 2023. O cr\u00e9dito encarecido dificulta a amplia\u00e7\u00e3o da escala produtiva, de novos investimentos na economia e do aumento do consumo. A renda dispon\u00edvel para o Consumo das Fam\u00edlias ainda \u00e9 insuficiente para que os setores da economia consigam reverter os efeitos do per\u00edodo pand\u00eamico, refletindo a necessidade de incentivos na base de sustenta\u00e7\u00e3o da economia brasileira para alterar a trajet\u00f3ria de crescimento. A presen\u00e7a das empresas estrangeiras com o <\/span><i><span style=\"font-weight: 400\">e-commerce<\/span><\/i><span style=\"font-weight: 400\"> tamb\u00e9m representa um desafio para a economia brasileira, cada vez mais ref\u00e9m dos produtos chineses e estadunidenses.<br \/><\/span><span style=\"font-weight: 400\">\u00a0 \u00a0 \u00a0Estando atrelado ao bom desempenho dos outros setores da economia, o setor de servi\u00e7os \u00e9 extremamente amplo e heterog\u00eaneo, refletindo o comportamento macroecon\u00f4mico e a conjuntura pol\u00edtico-econ\u00f4mica nacional. Em uma economia fragilizada, como a brasileira, e que vive um per\u00edodo de desindustrializa\u00e7\u00e3o e desestatiza\u00e7\u00e3o, o setor de servi\u00e7os acaba por torna-se o principal fator do crescimento, empregando o maior n\u00famero de brasileiros e compreendendo a maior fatia do Produto Interno Bruto. Vale ressaltar que o crescimento impulsionado pelo setor de servi\u00e7os, apesar de necess\u00e1rio, n\u00e3o necessariamente traduz-se em crescimento com desenvolvimento da escala produtiva e gera\u00e7\u00e3o de empregos de maior remunera\u00e7\u00e3o, visto que a m\u00e3o de obra empregada no setor e a produ\u00e7\u00e3o, em geral, s\u00e3o de baixo valor agregado.\u00a0<br \/><\/span><span style=\"font-weight: 400\">\u00a0 \u00a0 \u00a0 \u00a0Diante da conjuntura exposta, o ano de 2024 trar\u00e1 desafios, mas o horizonte para o setor \u00e9 o melhor desde a pandemia, podendo enxergar, finalmente, uma recupera\u00e7\u00e3o, ainda que pequena. A aten\u00e7\u00e3o da pauta governamental deve, com urg\u00eancia, ser o retorno da distribui\u00e7\u00e3o de renda para as fam\u00edlias e um esfor\u00e7o para reduzir a carga do endividamento familiar. O aumento do poder de compra da popula\u00e7\u00e3o faz com que a economia local se desenvolva, gerando emprego e renda. O ambiente macroecon\u00f4mico pode vir a ser favor\u00e1vel para o setor de servi\u00e7os, por\u00e9m, \u00e9 necess\u00e1ria uma certa cautela. Ainda com a situa\u00e7\u00e3o desfavor\u00e1vel nesse come\u00e7o de ano, as expectativas para o setor podem ser positivas caso a infla\u00e7\u00e3o continue sua trajet\u00f3ria dentro da meta do governo, mantendo, assim, o poder de compra dos agentes e que a taxa b\u00e1sica de juros prossiga em queda, como vem sendo observado, possibilitando a oferta mais barata de cr\u00e9dito.<\/span><\/p>\t\t\t\t\t\t\t\t<\/div>\n\t\t\t\t<\/div>\n\t\t\t\t\t<\/div>\n\t\t<\/div>\n\t\t\t\t\t<\/div>\n\t\t<\/section>\n\t\t\t\t<section class=\"elementor-section elementor-top-section elementor-element elementor-element-7f66dbc elementor-section-boxed elementor-section-height-default elementor-section-height-default\" data-id=\"7f66dbc\" data-element_type=\"section\" data-e-type=\"section\">\n\t\t\t\t\t\t<div class=\"elementor-container elementor-column-gap-default\">\n\t\t\t\t\t<div class=\"elementor-column elementor-col-100 elementor-top-column elementor-element elementor-element-2da5647\" data-id=\"2da5647\" data-element_type=\"column\" data-e-type=\"column\">\n\t\t\t<div class=\"elementor-widget-wrap elementor-element-populated\">\n\t\t\t\t\t\t<div class=\"elementor-element elementor-element-2efd2a9 elementor-widget elementor-widget-text-editor\" data-id=\"2efd2a9\" data-element_type=\"widget\" data-e-type=\"widget\" data-widget_type=\"text-editor.default\">\n\t\t\t\t<div class=\"elementor-widget-container\">\n\t\t\t\t\t\t\t\t\t<h6 style=\"text-align: justify\"><span style=\"font-weight: 400\"><strong><sup>[1] <\/sup><\/strong>Graduando em Ci\u00eancias Econ\u00f4micas pela Universidade Federal do Esp\u00edrito Santo e bolsista pelo Programa de Educa\u00e7\u00e3o Tutorial do curso de Ci\u00eancias Econ\u00f4micas da UFES (PET Economia UFES). Al\u00e9m disso, \u00e9 membro do Grupo de Estudos e Pesquisas em Conjuntura do Departamento de Economia &#8211; Subgrupo N\u00edvel de Atividade, Pol\u00edtica Fiscal e Setor Externo.<br \/><\/span><strong><sup>[2] <\/sup><\/strong><span style=\"font-weight: 400\">A Recupera\u00e7\u00e3o Extrajudicial \u00e9 uma forma jur\u00eddica das empresas evitarem o processo de fal\u00eancia. Caso seja concedida, a execu\u00e7\u00e3o das d\u00edvidas entra em <\/span><i><span style=\"font-weight: 400\">stay period<\/span><\/i><span style=\"font-weight: 400\">.<br \/><\/span><strong><sup>[3] <\/sup><\/strong><span style=\"font-weight: 400\">Segundo a leitura keynesiana, o efeito multiplicador d\u00e1-se quando os resultados de um investimento p\u00fablico causam uma varia\u00e7\u00e3o muito maior do que o esperado inicialmente.<br \/><\/span><strong><sup>[4] <\/sup><\/strong><span style=\"font-weight: 400\">O Desenrola \u00e9 um programa de renegocia\u00e7\u00e3o de d\u00edvidas que tem por objetivo diminuir o n\u00famero de inadimplentes no pa\u00eds.<br \/><\/span><strong><sup>[5] <\/sup><\/strong><span style=\"font-weight: 400\">Define-se como o resultado entre as receitas e as despesas do governo, excluindo os juros.<\/span><\/h6>\t\t\t\t\t\t\t\t<\/div>\n\t\t\t\t<\/div>\n\t\t\t\t\t<\/div>\n\t\t<\/div>\n\t\t\t\t\t<\/div>\n\t\t<\/section>\n\t\t\t\t<\/div>\n\t\t","protected":false},"excerpt":{"rendered":"<p>Kayky\u00a0Barcelos de Oliveira\u00a0[1] \u00a0 \u00a0 O setor Servi\u00e7os \u00e9, atualmente, o principal componente do PIB pela \u00f3tica da produ\u00e7\u00e3o, compreendendo [&hellip;]<\/p>\n","protected":false},"author":383,"featured_media":0,"comment_status":"closed","ping_status":"closed","sticky":false,"template":"","format":"standard","meta":{"_bbp_topic_count":0,"_bbp_reply_count":0,"_bbp_total_topic_count":0,"_bbp_total_reply_count":0,"_bbp_voice_count":0,"_bbp_anonymous_reply_count":0,"_bbp_topic_count_hidden":0,"_bbp_reply_count_hidden":0,"_bbp_forum_subforum_count":0,"_uag_custom_page_level_css":"","site-sidebar-layout":"default","site-content-layout":"","ast-site-content-layout":"default","site-content-style":"default","site-sidebar-style":"default","ast-global-header-display":"","ast-banner-title-visibility":"","ast-main-header-display":"","ast-hfb-above-header-display":"","ast-hfb-below-header-display":"","ast-hfb-mobile-header-display":"","site-post-title":"","ast-breadcrumbs-content":"","ast-featured-img":"","footer-sml-layout":"","ast-disable-related-posts":"","theme-transparent-header-meta":"","adv-header-id-meta":"","stick-header-meta":"","header-above-stick-meta":"","header-main-stick-meta":"","header-below-stick-meta":"","astra-migrate-meta-layouts":"default","ast-page-background-enabled":"default","ast-page-background-meta":{"desktop":{"background-color":"var(--ast-global-color-5)","background-image":"","background-repeat":"repeat","background-position":"center center","background-size":"auto","background-attachment":"scroll","background-type":"","background-media":"","overlay-type":"","overlay-color":"","overlay-opacity":"","overlay-gradient":""},"tablet":{"background-color":"","background-image":"","background-repeat":"repeat","background-position":"center center","background-size":"auto","background-attachment":"scroll","background-type":"","background-media":"","overlay-type":"","overlay-color":"","overlay-opacity":"","overlay-gradient":""},"mobile":{"background-color":"","background-image":"","background-repeat":"repeat","background-position":"center center","background-size":"auto","background-attachment":"scroll","background-type":"","background-media":"","overlay-type":"","overlay-color":"","overlay-opacity":"","overlay-gradient":""}},"ast-content-background-meta":{"desktop":{"background-color":"var(--ast-global-color-4)","background-image":"","background-repeat":"repeat","background-position":"center center","background-size":"auto","background-attachment":"scroll","background-type":"","background-media":"","overlay-type":"","overlay-color":"","overlay-opacity":"","overlay-gradient":""},"tablet":{"background-color":"var(--ast-global-color-4)","background-image":"","background-repeat":"repeat","background-position":"center center","background-size":"auto","background-attachment":"scroll","background-type":"","background-media":"","overlay-type":"","overlay-color":"","overlay-opacity":"","overlay-gradient":""},"mobile":{"background-color":"var(--ast-global-color-4)","background-image":"","background-repeat":"repeat","background-position":"center center","background-size":"auto","background-attachment":"scroll","background-type":"","background-media":"","overlay-type":"","overlay-color":"","overlay-opacity":"","overlay-gradient":""}},"footnotes":""},"categories":[19],"tags":[796,797,27,760,795,52,7,96,613,799,190,785,781,23,635,10,640,746,100,572,782,789,790,786,787,788,72,45,730,641,37,38,791,784,35,750,42,783,793,792,597,794,596,776,777,778,798],"class_list":["post-2405","post","type-post","status-publish","format-standard","hentry","category-publicacoes","tag-ambiente-economico","tag-ambiente-macroeconomico","tag-analise-economica","tag-bens-e-servicos","tag-conjuntura-2024","tag-conjuntura-brasileira","tag-conjuntura-economica","tag-consumo","tag-consumo-das-familias","tag-credito-pessoa-fisica","tag-crescimento-economico-brasileiro","tag-demanda","tag-desenrola-brasil","tag-economia","tag-economia-2023","tag-economia-brasileira","tag-economia-governo-lula","tag-economia-lula-iii","tag-economia-nacional","tag-emprego-e-renda","tag-endividamento","tag-estimulo-a-economia","tag-estimulo-ao-crescimento","tag-incentivos","tag-incentivos-economia","tag-incentivos-economicos","tag-inflacao","tag-juros","tag-lula-2023","tag-lula-iii","tag-macroeconomia","tag-macroeconomia-brasil","tag-metas-fiscais","tag-otica-da-producao","tag-pib","tag-poder-de-compra","tag-politica-economica","tag-producao","tag-rend-abrasileira","tag-renda-disponivel","tag-renda-media","tag-renda-nacional","tag-rendimentos","tag-setor-de-servicos","tag-setor-de-servicos-2023","tag-setor-de-servicos-2024","tag-trajetoria-de-juros"],"uagb_featured_image_src":{"full":false,"thumbnail":false,"medium":false,"medium_large":false,"large":false,"1536x1536":false,"2048x2048":false},"uagb_author_info":{"display_name":"Luiz Carlos Santos","author_link":"https:\/\/blog.ufes.br\/grupodeconjunturaufes\/author\/luiz_carlos-santos-de-jesus\/"},"uagb_comment_info":0,"uagb_excerpt":"Kayky\u00a0Barcelos de Oliveira\u00a0[1] \u00a0 \u00a0 O setor Servi\u00e7os \u00e9, atualmente, o principal componente do PIB pela \u00f3tica da produ\u00e7\u00e3o, compreendendo [&hellip;]","_links":{"self":[{"href":"https:\/\/blog.ufes.br\/grupodeconjunturaufes\/wp-json\/wp\/v2\/posts\/2405","targetHints":{"allow":["GET"]}}],"collection":[{"href":"https:\/\/blog.ufes.br\/grupodeconjunturaufes\/wp-json\/wp\/v2\/posts"}],"about":[{"href":"https:\/\/blog.ufes.br\/grupodeconjunturaufes\/wp-json\/wp\/v2\/types\/post"}],"author":[{"embeddable":true,"href":"https:\/\/blog.ufes.br\/grupodeconjunturaufes\/wp-json\/wp\/v2\/users\/383"}],"replies":[{"embeddable":true,"href":"https:\/\/blog.ufes.br\/grupodeconjunturaufes\/wp-json\/wp\/v2\/comments?post=2405"}],"version-history":[{"count":8,"href":"https:\/\/blog.ufes.br\/grupodeconjunturaufes\/wp-json\/wp\/v2\/posts\/2405\/revisions"}],"predecessor-version":[{"id":2632,"href":"https:\/\/blog.ufes.br\/grupodeconjunturaufes\/wp-json\/wp\/v2\/posts\/2405\/revisions\/2632"}],"wp:attachment":[{"href":"https:\/\/blog.ufes.br\/grupodeconjunturaufes\/wp-json\/wp\/v2\/media?parent=2405"}],"wp:term":[{"taxonomy":"category","embeddable":true,"href":"https:\/\/blog.ufes.br\/grupodeconjunturaufes\/wp-json\/wp\/v2\/categories?post=2405"},{"taxonomy":"post_tag","embeddable":true,"href":"https:\/\/blog.ufes.br\/grupodeconjunturaufes\/wp-json\/wp\/v2\/tags?post=2405"}],"curies":[{"name":"wp","href":"https:\/\/api.w.org\/{rel}","templated":true}]}}