{"id":2825,"date":"2024-10-02T21:19:38","date_gmt":"2024-10-03T00:19:38","guid":{"rendered":"https:\/\/blog.ufes.br\/grupodeconjunturaufes\/?p=2825"},"modified":"2025-10-13T13:10:04","modified_gmt":"2025-10-13T16:10:04","slug":"elementor-2825","status":"publish","type":"post","link":"https:\/\/blog.ufes.br\/grupodeconjunturaufes\/elementor-2825\/","title":{"rendered":"A Pol\u00edtica Fiscal do Governo Lula"},"content":{"rendered":"\t\t<div data-elementor-type=\"wp-post\" data-elementor-id=\"2825\" class=\"elementor elementor-2825\">\n\t\t\t\t\t\t<section class=\"elementor-section elementor-top-section elementor-element elementor-element-add1f17 elementor-section-boxed elementor-section-height-default elementor-section-height-default\" data-id=\"add1f17\" data-element_type=\"section\" data-e-type=\"section\">\n\t\t\t\t\t\t<div class=\"elementor-container elementor-column-gap-default\">\n\t\t\t\t\t<div class=\"elementor-column elementor-col-100 elementor-top-column elementor-element elementor-element-515bf74\" data-id=\"515bf74\" data-element_type=\"column\" data-e-type=\"column\">\n\t\t\t<div class=\"elementor-widget-wrap elementor-element-populated\">\n\t\t\t\t\t\t<div class=\"elementor-element elementor-element-236042c elementor-widget elementor-widget-text-editor\" data-id=\"236042c\" data-element_type=\"widget\" data-e-type=\"widget\" data-widget_type=\"text-editor.default\">\n\t\t\t\t<div class=\"elementor-widget-container\">\n\t\t\t\t\t\t\t\t\t<p style=\"text-align: right\"><strong><span style=\"color: #000000\">Lucas de Carvalho Sancho da Silva<\/span><\/strong><br \/><strong><span style=\"color: #000000\">(Membro do subgrupo de pol\u00edtica fiscal do Grupo de Conjuntura UFES)<\/span><\/strong><br \/><strong><span style=\"color: #000000\">Wallace Alves<\/span><\/strong><br \/><strong><span style=\"color: #000000\">(Membro do subgrupo de pol\u00edtica fiscal do Grupo de Conjuntura UFES)<\/span><\/strong><\/p><p><span style=\"color: #000000\">A Pol\u00edtica Fiscal do Governo Lula tem sido palco de grandes disputas internas ao governo, mudan\u00e7as de dire\u00e7\u00e3o e, principalmente, fonte de incertezas. Ela teve in\u00edcio j\u00e1 no final de 2022, quando, a fim de cumprir as promessas de campanha, o governo eleito costurou a Proposta de Emenda Constitucional de transi\u00e7\u00e3o (PEC 32\/2022). A PEC tinha como objetivo a garantia de recursos para v\u00e1rios programas sociais que tinham ficado de fora da Lei de Diretrizes Or\u00e7ament\u00e1rias (LDO) de 2023, como o Bolsa Fam\u00edlia de 600 reais e o Farm\u00e1cia Popular. A PEC da Transi\u00e7\u00e3o n\u00e3o s\u00f3 abriu margens para esses gastos, como encerrou a Emenda Constitucional (EC) do Teto, que congelava em termos reais as despesas da Uni\u00e3o por 20 anos. Todavia, esse encerramento foi condicionado \u00e0 aprova\u00e7\u00e3o, ainda em 2023, de uma nova regra fiscal via lei complementar.<\/span><\/p>\t\t\t\t\t\t\t\t<\/div>\n\t\t\t\t<\/div>\n\t\t\t\t<div class=\"elementor-element elementor-element-1a5480f elementor-align-justify elementor-widget elementor-widget-button\" data-id=\"1a5480f\" data-element_type=\"widget\" data-e-type=\"widget\" data-widget_type=\"button.default\">\n\t\t\t\t<div class=\"elementor-widget-container\">\n\t\t\t\t\t\t\t\t\t<div class=\"elementor-button-wrapper\">\n\t\t\t\t\t<a class=\"elementor-button elementor-button-link elementor-size-sm\" href=\"https:\/\/drive.google.com\/file\/d\/1AFLXSWkZsDUnn_iZUqiU7xq8138G3Xo5\/view?usp=drive_link\" target=\"_blank\">\n\t\t\t\t\t\t<span class=\"elementor-button-content-wrapper\">\n\t\t\t\t\t\t\t\t\t<span class=\"elementor-button-text\">A Pol\u00edtica Fiscal do Governo Lula <\/span>\n\t\t\t\t\t<\/span>\n\t\t\t\t\t<\/a>\n\t\t\t\t<\/div>\n\t\t\t\t\t\t\t\t<\/div>\n\t\t\t\t<\/div>\n\t\t\t\t\t<\/div>\n\t\t<\/div>\n\t\t\t\t\t<\/div>\n\t\t<\/section>\n\t\t\t\t<\/div>\n\t\t","protected":false},"excerpt":{"rendered":"<p>Lucas de Carvalho Sancho da Silva(Membro do subgrupo de pol\u00edtica fiscal do Grupo de Conjuntura UFES)Wallace Alves(Membro do subgrupo de [&hellip;]<\/p>\n","protected":false},"author":463,"featured_media":0,"comment_status":"closed","ping_status":"closed","sticky":false,"template":"","format":"standard","meta":{"_bbp_topic_count":0,"_bbp_reply_count":0,"_bbp_total_topic_count":0,"_bbp_total_reply_count":0,"_bbp_voice_count":0,"_bbp_anonymous_reply_count":0,"_bbp_topic_count_hidden":0,"_bbp_reply_count_hidden":0,"_bbp_forum_subforum_count":0,"_uag_custom_page_level_css":"","site-sidebar-layout":"default","site-content-layout":"","ast-site-content-layout":"default","site-content-style":"default","site-sidebar-style":"default","ast-global-header-display":"","ast-banner-title-visibility":"","ast-main-header-display":"","ast-hfb-above-header-display":"","ast-hfb-below-header-display":"","ast-hfb-mobile-header-display":"","site-post-title":"","ast-breadcrumbs-content":"","ast-featured-img":"","footer-sml-layout":"","ast-disable-related-posts":"","theme-transparent-header-meta":"","adv-header-id-meta":"","stick-header-meta":"","header-above-stick-meta":"","header-main-stick-meta":"","header-below-stick-meta":"","astra-migrate-meta-layouts":"default","ast-page-background-enabled":"default","ast-page-background-meta":{"desktop":{"background-color":"var(--ast-global-color-5)","background-image":"","background-repeat":"repeat","background-position":"center center","background-size":"auto","background-attachment":"scroll","background-type":"","background-media":"","overlay-type":"","overlay-color":"","overlay-opacity":"","overlay-gradient":""},"tablet":{"background-color":"","background-image":"","background-repeat":"repeat","background-position":"center center","background-size":"auto","background-attachment":"scroll","background-type":"","background-media":"","overlay-type":"","overlay-color":"","overlay-opacity":"","overlay-gradient":""},"mobile":{"background-color":"","background-image":"","background-repeat":"repeat","background-position":"center center","background-size":"auto","background-attachment":"scroll","background-type":"","background-media":"","overlay-type":"","overlay-color":"","overlay-opacity":"","overlay-gradient":""}},"ast-content-background-meta":{"desktop":{"background-color":"var(--ast-global-color-4)","background-image":"","background-repeat":"repeat","background-position":"center center","background-size":"auto","background-attachment":"scroll","background-type":"","background-media":"","overlay-type":"","overlay-color":"","overlay-opacity":"","overlay-gradient":""},"tablet":{"background-color":"var(--ast-global-color-4)","background-image":"","background-repeat":"repeat","background-position":"center center","background-size":"auto","background-attachment":"scroll","background-type":"","background-media":"","overlay-type":"","overlay-color":"","overlay-opacity":"","overlay-gradient":""},"mobile":{"background-color":"var(--ast-global-color-4)","background-image":"","background-repeat":"repeat","background-position":"center center","background-size":"auto","background-attachment":"scroll","background-type":"","background-media":"","overlay-type":"","overlay-color":"","overlay-opacity":"","overlay-gradient":""}},"footnotes":""},"categories":[19],"tags":[],"class_list":["post-2825","post","type-post","status-publish","format-standard","hentry","category-publicacoes"],"uagb_featured_image_src":{"full":false,"thumbnail":false,"medium":false,"medium_large":false,"large":false,"1536x1536":false,"2048x2048":false},"uagb_author_info":{"display_name":"Karinny Keterly Guilhermino Ferreira","author_link":"https:\/\/blog.ufes.br\/grupodeconjunturaufes\/author\/karinny_keterly-guilhermino-ferreira\/"},"uagb_comment_info":0,"uagb_excerpt":"Lucas de Carvalho Sancho da Silva(Membro do subgrupo de pol\u00edtica fiscal do Grupo de Conjuntura UFES)Wallace Alves(Membro do subgrupo de [&hellip;]","_links":{"self":[{"href":"https:\/\/blog.ufes.br\/grupodeconjunturaufes\/wp-json\/wp\/v2\/posts\/2825","targetHints":{"allow":["GET"]}}],"collection":[{"href":"https:\/\/blog.ufes.br\/grupodeconjunturaufes\/wp-json\/wp\/v2\/posts"}],"about":[{"href":"https:\/\/blog.ufes.br\/grupodeconjunturaufes\/wp-json\/wp\/v2\/types\/post"}],"author":[{"embeddable":true,"href":"https:\/\/blog.ufes.br\/grupodeconjunturaufes\/wp-json\/wp\/v2\/users\/463"}],"replies":[{"embeddable":true,"href":"https:\/\/blog.ufes.br\/grupodeconjunturaufes\/wp-json\/wp\/v2\/comments?post=2825"}],"version-history":[{"count":22,"href":"https:\/\/blog.ufes.br\/grupodeconjunturaufes\/wp-json\/wp\/v2\/posts\/2825\/revisions"}],"predecessor-version":[{"id":2911,"href":"https:\/\/blog.ufes.br\/grupodeconjunturaufes\/wp-json\/wp\/v2\/posts\/2825\/revisions\/2911"}],"wp:attachment":[{"href":"https:\/\/blog.ufes.br\/grupodeconjunturaufes\/wp-json\/wp\/v2\/media?parent=2825"}],"wp:term":[{"taxonomy":"category","embeddable":true,"href":"https:\/\/blog.ufes.br\/grupodeconjunturaufes\/wp-json\/wp\/v2\/categories?post=2825"},{"taxonomy":"post_tag","embeddable":true,"href":"https:\/\/blog.ufes.br\/grupodeconjunturaufes\/wp-json\/wp\/v2\/tags?post=2825"}],"curies":[{"name":"wp","href":"https:\/\/api.w.org\/{rel}","templated":true}]}}