{"id":350,"date":"2020-03-19T15:29:31","date_gmt":"2020-03-19T18:29:31","guid":{"rendered":"http:\/\/blog.ufes.br\/grupodeconjunturaufes\/?p=350"},"modified":"2025-10-13T13:17:46","modified_gmt":"2025-10-13T16:17:46","slug":"mais-tecnologia-e-menos-postos-de-trabalho","status":"publish","type":"post","link":"https:\/\/blog.ufes.br\/grupodeconjunturaufes\/mais-tecnologia-e-menos-postos-de-trabalho\/","title":{"rendered":"MAIS TECNOLOGIA E MENOS POSTOS DE TRABALHO?"},"content":{"rendered":"\n<p><\/p>\n\n\n\n<p><img fetchpriority=\"high\" decoding=\"async\" width=\"768\" height=\"281\" class=\"wp-image-351\" style=\"width: 650px\" src=\"http:\/\/blog.ufes.br\/grupodeconjunturaufes\/files\/2020\/03\/henrique-1.jpg\" alt=\"\"><\/p>\n\n\n\n<p>Por Prof. Dr. Henrique Braga (Coordenador do subgrupo Pol\u00edtica Monet\u00e1ria &#8211; Grupo de Conjuntura\/Economia\/UFES)<\/p>\n\n\n<p style=\"text-align: justify\">Em recente ensaio jornal\u00edstico, o professor da Faculdade de Economia e Administra\u00e7\u00e3o da USP, Paulo Feldmann, afirmou que, com o avan\u00e7o da rob\u00f3tica, da internet das coisas e da intelig\u00eancia artificial diversas profiss\u00f5es ser\u00e3o extintas. Antes que se pense que ser\u00e3o suprimidos os trabalhos de baixa qualifica\u00e7\u00e3o, como ocorreu ao longo dos s\u00e9culos XIX e XX, o autor ressalta que ser\u00e3o abolidos os postos de trabalho de elevada qualifica\u00e7\u00e3o, como advogados, m\u00e9dicos, professores, engenheiros, dentre outros. Como resultado, avizinha-se um mundo de desempregados. Se esse \u00e9 o horizonte, cabe perguntar, o que seria poss\u00edvel fazer? E, tamb\u00e9m, quais s\u00e3o as consequ\u00eancias sociais?<\/p>\n<p style=\"text-align: justify\">Abordando o mesmo tema, o jornalista argentino Andr\u00e9s Oppenheimer argumenta que a quest\u00e3o social importante na iminente destrui\u00e7\u00e3o de postos de trabalho reside no pr\u00f3prio processo dessas perdas. Isso porque, por um lado, as profiss\u00f5es amea\u00e7adas s\u00e3o aquelas vinculadas \u00e0 classe m\u00e9dia, desestabilizando esse extrato social, ao inviabilizar seu meio de vida e, assim, sua maneira de viver. Por outro lado, a transi\u00e7\u00e3o para as novas profiss\u00f5es pode ser traum\u00e1tica, tanto porque, ao que parece, ser\u00e3o criados poucos empregos em segmentos espec\u00edficos de alta tecnologia, restando empregos relacionados aos servi\u00e7os pessoais, caracterizados pela intermit\u00eancia e menor remunera\u00e7\u00e3o. Nesse particular quem e quantos poder\u00e3o transitar para os novos trabalhos? Como ocorrer\u00e1 essa transi\u00e7\u00e3o?<\/p>\n<p style=\"text-align: justify\">Embora as afirma\u00e7\u00f5es contundentes desses textos a respeito da configura\u00e7\u00e3o do mundo do trabalho nas pr\u00f3ximas d\u00e9cadas devam ser tomadas com cautela, o quadro desenhado por eles e as quest\u00f5es que suscitam nos permitem buscar poss\u00edveis desdobramentos das transforma\u00e7\u00f5es em curso. Oppenheimer, recuperando entrevista com o pesquisador Nick Bostrom, da Universidade de Oxford, sugere a eclos\u00e3o de uma sociedade em que o trabalho n\u00e3o seja um imperativo. Distintamente, se partirmos da hip\u00f3tese de que o trabalho continua a ser central \u00e0 vida social, mesmo ante a possibilidade concreta de reduzir drasticamente as jornadas de trabalho, o que o futuro parece nos reservar?<\/p>\n<p style=\"text-align: justify\">Se lembrarmos que a maioria dos seres humanos, at\u00e9 meados do s\u00e9culo XVIII, n\u00e3o convivia com uma jornada de trabalho cont\u00ednua, intensa e extensa, e que essa mudan\u00e7a se consolidou em meados do s\u00e9culo XIX, podemos intuir poss\u00edveis sentidos das transforma\u00e7\u00f5es em curso. Talvez o que estamos vivenciando seja a conforma\u00e7\u00e3o de uma nova forma de sociabilidade do trabalho. E, por isso, melhores respostas \u00e0s quest\u00f5es colocadas exigem localizar a reflex\u00e3o acerca dos acontecimentos em curso num campo mais aberto e din\u00e2mico, que considere um horizonte maior da hist\u00f3ria humana, descortinando, assim, seus limites e possibilidades.<\/p>","protected":false},"excerpt":{"rendered":"<p>Por Prof. Dr. Henrique Braga (Coordenador do subgrupo Pol\u00edtica Monet\u00e1ria &#8211; Grupo de Conjuntura\/Economia\/UFES) Em recente ensaio jornal\u00edstico, o professor [&hellip;]<\/p>\n","protected":false},"author":383,"featured_media":0,"comment_status":"closed","ping_status":"closed","sticky":false,"template":"","format":"standard","meta":{"_bbp_topic_count":0,"_bbp_reply_count":0,"_bbp_total_topic_count":0,"_bbp_total_reply_count":0,"_bbp_voice_count":0,"_bbp_anonymous_reply_count":0,"_bbp_topic_count_hidden":0,"_bbp_reply_count_hidden":0,"_bbp_forum_subforum_count":0,"_uag_custom_page_level_css":"","site-sidebar-layout":"default","site-content-layout":"","ast-site-content-layout":"default","site-content-style":"default","site-sidebar-style":"default","ast-global-header-display":"","ast-banner-title-visibility":"","ast-main-header-display":"","ast-hfb-above-header-display":"","ast-hfb-below-header-display":"","ast-hfb-mobile-header-display":"","site-post-title":"","ast-breadcrumbs-content":"","ast-featured-img":"","footer-sml-layout":"","ast-disable-related-posts":"","theme-transparent-header-meta":"","adv-header-id-meta":"","stick-header-meta":"","header-above-stick-meta":"","header-main-stick-meta":"","header-below-stick-meta":"","astra-migrate-meta-layouts":"default","ast-page-background-enabled":"default","ast-page-background-meta":{"desktop":{"background-color":"var(--ast-global-color-5)","background-image":"","background-repeat":"repeat","background-position":"center center","background-size":"auto","background-attachment":"scroll","background-type":"","background-media":"","overlay-type":"","overlay-color":"","overlay-opacity":"","overlay-gradient":""},"tablet":{"background-color":"","background-image":"","background-repeat":"repeat","background-position":"center center","background-size":"auto","background-attachment":"scroll","background-type":"","background-media":"","overlay-type":"","overlay-color":"","overlay-opacity":"","overlay-gradient":""},"mobile":{"background-color":"","background-image":"","background-repeat":"repeat","background-position":"center center","background-size":"auto","background-attachment":"scroll","background-type":"","background-media":"","overlay-type":"","overlay-color":"","overlay-opacity":"","overlay-gradient":""}},"ast-content-background-meta":{"desktop":{"background-color":"var(--ast-global-color-4)","background-image":"","background-repeat":"repeat","background-position":"center center","background-size":"auto","background-attachment":"scroll","background-type":"","background-media":"","overlay-type":"","overlay-color":"","overlay-opacity":"","overlay-gradient":""},"tablet":{"background-color":"var(--ast-global-color-4)","background-image":"","background-repeat":"repeat","background-position":"center center","background-size":"auto","background-attachment":"scroll","background-type":"","background-media":"","overlay-type":"","overlay-color":"","overlay-opacity":"","overlay-gradient":""},"mobile":{"background-color":"var(--ast-global-color-4)","background-image":"","background-repeat":"repeat","background-position":"center center","background-size":"auto","background-attachment":"scroll","background-type":"","background-media":"","overlay-type":"","overlay-color":"","overlay-opacity":"","overlay-gradient":""}},"footnotes":""},"categories":[19],"tags":[22,106,6,7,23,81,10,101,100,83,120,44,104,37,94,123,121,119,124,17],"class_list":["post-350","post","type-post","status-publish","format-standard","hentry","category-publicacoes","tag-artigo","tag-artigo-economico","tag-conjuntura","tag-conjuntura-economica","tag-economia","tag-economia-2018","tag-economia-brasileira","tag-economia-domestica","tag-economia-nacional","tag-emprego","tag-feldmann","tag-henrique","tag-henrique-braga","tag-macroeconomia","tag-mercado-de-trabalho","tag-nick-bostrom","tag-postos-de-trabalho","tag-tecnologia","tag-trabalho","tag-ufes"],"uagb_featured_image_src":{"full":false,"thumbnail":false,"medium":false,"medium_large":false,"large":false,"1536x1536":false,"2048x2048":false},"uagb_author_info":{"display_name":"Luiz Carlos Santos","author_link":"https:\/\/blog.ufes.br\/grupodeconjunturaufes\/author\/luiz_carlos-santos-de-jesus\/"},"uagb_comment_info":0,"uagb_excerpt":"Por Prof. Dr. Henrique Braga (Coordenador do subgrupo Pol\u00edtica Monet\u00e1ria &#8211; Grupo de Conjuntura\/Economia\/UFES) Em recente ensaio jornal\u00edstico, o professor [&hellip;]","_links":{"self":[{"href":"https:\/\/blog.ufes.br\/grupodeconjunturaufes\/wp-json\/wp\/v2\/posts\/350","targetHints":{"allow":["GET"]}}],"collection":[{"href":"https:\/\/blog.ufes.br\/grupodeconjunturaufes\/wp-json\/wp\/v2\/posts"}],"about":[{"href":"https:\/\/blog.ufes.br\/grupodeconjunturaufes\/wp-json\/wp\/v2\/types\/post"}],"author":[{"embeddable":true,"href":"https:\/\/blog.ufes.br\/grupodeconjunturaufes\/wp-json\/wp\/v2\/users\/383"}],"replies":[{"embeddable":true,"href":"https:\/\/blog.ufes.br\/grupodeconjunturaufes\/wp-json\/wp\/v2\/comments?post=350"}],"version-history":[{"count":3,"href":"https:\/\/blog.ufes.br\/grupodeconjunturaufes\/wp-json\/wp\/v2\/posts\/350\/revisions"}],"predecessor-version":[{"id":1675,"href":"https:\/\/blog.ufes.br\/grupodeconjunturaufes\/wp-json\/wp\/v2\/posts\/350\/revisions\/1675"}],"wp:attachment":[{"href":"https:\/\/blog.ufes.br\/grupodeconjunturaufes\/wp-json\/wp\/v2\/media?parent=350"}],"wp:term":[{"taxonomy":"category","embeddable":true,"href":"https:\/\/blog.ufes.br\/grupodeconjunturaufes\/wp-json\/wp\/v2\/categories?post=350"},{"taxonomy":"post_tag","embeddable":true,"href":"https:\/\/blog.ufes.br\/grupodeconjunturaufes\/wp-json\/wp\/v2\/tags?post=350"}],"curies":[{"name":"wp","href":"https:\/\/api.w.org\/{rel}","templated":true}]}}