{"id":353,"date":"2020-03-19T15:37:50","date_gmt":"2020-03-19T18:37:50","guid":{"rendered":"http:\/\/blog.ufes.br\/grupodeconjunturaufes\/?p=353"},"modified":"2025-10-13T13:17:46","modified_gmt":"2025-10-13T16:17:46","slug":"a-inflacao-brasileira-em-meio-as-incertezas","status":"publish","type":"post","link":"https:\/\/blog.ufes.br\/grupodeconjunturaufes\/a-inflacao-brasileira-em-meio-as-incertezas\/","title":{"rendered":"A INFLA\u00c7\u00c3O BRASILEIRA EM MEIO \u00c0S INCERTEZAS"},"content":{"rendered":"\n<p><\/p>\n\n\n\n<p class=\"has-text-align-center\"><img fetchpriority=\"high\" decoding=\"async\" width=\"768\" height=\"432\" class=\"wp-image-355\" style=\"width: 650px\" src=\"http:\/\/blog.ufes.br\/grupodeconjunturaufes\/files\/2020\/03\/gustavo2.jpg\" alt=\"\"><\/p>\n\n\n\n<p>Prof. Dr. Gustavo Moura (coordenador do subgrupo Infla\u00e7\u00e3o \u2013 Grupo de Conjuntura\/UFES)<\/p>\n\n\n<p style=\"text-align: justify\">Ap\u00f3s uma contundente queda, que se inicia no final de 2016 e se prolonga at\u00e9 o in\u00edcio de 2018, a infla\u00e7\u00e3o brasileira, conforme o \u00cdndice de Pre\u00e7os ao Consumidor Amplo (IPCA), medido pelo IBGE, mostrou uma tend\u00eancia a fechar o ano pr\u00f3xima ao centro da meta inflacion\u00e1ria. O acumulado do IPCA at\u00e9 o m\u00eas de setembro de 2018 foi de 3,34%, muito maior que o verificado no mesmo per\u00edodo de 2017, que foi de 1,77%, e superior inclusive ao acumulado de todo o ano, de 2,95% (abaixo do piso da meta, por conseguinte).<\/p>\n<p style=\"text-align: justify\">Como se sabe, a referida queda da infla\u00e7\u00e3o deveu-se, em grande medida, \u00e0 crise econ\u00f4mica brasileira, que levou a um retrocesso de mais de 10% do PIB per capita entre o in\u00edcio de 2014 e o final de 2016, e ao bom desempenho do agroneg\u00f3cio, que registrou safras recordes nos \u00faltimos anos. Ao contr\u00e1rio, a acelera\u00e7\u00e3o inflacion\u00e1ria deste ano foi causada principalmente pela greve dos caminhoneiros, pela forte desvaloriza\u00e7\u00e3o do real, ocorrida at\u00e9 certa altura do pleito eleitoral, e pela eleva\u00e7\u00e3o dos custos de energia el\u00e9trica e de combust\u00edveis, com destaque para a gasolina e o diesel.<\/p>\n<p style=\"text-align: justify\">Cabe destacar que esses fen\u00f4menos tiveram particular impacto sobre os produtores, conforme atesta o \u00cdndice de Pre\u00e7os ao Produtor Amplo, medido pelo IBRE-FGV, que registrou uma alta de 11,36% entre janeiro e setembro de 2018. Diga-se de passagem, os custos mais elevados para os produtores tendem a ser repassados aos produtos finais, podendo eventualmente repercutir nos \u00edndices de pre\u00e7os ao consumidor.<\/p>\n<p style=\"text-align: justify\">Por outro lado, nas \u00faltimas semanas houve uma expressiva valoriza\u00e7\u00e3o do real, em decorr\u00eancia do resultado das elei\u00e7\u00f5es presidenciais, o que tende a baratear os referidos custos de produ\u00e7\u00e3o. Isso porque a ind\u00fastria brasileira \u00e9 bastante dependente da importa\u00e7\u00e3o de equipamentos e insumos relevantes, o que \u00e9 ainda favorecido pelas medidas tomadas pela C\u00e2mara de Com\u00e9rcio Exterior (CAMEX) neste ano, eliminando tarifas para importa\u00e7\u00e3o de bens de capital e de inform\u00e1tica.<\/p>\n<p style=\"text-align: justify\">Como se sabe, a trajet\u00f3ria inflacion\u00e1ria para o pr\u00f3ximo per\u00edodo depende do desempenho geral da economia brasileira (e mundial); logo, com a mudan\u00e7a de governo, em curso, e as turbul\u00eancias internacionais, das quais a guerra comercial deflagrada pela gest\u00e3o Trump \u00e9 express\u00e3o, torna-se temer\u00e1rio realizar uma previs\u00e3o para o pr\u00f3ximo ano.<\/p>","protected":false},"excerpt":{"rendered":"<p>Prof. Dr. Gustavo Moura (coordenador do subgrupo Infla\u00e7\u00e3o \u2013 Grupo de Conjuntura\/UFES) Ap\u00f3s uma contundente queda, que se inicia no [&hellip;]<\/p>\n","protected":false},"author":383,"featured_media":0,"comment_status":"closed","ping_status":"closed","sticky":false,"template":"","format":"standard","meta":{"_bbp_topic_count":0,"_bbp_reply_count":0,"_bbp_total_topic_count":0,"_bbp_total_reply_count":0,"_bbp_voice_count":0,"_bbp_anonymous_reply_count":0,"_bbp_topic_count_hidden":0,"_bbp_reply_count_hidden":0,"_bbp_forum_subforum_count":0,"_uag_custom_page_level_css":"","site-sidebar-layout":"default","site-content-layout":"","ast-site-content-layout":"default","site-content-style":"default","site-sidebar-style":"default","ast-global-header-display":"","ast-banner-title-visibility":"","ast-main-header-display":"","ast-hfb-above-header-display":"","ast-hfb-below-header-display":"","ast-hfb-mobile-header-display":"","site-post-title":"","ast-breadcrumbs-content":"","ast-featured-img":"","footer-sml-layout":"","ast-disable-related-posts":"","theme-transparent-header-meta":"","adv-header-id-meta":"","stick-header-meta":"","header-above-stick-meta":"","header-main-stick-meta":"","header-below-stick-meta":"","astra-migrate-meta-layouts":"default","ast-page-background-enabled":"default","ast-page-background-meta":{"desktop":{"background-color":"var(--ast-global-color-5)","background-image":"","background-repeat":"repeat","background-position":"center center","background-size":"auto","background-attachment":"scroll","background-type":"","background-media":"","overlay-type":"","overlay-color":"","overlay-opacity":"","overlay-gradient":""},"tablet":{"background-color":"","background-image":"","background-repeat":"repeat","background-position":"center center","background-size":"auto","background-attachment":"scroll","background-type":"","background-media":"","overlay-type":"","overlay-color":"","overlay-opacity":"","overlay-gradient":""},"mobile":{"background-color":"","background-image":"","background-repeat":"repeat","background-position":"center center","background-size":"auto","background-attachment":"scroll","background-type":"","background-media":"","overlay-type":"","overlay-color":"","overlay-opacity":"","overlay-gradient":""}},"ast-content-background-meta":{"desktop":{"background-color":"var(--ast-global-color-4)","background-image":"","background-repeat":"repeat","background-position":"center center","background-size":"auto","background-attachment":"scroll","background-type":"","background-media":"","overlay-type":"","overlay-color":"","overlay-opacity":"","overlay-gradient":""},"tablet":{"background-color":"var(--ast-global-color-4)","background-image":"","background-repeat":"repeat","background-position":"center center","background-size":"auto","background-attachment":"scroll","background-type":"","background-media":"","overlay-type":"","overlay-color":"","overlay-opacity":"","overlay-gradient":""},"mobile":{"background-color":"var(--ast-global-color-4)","background-image":"","background-repeat":"repeat","background-position":"center center","background-size":"auto","background-attachment":"scroll","background-type":"","background-media":"","overlay-type":"","overlay-color":"","overlay-opacity":"","overlay-gradient":""}},"footnotes":""},"categories":[19],"tags":[27,22,106,6,52,7,78,26,127,126,23,81,10,101,100,86,87,125,72,37,42],"class_list":["post-353","post","type-post","status-publish","format-standard","hentry","category-publicacoes","tag-analise-economica","tag-artigo","tag-artigo-economico","tag-conjuntura","tag-conjuntura-brasileira","tag-conjuntura-economica","tag-crescimento-brasileiro","tag-crescimento-economico","tag-crise-brasileira","tag-crise-economica","tag-economia","tag-economia-2018","tag-economia-brasileira","tag-economia-domestica","tag-economia-nacional","tag-economia-politica","tag-gustavo","tag-gustavo-moura","tag-inflacao","tag-macroeconomia","tag-politica-economica"],"uagb_featured_image_src":{"full":false,"thumbnail":false,"medium":false,"medium_large":false,"large":false,"1536x1536":false,"2048x2048":false},"uagb_author_info":{"display_name":"Luiz Carlos Santos","author_link":"https:\/\/blog.ufes.br\/grupodeconjunturaufes\/author\/luiz_carlos-santos-de-jesus\/"},"uagb_comment_info":0,"uagb_excerpt":"Prof. Dr. Gustavo Moura (coordenador do subgrupo Infla\u00e7\u00e3o \u2013 Grupo de Conjuntura\/UFES) Ap\u00f3s uma contundente queda, que se inicia no [&hellip;]","_links":{"self":[{"href":"https:\/\/blog.ufes.br\/grupodeconjunturaufes\/wp-json\/wp\/v2\/posts\/353","targetHints":{"allow":["GET"]}}],"collection":[{"href":"https:\/\/blog.ufes.br\/grupodeconjunturaufes\/wp-json\/wp\/v2\/posts"}],"about":[{"href":"https:\/\/blog.ufes.br\/grupodeconjunturaufes\/wp-json\/wp\/v2\/types\/post"}],"author":[{"embeddable":true,"href":"https:\/\/blog.ufes.br\/grupodeconjunturaufes\/wp-json\/wp\/v2\/users\/383"}],"replies":[{"embeddable":true,"href":"https:\/\/blog.ufes.br\/grupodeconjunturaufes\/wp-json\/wp\/v2\/comments?post=353"}],"version-history":[{"count":2,"href":"https:\/\/blog.ufes.br\/grupodeconjunturaufes\/wp-json\/wp\/v2\/posts\/353\/revisions"}],"predecessor-version":[{"id":461,"href":"https:\/\/blog.ufes.br\/grupodeconjunturaufes\/wp-json\/wp\/v2\/posts\/353\/revisions\/461"}],"wp:attachment":[{"href":"https:\/\/blog.ufes.br\/grupodeconjunturaufes\/wp-json\/wp\/v2\/media?parent=353"}],"wp:term":[{"taxonomy":"category","embeddable":true,"href":"https:\/\/blog.ufes.br\/grupodeconjunturaufes\/wp-json\/wp\/v2\/categories?post=353"},{"taxonomy":"post_tag","embeddable":true,"href":"https:\/\/blog.ufes.br\/grupodeconjunturaufes\/wp-json\/wp\/v2\/tags?post=353"}],"curies":[{"name":"wp","href":"https:\/\/api.w.org\/{rel}","templated":true}]}}