{"id":394,"date":"2020-03-19T18:30:36","date_gmt":"2020-03-19T21:30:36","guid":{"rendered":"http:\/\/blog.ufes.br\/grupodeconjunturaufes\/?p=394"},"modified":"2025-10-13T13:12:19","modified_gmt":"2025-10-13T16:12:19","slug":"conjuntura-economica-capixaba-com-ana-carolina-giuberti","status":"publish","type":"post","link":"https:\/\/blog.ufes.br\/grupodeconjunturaufes\/conjuntura-economica-capixaba-com-ana-carolina-giuberti\/","title":{"rendered":"Conjuntura Econ\u00f4mica Capixaba com Ana Carolina Giuberti"},"content":{"rendered":"\n<p><\/p>\n\n\n<p><img fetchpriority=\"high\" decoding=\"async\" class=\"alignnone size-full wp-image-395\" src=\"http:\/\/blog.ufes.br\/grupodeconjunturaufes\/files\/2020\/03\/ana-pib.jpg\" alt=\"\" width=\"960\" height=\"720\" \/><br \/><!--StartFragment--><\/p>\n<p>Por Mariana Mischiatti<\/p>\n<p><!-- \/wp:post-content --><!-- wp:paragraph --><\/p>\n<p><!-- \/wp:paragraph --><!-- wp:paragraph --><\/p>\n<p style=\"text-align: justify\">Na \u00faltima sexta-feira, o Grupo de Conjuntura recebeu professora Ana Carolina Giuberti (UFES) para uma palestra sobre conjuntura econ\u00f4mica do estado do Esp\u00edrito Santo, na qual foram apresentados os principais dados econ\u00f4micos do Estado, com \u00eanfase na estrutura produtiva da economia. De acordo com os dados, essa \u00e1rea sinaliza a vitalidade da economia.<\/p>\n<p style=\"text-align: justify\"><!-- \/wp:paragraph --><!-- wp:paragraph --><\/p>\n<p style=\"text-align: justify\">Ana exp\u00f4s que o que diferencia a estrutura produtiva do Esp\u00edrito Santo \u00e9 o que essa recebe de insumo e o que entrega de produto final, de acordo com as fontes do IBGE, e ao observar os grandes setores produtivos de 2012 e 2016, percebe-se que houve uma mudan\u00e7a em um curto per\u00edodo, e isso foi provocado pela queda da participa\u00e7\u00e3o da ind\u00fastria, queda do pre\u00e7o do petr\u00f3leo e paraliza\u00e7\u00e3o das atividades da Samarco, que gestaram as condi\u00e7\u00f5es para que os outros setores despontassem. Isso demonstra como a ind\u00fastria capixaba \u00e9 concentrada e repercute no andamento da conjuntura econ\u00f4mica do Estado.<\/p>\n<p style=\"text-align: justify\"><!-- \/wp:paragraph --><!-- wp:paragraph --><\/p>\n<p style=\"text-align: justify\">O Esp\u00edrito Santo demonstrou um crescimento de 2,8% no PIB, a agricultura cresceu 40,7% por exemplo, se recuperando de 2 anos de seca, contribuindo para o crescimento do PIB que representa 4% da economia capixaba. A Industria fechou negativo -0,9%. O que vinha acontecendo antes disso, para entender o indicativo de tend\u00eancias para esse ano de 2019. J\u00e1 o comercio varejista, a partir de 2016 come\u00e7ou a apresentar recupera\u00e7\u00e3o, e a partir de 2018 come\u00e7ou a crescer acumulando 13,6%.<\/p>\n<p style=\"text-align: justify\"><!-- \/wp:paragraph --><!-- wp:paragraph --><\/p>\n<p style=\"text-align: justify\">No ano de 2015 a ind\u00fastria capixaba ainda n\u00e3o estava em recess\u00e3o como restante do pa\u00eds, at\u00e9 o m\u00eas de novembro do mesmo ano, quando houve a paralisa\u00e7\u00e3o da Samarco, ent\u00e3o come\u00e7a a queda. O per\u00edodo de recupera\u00e7\u00e3o n\u00e3o se sustenta, e no final de 2017 come\u00e7am as taxa negativas da ind\u00fastria, dada a perda de peso da ind\u00fastria extrativa, a ind\u00fastria brasileira se recuperou mas a capixaba n\u00e3o conseguiu.<\/p>\n<p style=\"text-align: justify\"><!-- \/wp:paragraph --><!-- wp:paragraph --><\/p>\n<p style=\"text-align: justify\">Para completar o trio, o setor de servi\u00e7os. Ap\u00f3s a crise econ\u00f4mica, o setor conseguiu uma recupera\u00e7\u00e3o. Por\u00e9m, no in\u00edcio de 2018, verifica-se uma estagna\u00e7\u00e3o.<\/p>\n<p style=\"text-align: justify\"><!-- \/wp:paragraph --><!-- wp:paragraph --><\/p>\n<p style=\"text-align: justify\">Pode-se concluir, de acordo com os dados expostos desses tr\u00eas setores, que a economia capixaba iniciou uma trajet\u00f3ria de recupera\u00e7\u00e3o, no entanto houve em seguida uma estagna\u00e7\u00e3o, pois a economia brasileira, de forma geral, tamb\u00e9m n\u00e3o est\u00e1 crescendo, em fun\u00e7\u00e3o das expectativas dos acontecimentos de cunho pol\u00edtico, como a tramita\u00e7\u00e3o da PEC que<br \/>pretende reformar o sistema previdenci\u00e1rio do pa\u00eds. E em fun\u00e7\u00e3o dessas expectativas, os investimentos privados est\u00e3o condicionados \u00e0 aprova\u00e7\u00e3o da emenda.<\/p>\n<p style=\"text-align: justify\"><!-- \/wp:paragraph --><!-- wp:paragraph --><\/p>\n<p style=\"text-align: justify\">No mercado de trabalho, o emprego formal no auge da crise econ\u00f4mica Acumulou perda de 50 mil postos. Mas est\u00e1 esbo\u00e7ando uma recupera\u00e7\u00e3o, ainda que muito lenta e gradual.<\/p>\n<p style=\"text-align: justify\"><!-- \/wp:paragraph --><!-- wp:paragraph --><\/p>\n<p style=\"text-align: justify\">Por fim, o PIB do Brasil e do ES, em compara\u00e7\u00e3o a 2014-2018, 2014 cresceu 3,3% no ES e o Brasil 0,5%. Em 2015, houve uma queda 2,1%, e no Brasil houve queda de 3,5%. H\u00e1 recupera\u00e7\u00e3o de 1% ao ano a partir de 2017 no Brasil e 2% ao ano no ES. E para 2019, a proje\u00e7\u00e3o de crescimento \u00e9<br \/>de 2%, estima-se um crescimento abaixo do que era esperado no in\u00edcio do ano, e para o Esp\u00edrito Santo \u00e9 previsto um crescimento de 2% dado o cen\u00e1rio atual.<\/p>\n<p><!--EndFragment--><\/p>","protected":false},"excerpt":{"rendered":"<p>Por Mariana Mischiatti Na \u00faltima sexta-feira, o Grupo de Conjuntura recebeu professora Ana Carolina Giuberti (UFES) para uma palestra sobre [&hellip;]<\/p>\n","protected":false},"author":383,"featured_media":0,"comment_status":"closed","ping_status":"closed","sticky":false,"template":"","format":"standard","meta":{"_bbp_topic_count":0,"_bbp_reply_count":0,"_bbp_total_topic_count":0,"_bbp_total_reply_count":0,"_bbp_voice_count":0,"_bbp_anonymous_reply_count":0,"_bbp_topic_count_hidden":0,"_bbp_reply_count_hidden":0,"_bbp_forum_subforum_count":0,"_uag_custom_page_level_css":"","site-sidebar-layout":"default","site-content-layout":"","ast-site-content-layout":"default","site-content-style":"default","site-sidebar-style":"default","ast-global-header-display":"","ast-banner-title-visibility":"","ast-main-header-display":"","ast-hfb-above-header-display":"","ast-hfb-below-header-display":"","ast-hfb-mobile-header-display":"","site-post-title":"","ast-breadcrumbs-content":"","ast-featured-img":"","footer-sml-layout":"","ast-disable-related-posts":"","theme-transparent-header-meta":"","adv-header-id-meta":"","stick-header-meta":"","header-above-stick-meta":"","header-main-stick-meta":"","header-below-stick-meta":"","astra-migrate-meta-layouts":"default","ast-page-background-enabled":"default","ast-page-background-meta":{"desktop":{"background-color":"var(--ast-global-color-5)","background-image":"","background-repeat":"repeat","background-position":"center center","background-size":"auto","background-attachment":"scroll","background-type":"","background-media":"","overlay-type":"","overlay-color":"","overlay-opacity":"","overlay-gradient":""},"tablet":{"background-color":"","background-image":"","background-repeat":"repeat","background-position":"center center","background-size":"auto","background-attachment":"scroll","background-type":"","background-media":"","overlay-type":"","overlay-color":"","overlay-opacity":"","overlay-gradient":""},"mobile":{"background-color":"","background-image":"","background-repeat":"repeat","background-position":"center center","background-size":"auto","background-attachment":"scroll","background-type":"","background-media":"","overlay-type":"","overlay-color":"","overlay-opacity":"","overlay-gradient":""}},"ast-content-background-meta":{"desktop":{"background-color":"var(--ast-global-color-4)","background-image":"","background-repeat":"repeat","background-position":"center center","background-size":"auto","background-attachment":"scroll","background-type":"","background-media":"","overlay-type":"","overlay-color":"","overlay-opacity":"","overlay-gradient":""},"tablet":{"background-color":"var(--ast-global-color-4)","background-image":"","background-repeat":"repeat","background-position":"center center","background-size":"auto","background-attachment":"scroll","background-type":"","background-media":"","overlay-type":"","overlay-color":"","overlay-opacity":"","overlay-gradient":""},"mobile":{"background-color":"var(--ast-global-color-4)","background-image":"","background-repeat":"repeat","background-position":"center center","background-size":"auto","background-attachment":"scroll","background-type":"","background-media":"","overlay-type":"","overlay-color":"","overlay-opacity":"","overlay-gradient":""}},"footnotes":""},"categories":[899,19],"tags":[146,27,131,23,59,62,152,57,154],"class_list":["post-394","post","type-post","status-publish","format-standard","hentry","category-palestras","category-publicacoes","tag-ana-carolina-giuberti","tag-analise-economica","tag-conjuntura-capixaba","tag-economia","tag-economia-capixaba","tag-economia-es","tag-economia-espirito-santo","tag-palestra","tag-pib-es"],"uagb_featured_image_src":{"full":false,"thumbnail":false,"medium":false,"medium_large":false,"large":false,"1536x1536":false,"2048x2048":false},"uagb_author_info":{"display_name":"Luiz Carlos Santos","author_link":"https:\/\/blog.ufes.br\/grupodeconjunturaufes\/author\/luiz_carlos-santos-de-jesus\/"},"uagb_comment_info":0,"uagb_excerpt":"Por Mariana Mischiatti Na \u00faltima sexta-feira, o Grupo de Conjuntura recebeu professora Ana Carolina Giuberti (UFES) para uma palestra sobre [&hellip;]","_links":{"self":[{"href":"https:\/\/blog.ufes.br\/grupodeconjunturaufes\/wp-json\/wp\/v2\/posts\/394","targetHints":{"allow":["GET"]}}],"collection":[{"href":"https:\/\/blog.ufes.br\/grupodeconjunturaufes\/wp-json\/wp\/v2\/posts"}],"about":[{"href":"https:\/\/blog.ufes.br\/grupodeconjunturaufes\/wp-json\/wp\/v2\/types\/post"}],"author":[{"embeddable":true,"href":"https:\/\/blog.ufes.br\/grupodeconjunturaufes\/wp-json\/wp\/v2\/users\/383"}],"replies":[{"embeddable":true,"href":"https:\/\/blog.ufes.br\/grupodeconjunturaufes\/wp-json\/wp\/v2\/comments?post=394"}],"version-history":[{"count":4,"href":"https:\/\/blog.ufes.br\/grupodeconjunturaufes\/wp-json\/wp\/v2\/posts\/394\/revisions"}],"predecessor-version":[{"id":3127,"href":"https:\/\/blog.ufes.br\/grupodeconjunturaufes\/wp-json\/wp\/v2\/posts\/394\/revisions\/3127"}],"wp:attachment":[{"href":"https:\/\/blog.ufes.br\/grupodeconjunturaufes\/wp-json\/wp\/v2\/media?parent=394"}],"wp:term":[{"taxonomy":"category","embeddable":true,"href":"https:\/\/blog.ufes.br\/grupodeconjunturaufes\/wp-json\/wp\/v2\/categories?post=394"},{"taxonomy":"post_tag","embeddable":true,"href":"https:\/\/blog.ufes.br\/grupodeconjunturaufes\/wp-json\/wp\/v2\/tags?post=394"}],"curies":[{"name":"wp","href":"https:\/\/api.w.org\/{rel}","templated":true}]}}