{"id":410,"date":"2020-03-19T18:56:52","date_gmt":"2020-03-19T21:56:52","guid":{"rendered":"http:\/\/blog.ufes.br\/grupodeconjunturaufes\/?p=410"},"modified":"2025-10-13T13:17:46","modified_gmt":"2025-10-13T16:17:46","slug":"a-trajetoria-da-inflacao-desde-2015-e-o-regime-de-metas","status":"publish","type":"post","link":"https:\/\/blog.ufes.br\/grupodeconjunturaufes\/a-trajetoria-da-inflacao-desde-2015-e-o-regime-de-metas\/","title":{"rendered":"A TRAJET\u00d3RIA DA INFLA\u00c7\u00c3O DESDE 2015 E O REGIME DE METAS"},"content":{"rendered":"\n<p><\/p>\n\n\n<p><img fetchpriority=\"high\" decoding=\"async\" class=\"alignnone size-full wp-image-411\" src=\"http:\/\/blog.ufes.br\/grupodeconjunturaufes\/files\/2020\/03\/banner-gustavo-2019-1.png\" alt=\"\" width=\"1024\" height=\"576\" \/><\/p>\n<p><!--StartFragment--><\/p>\n<p style=\"text-align: justify\">Neste ano de 2019 o regime de metas de infla\u00e7\u00e3o completa vinte anos de exist\u00eancia. Sob esse regime, como se sabe, o Conselho Monet\u00e1rio Nacional \u00e9 responsabilizado por definir a referida meta, bem como um intervalo m\u00ednimo e m\u00e1ximo de toler\u00e2ncia para a infla\u00e7\u00e3o acumulada em cada ano, com base no \u00cdndice de Pre\u00e7os ao Consumidor Amplo, medido pelo IBGE. Implementado em junho de 1999, o regime de metas de infla\u00e7\u00e3o constitui um pilar do chamado trip\u00e9 macroecon\u00f4mico, junto com o regime de c\u00e2mbio flutuante e o imperativo de manuten\u00e7\u00e3o de super\u00e1vit prim\u00e1rio. N\u00e3o conv\u00e9m aqui considerar seus fundamentos te\u00f3ricos, sua arquitetura, e tampouco remeter ao debate que t\u00eam se travado acerca de sua efetividade. Ao contr\u00e1rio, cabe apenas contrastar a proposta do regime de metas com a trajet\u00f3ria da infla\u00e7\u00e3o brasileira nos \u00faltimos anos.<\/p>\n<p style=\"text-align: justify\"><!-- \/wp:post-content --><!-- wp:paragraph --><\/p>\n<p style=\"text-align: justify\">Em 2015 a infla\u00e7\u00e3o acumulada extrapolou em muito o teto da meta (6,5%), atingindo 10,67%. Isso ocorreu sobretudo ap\u00f3s a liberaliza\u00e7\u00e3o dos chamados pre\u00e7os administrados &#8211; pre\u00e7os de produtos que s\u00e3o objeto de regula\u00e7\u00e3o estatal -, em particular do pre\u00e7o dos combust\u00edveis e da energia el\u00e9trica, que haviam sido represados pelo governo com vistas \u00e0 reduzir custos e estimular o investimento e o crescimento econ\u00f4mico. Depois de se manter elevada ao longo do ano, no \u00faltimo semestre de 2016 a infla\u00e7\u00e3o apresentou forte desacelera\u00e7\u00e3o, o que fez com que o acumulado do ano se mantivesse abaixo do teto da meta, tendo atingido 6,29%. Em 2017, ainda num contexto de forte crise econ\u00f4mica, essa desacelera\u00e7\u00e3o se manteve, e mais uma vez o regime de metas de infla\u00e7\u00e3o foi violado, ent\u00e3o com um acumulado de 2,95%, abaixo<br \/>do piso da meta, por conseguinte.<\/p>\n<p style=\"text-align: justify\"><!-- \/wp:paragraph --><!-- wp:paragraph --><\/p>\n<p style=\"text-align: justify\">J\u00e1 em 2018, a despeito do ainda p\u00edfio desempenho da economia brasileira, houve uma ligeira acelera\u00e7\u00e3o inflacion\u00e1ria, com um acumulado anual de 3,75%. Competiram para esse resultado a eleva\u00e7\u00e3o dos pre\u00e7os da energia el\u00e9trica e dos combust\u00edveis ao longo do ano, a greve dos caminhoneiros, ocorrida em maio, e a expressiva desvaloriza\u00e7\u00e3o do real at\u00e9 \u00e0s v\u00e9speras das elei\u00e7\u00f5es presidenciais.<\/p>\n<p style=\"text-align: justify\"><!-- \/wp:paragraph --><!-- wp:paragraph --><\/p>\n<p style=\"text-align: justify\">Nos primeiros meses de 2019 essa tend\u00eancia inflacion\u00e1ria se mant\u00e9m (somando 1,68% entre janeiro e mar\u00e7o, sempre segundo o IPCA), por\u00e9m mantido esse ritmo a tend\u00eancia \u00e9 a de uma infla\u00e7\u00e3o acumulada pr\u00f3xima ao centro da meta, agora de 4,25%. N\u00e3o obstante, esse tipo de proje\u00e7\u00e3o diz muito pouco diante de tantas vari\u00e1veis que influenciam tal trajet\u00f3ria, e de tantas incertezas em rela\u00e7\u00e3o ao cen\u00e1rio econ\u00f4mico (e pol\u00edtico) atual, com a indefini\u00e7\u00e3o em rela\u00e7\u00e3o aos rumos da Reforma da Previd\u00eancia e de outras promessas da gest\u00e3o Bolsonaro, com perspectivas muito pouco promissoras em rela\u00e7\u00e3o ao desempenho da economia brasileira e da economia mundial, com a amea\u00e7a de ataques cambiais contra o real, com as fortes oscila\u00e7\u00f5es nos pre\u00e7os internacionais dos combust\u00edveis e assim por diante.<\/p>\n<p style=\"text-align: justify\"><!-- \/wp:paragraph --><!-- wp:paragraph --><\/p>\n<p style=\"text-align: justify\">De todo modo, v\u00ea-se nos \u00faltimos anos uma trajet\u00f3ria inflacion\u00e1ria bastante err\u00e1tica, em grande medida condicionada pela din\u00e2mica da crise econ\u00f4mica que eclodiu no in\u00edcio de 2015. Assim, evidencia-se os limites de se considerar essa trajet\u00f3ria como mero resultado de pol\u00edticas governamentais deliberadas de defesa do regime de metas.<\/p>\n<p><!--EndFragment--><\/p>","protected":false},"excerpt":{"rendered":"<p>Neste ano de 2019 o regime de metas de infla\u00e7\u00e3o completa vinte anos de exist\u00eancia. Sob esse regime, como se [&hellip;]<\/p>\n","protected":false},"author":383,"featured_media":0,"comment_status":"closed","ping_status":"closed","sticky":false,"template":"","format":"standard","meta":{"_bbp_topic_count":0,"_bbp_reply_count":0,"_bbp_total_topic_count":0,"_bbp_total_reply_count":0,"_bbp_voice_count":0,"_bbp_anonymous_reply_count":0,"_bbp_topic_count_hidden":0,"_bbp_reply_count_hidden":0,"_bbp_forum_subforum_count":0,"_uag_custom_page_level_css":"","site-sidebar-layout":"default","site-content-layout":"","ast-site-content-layout":"default","site-content-style":"default","site-sidebar-style":"default","ast-global-header-display":"","ast-banner-title-visibility":"","ast-main-header-display":"","ast-hfb-above-header-display":"","ast-hfb-below-header-display":"","ast-hfb-mobile-header-display":"","site-post-title":"","ast-breadcrumbs-content":"","ast-featured-img":"","footer-sml-layout":"","ast-disable-related-posts":"","theme-transparent-header-meta":"","adv-header-id-meta":"","stick-header-meta":"","header-above-stick-meta":"","header-main-stick-meta":"","header-below-stick-meta":"","astra-migrate-meta-layouts":"default","ast-page-background-enabled":"default","ast-page-background-meta":{"desktop":{"background-color":"var(--ast-global-color-5)","background-image":"","background-repeat":"repeat","background-position":"center center","background-size":"auto","background-attachment":"scroll","background-type":"","background-media":"","overlay-type":"","overlay-color":"","overlay-opacity":"","overlay-gradient":""},"tablet":{"background-color":"","background-image":"","background-repeat":"repeat","background-position":"center center","background-size":"auto","background-attachment":"scroll","background-type":"","background-media":"","overlay-type":"","overlay-color":"","overlay-opacity":"","overlay-gradient":""},"mobile":{"background-color":"","background-image":"","background-repeat":"repeat","background-position":"center center","background-size":"auto","background-attachment":"scroll","background-type":"","background-media":"","overlay-type":"","overlay-color":"","overlay-opacity":"","overlay-gradient":""}},"ast-content-background-meta":{"desktop":{"background-color":"var(--ast-global-color-4)","background-image":"","background-repeat":"repeat","background-position":"center center","background-size":"auto","background-attachment":"scroll","background-type":"","background-media":"","overlay-type":"","overlay-color":"","overlay-opacity":"","overlay-gradient":""},"tablet":{"background-color":"var(--ast-global-color-4)","background-image":"","background-repeat":"repeat","background-position":"center center","background-size":"auto","background-attachment":"scroll","background-type":"","background-media":"","overlay-type":"","overlay-color":"","overlay-opacity":"","overlay-gradient":""},"mobile":{"background-color":"var(--ast-global-color-4)","background-image":"","background-repeat":"repeat","background-position":"center center","background-size":"auto","background-attachment":"scroll","background-type":"","background-media":"","overlay-type":"","overlay-color":"","overlay-opacity":"","overlay-gradient":""}},"footnotes":""},"categories":[19],"tags":[27,6,52,7,23,36,10,87,125,72,172,173,37,168,169,170,171],"class_list":["post-410","post","type-post","status-publish","format-standard","hentry","category-publicacoes","tag-analise-economica","tag-conjuntura","tag-conjuntura-brasileira","tag-conjuntura-economica","tag-economia","tag-economia-2019","tag-economia-brasileira","tag-gustavo","tag-gustavo-moura","tag-inflacao","tag-inflacao-brasileira","tag-inflacao-do-brasil","tag-macroeconomia","tag-metas-de-inflacao","tag-regime-de-metas","tag-trajetoria-inflacionaria","tag-trajetoria-inflacionaria-brasileira"],"uagb_featured_image_src":{"full":false,"thumbnail":false,"medium":false,"medium_large":false,"large":false,"1536x1536":false,"2048x2048":false},"uagb_author_info":{"display_name":"Luiz Carlos Santos","author_link":"https:\/\/blog.ufes.br\/grupodeconjunturaufes\/author\/luiz_carlos-santos-de-jesus\/"},"uagb_comment_info":0,"uagb_excerpt":"Neste ano de 2019 o regime de metas de infla\u00e7\u00e3o completa vinte anos de exist\u00eancia. Sob esse regime, como se [&hellip;]","_links":{"self":[{"href":"https:\/\/blog.ufes.br\/grupodeconjunturaufes\/wp-json\/wp\/v2\/posts\/410","targetHints":{"allow":["GET"]}}],"collection":[{"href":"https:\/\/blog.ufes.br\/grupodeconjunturaufes\/wp-json\/wp\/v2\/posts"}],"about":[{"href":"https:\/\/blog.ufes.br\/grupodeconjunturaufes\/wp-json\/wp\/v2\/types\/post"}],"author":[{"embeddable":true,"href":"https:\/\/blog.ufes.br\/grupodeconjunturaufes\/wp-json\/wp\/v2\/users\/383"}],"replies":[{"embeddable":true,"href":"https:\/\/blog.ufes.br\/grupodeconjunturaufes\/wp-json\/wp\/v2\/comments?post=410"}],"version-history":[{"count":3,"href":"https:\/\/blog.ufes.br\/grupodeconjunturaufes\/wp-json\/wp\/v2\/posts\/410\/revisions"}],"predecessor-version":[{"id":446,"href":"https:\/\/blog.ufes.br\/grupodeconjunturaufes\/wp-json\/wp\/v2\/posts\/410\/revisions\/446"}],"wp:attachment":[{"href":"https:\/\/blog.ufes.br\/grupodeconjunturaufes\/wp-json\/wp\/v2\/media?parent=410"}],"wp:term":[{"taxonomy":"category","embeddable":true,"href":"https:\/\/blog.ufes.br\/grupodeconjunturaufes\/wp-json\/wp\/v2\/categories?post=410"},{"taxonomy":"post_tag","embeddable":true,"href":"https:\/\/blog.ufes.br\/grupodeconjunturaufes\/wp-json\/wp\/v2\/tags?post=410"}],"curies":[{"name":"wp","href":"https:\/\/api.w.org\/{rel}","templated":true}]}}