{"id":432,"date":"2020-03-20T01:17:10","date_gmt":"2020-03-20T04:17:10","guid":{"rendered":"http:\/\/blog.ufes.br\/grupodeconjunturaufes\/?p=432"},"modified":"2025-10-13T13:16:15","modified_gmt":"2025-10-13T16:16:15","slug":"a-economia-brasileira-na-berlinda-ante-uma-nova-crise-internacional","status":"publish","type":"post","link":"https:\/\/blog.ufes.br\/grupodeconjunturaufes\/a-economia-brasileira-na-berlinda-ante-uma-nova-crise-internacional\/","title":{"rendered":"A ECONOMIA BRASILEIRA NA BERLINDA ANTE UMA NOVA CRISE INTERNACIONAL"},"content":{"rendered":"\n<p><\/p>\n\n\n<p><img fetchpriority=\"high\" decoding=\"async\" class=\" wp-image-433 aligncenter\" src=\"http:\/\/blog.ufes.br\/grupodeconjunturaufes\/files\/2020\/03\/Opini\u00e3o3-e1572397651449-1.png\" alt=\"\" width=\"452\" height=\"452\" \/><\/p>\n<p>\u00a0<\/p>\n<p style=\"text-align: justify\">Ap\u00f3s sair de uma grave crise interna, que golpeou o crescimento entre 2015 e 2016, a economia brasileira n\u00e3o conseguiu engrenar uma nova rodada de crescimento. Em 2017 e 2018, respectivamente, o crescimento do PIB foi de apenas 1,0 e 1,1%, resultado que indica um processo de estagna\u00e7\u00e3o.<\/p>\n<p style=\"text-align: justify\">As principais vari\u00e1veis que comp\u00f5em o Produto Interno Bruto (PIB), tais como o consumo das fam\u00edlias, o investimento, o consumo do governo e o desempenho da ind\u00fastria ainda n\u00e3o foram reaquecidos, o que demonstra que os motores internos do crescimento est\u00e3o fracos. Com o mercado interno em baixo dinamismo ser\u00e1 que uma recupera\u00e7\u00e3o da economia poderia vir de algum dinamismo externo?<\/p>\n<p style=\"text-align: justify\">Recentemente o Fundo Monet\u00e1rio Internacional (FMI) divulgou uma redu\u00e7\u00e3o da previs\u00e3o da taxa de crescimento global para 3%, a menor desde o estouro da crise financeira internacional de 2008.<\/p>\n<p style=\"text-align: justify\">O pessimismo em rela\u00e7\u00e3o ao crescimento econ\u00f4mico global tem v\u00e1rias origens perpassando, por exemplo, pelas investidas norte-americanas na guerra comercial com a China e os enfrentamentos com o Ir\u00e3, o processo de sa\u00edda do Reino Unido da Uni\u00e3o Europeia (Brexit), a desacelera\u00e7\u00e3o do crescimento chin\u00eas, a quase-estagna\u00e7\u00e3o de v\u00e1rias pot\u00eancias globais como Alemanha, Fran\u00e7a, It\u00e1lia, Jap\u00e3o e Coreia do Sul, as incertezas financeiras na Argentina, entre outros fatores.<\/p>\n<p style=\"text-align: justify\">Estando integrada \u00e0 economia internacional, num processo que se intensificou com a abertura externa no in\u00edcio da d\u00e9cada de 1990, a economia brasileira j\u00e1 est\u00e1 sofrendo os efeitos das mudan\u00e7as dos ares internacionais.<\/p>\n<p style=\"text-align: justify\">A an\u00e1lise da conjuntura do setor externo da economia brasileira, considerando o acumulado de janeiro a agosto de 2019, comparado com o mesmo per\u00edodo de 2018 nos ajuda a compreender aspectos de como a din\u00e2mica externa est\u00e1 afetando a economia brasileira.<\/p>\n<p style=\"text-align: justify\">Nesse per\u00edodo de an\u00e1lise, as exporta\u00e7\u00f5es reduziram-se em 5,5% e as importa\u00e7\u00f5es em 1,3%, o que levou a uma retra\u00e7\u00e3o do super\u00e1vit comercial de 19,04%. Nas exporta\u00e7\u00f5es, o grupo mais afetado foi o de manufaturados (-7,5%), justamente o de maior adicionado, acentuando a tend\u00eancia \u00e0 reprimariza\u00e7\u00e3o da pauta exportadora do pa\u00eds. Nas importa\u00e7\u00f5es o principal grupo afetado foi o de bens de capital (-7,2%), que pode refletir a baixa demanda interna por bens como m\u00e1quinas e equipamentos, importantes para o investimento.<\/p>\n<p style=\"text-align: justify\">O saldo da renda prim\u00e1ria, que representa os pagamentos aos fatores de produ\u00e7\u00e3o (terra, capital e trabalho), teve um aumento do d\u00e9ficit em 26,6% no per\u00edodo. Esse resultado pode ser explicado pela maior remessa de lucros, que alcan\u00e7ou um d\u00e9ficit de US$ 35,25 bilh\u00f5es, o que indica que as empresas estrangeiras instaladas no Brasil est\u00e3o enviando mais lucros para suas matrizes localizadas no exterior.<\/p>\n<p style=\"text-align: justify\">O saldo do Investimento Direto Estrangeiro (IDE), que significa o montante de recursos direcionados para a cria\u00e7\u00e3o de nova capacidade produtiva ou compra de mais de 10% do capital de determinada empresa, ou seja, com perfil mais pr\u00f3ximo ao m\u00e9dio e longo prazo, permaneceu positivo, por\u00e9m com queda de 36,8%. Duas foram as explica\u00e7\u00f5es desse fato, a primeira relacionada com a menor entrada de IDE (-10,5%) e aumento da sa\u00edda de investimento direto do Brasil para o exterior (151,4%). Esse dado pode indicar que, a despeito das incertezas internacionais, os detentores de riqueza est\u00e3o preferindo alocar seu capital fora do Brasil.<\/p>\n<p style=\"text-align: justify\">J\u00e1 o saldo de investimento em carteira, de curto prazo, apresentou uma mudan\u00e7a importante, pois reverteu um saldo positivo de US$ 2,9 bilh\u00f5es no acumulado de 2018 para um saldo negativo de US$ 7,1 bilh\u00f5es em 2019. Esse resultado demonstra que o investidor com perfil mais especulativo est\u00e1 preferindo retirar sua riqueza do pa\u00eds.<\/p>\n<p style=\"text-align: justify\">O movimento dos investimentos especulativos e seus impactos sobre a varia\u00e7\u00e3o cambial levou o Banco Central a tomar uma medida in\u00e9dita em mais de dez anos, que foi realizar opera\u00e7\u00e3o direta de compra e venda de reservas internacionais no mercado de c\u00e2mbio. As reservas internacionais s\u00e3o uma esp\u00e9cie de colch\u00e3o amortecedor contra choques externos. Em setembro de 2019 elas totalizavam US$ 376,43 bilh\u00f5es. De acordo com a Ag\u00eancia Brasil, \u201cDepois de leiloar US$ 26,9 bilh\u00f5es das reservas internacionais nos \u00faltimos meses, o Banco Central (BC) vender\u00e1 mais US$ 11,3 bilh\u00f5es no mercado \u00e0 vista em novembro\u201d <strong>[1]<\/strong>. Dada a instabilidade internacional, pode-se deduzir que a venda direta d\u00f3lares pelo Banco Central pode se tornar uma medida mais comum.<\/p>\n<p style=\"text-align: justify\">Com o resto mundo na imin\u00eancia de uma nova crise e com os motores do crescimento interno desaquecidos, pergunta-se: qual ser\u00e1 a sa\u00edda para retomar o crescimento da economia brasileira?<\/p>\n<h5 style=\"text-align: left\"><strong>Daniel Pereira Sampaio\u00a0 \u00a0 \u00a0 \u00a0 \u00a0 \u00a0 \u00a0 \u00a0 \u00a0 \u00a0 \u00a0 \u00a0 \u00a0 \u00a0 \u00a0 \u00a0 \u00a0 \u00a0 \u00a0 \u00a0 \u00a0 \u00a0 \u00a0 \u00a0 \u00a0 \u00a0 \u00a0 \u00a0 \u00a0 \u00a0 \u00a0 \u00a0 \u00a0 \u00a0 \u00a0 \u00a0 \u00a0 \u00a0 \u00a0 \u00a0 \u00a0 \u00a0 \u00a0 \u00a0 \u00a0 \u00a0 \u00a0 \u00a0 \u00a0 \u00a0 \u00a0 \u00a0 \u00a0 \u00a0 \u00a0 \u00a0 \u00a0 \u00a0 \u00a0Departamento de Economia da UFES<\/strong><\/h5>\n<h5 style=\"text-align: justify\"><strong>[1]<\/strong> M\u00e1ximo, Welton. BC vender\u00e1 mais US$ 11,3 bi de d\u00f3lares das reservas em novembro. <strong>Ag\u00eancia Brasil<\/strong>, publicado em 24 out 2019, 19h38min.\u00a0 \u00a0 \u00a0 \u00a0 \u00a0 \u00a0 \u00a0 \u00a0 \u00a0 \u00a0 \u00a0 \u00a0 \u00a0 \u00a0 \u00a0 \u00a0 \u00a0 \u00a0 \u00a0 \u00a0 \u00a0 \u00a0 \u00a0 \u00a0 \u00a0 \u00a0 \u00a0 \u00a0 \u00a0 \u00a0 \u00a0 \u00a0 \u00a0 \u00a0 \u00a0 \u00a0 \u00a0 \u00a0 \u00a0 \u00a0 \u00a0 \u00a0 \u00a0 \u00a0 \u00a0 \u00a0 \u00a0 \u00a0 \u00a0 \u00a0 \u00a0 \u00a0 \u00a0 \u00a0 \u00a0 \u00a0 \u00a0 \u00a0 \u00a0 \u00a0 \u00a0 Dispon\u00edvel em: &lt;<a href=\"http:\/\/bit.ly\/2N7g7KK\">http:\/\/bit.ly\/2N7g7KK<\/a>&gt;. Acesso em 24 out 2019.<\/h5>","protected":false},"excerpt":{"rendered":"<p>\u00a0 Ap\u00f3s sair de uma grave crise interna, que golpeou o crescimento entre 2015 e 2016, a economia brasileira n\u00e3o [&hellip;]<\/p>\n","protected":false},"author":383,"featured_media":0,"comment_status":"closed","ping_status":"closed","sticky":false,"template":"","format":"standard","meta":{"_bbp_topic_count":0,"_bbp_reply_count":0,"_bbp_total_topic_count":0,"_bbp_total_reply_count":0,"_bbp_voice_count":0,"_bbp_anonymous_reply_count":0,"_bbp_topic_count_hidden":0,"_bbp_reply_count_hidden":0,"_bbp_forum_subforum_count":0,"_uag_custom_page_level_css":"","site-sidebar-layout":"default","site-content-layout":"","ast-site-content-layout":"default","site-content-style":"default","site-sidebar-style":"default","ast-global-header-display":"","ast-banner-title-visibility":"","ast-main-header-display":"","ast-hfb-above-header-display":"","ast-hfb-below-header-display":"","ast-hfb-mobile-header-display":"","site-post-title":"","ast-breadcrumbs-content":"","ast-featured-img":"","footer-sml-layout":"","ast-disable-related-posts":"","theme-transparent-header-meta":"","adv-header-id-meta":"","stick-header-meta":"","header-above-stick-meta":"","header-main-stick-meta":"","header-below-stick-meta":"","astra-migrate-meta-layouts":"default","ast-page-background-enabled":"default","ast-page-background-meta":{"desktop":{"background-color":"var(--ast-global-color-5)","background-image":"","background-repeat":"repeat","background-position":"center center","background-size":"auto","background-attachment":"scroll","background-type":"","background-media":"","overlay-type":"","overlay-color":"","overlay-opacity":"","overlay-gradient":""},"tablet":{"background-color":"","background-image":"","background-repeat":"repeat","background-position":"center center","background-size":"auto","background-attachment":"scroll","background-type":"","background-media":"","overlay-type":"","overlay-color":"","overlay-opacity":"","overlay-gradient":""},"mobile":{"background-color":"","background-image":"","background-repeat":"repeat","background-position":"center center","background-size":"auto","background-attachment":"scroll","background-type":"","background-media":"","overlay-type":"","overlay-color":"","overlay-opacity":"","overlay-gradient":""}},"ast-content-background-meta":{"desktop":{"background-color":"var(--ast-global-color-4)","background-image":"","background-repeat":"repeat","background-position":"center center","background-size":"auto","background-attachment":"scroll","background-type":"","background-media":"","overlay-type":"","overlay-color":"","overlay-opacity":"","overlay-gradient":""},"tablet":{"background-color":"var(--ast-global-color-4)","background-image":"","background-repeat":"repeat","background-position":"center center","background-size":"auto","background-attachment":"scroll","background-type":"","background-media":"","overlay-type":"","overlay-color":"","overlay-opacity":"","overlay-gradient":""},"mobile":{"background-color":"var(--ast-global-color-4)","background-image":"","background-repeat":"repeat","background-position":"center center","background-size":"auto","background-attachment":"scroll","background-type":"","background-media":"","overlay-type":"","overlay-color":"","overlay-opacity":"","overlay-gradient":""}},"footnotes":""},"categories":[19],"tags":[27,52,188,7,163,78,26,190,191,28,115,23,36,10,189,101,29,37,42,31],"class_list":["post-432","post","type-post","status-publish","format-standard","hentry","category-publicacoes","tag-analise-economica","tag-conjuntura-brasileira","tag-conjuntura-brasileira-2019","tag-conjuntura-economica","tag-conjuntura-economica-do-brasil","tag-crescimento-brasileiro","tag-crescimento-economico","tag-crescimento-economico-brasileiro","tag-crescimento-economico-do-brasil-2019","tag-crescimento-global","tag-daniel-sampaio","tag-economia","tag-economia-2019","tag-economia-brasileira","tag-economia-brasileira-2019","tag-economia-domestica","tag-economia-internacional","tag-macroeconomia","tag-politica-economica","tag-setor-externo"],"uagb_featured_image_src":{"full":false,"thumbnail":false,"medium":false,"medium_large":false,"large":false,"1536x1536":false,"2048x2048":false},"uagb_author_info":{"display_name":"Luiz Carlos Santos","author_link":"https:\/\/blog.ufes.br\/grupodeconjunturaufes\/author\/luiz_carlos-santos-de-jesus\/"},"uagb_comment_info":0,"uagb_excerpt":"\u00a0 Ap\u00f3s sair de uma grave crise interna, que golpeou o crescimento entre 2015 e 2016, a economia brasileira n\u00e3o [&hellip;]","_links":{"self":[{"href":"https:\/\/blog.ufes.br\/grupodeconjunturaufes\/wp-json\/wp\/v2\/posts\/432","targetHints":{"allow":["GET"]}}],"collection":[{"href":"https:\/\/blog.ufes.br\/grupodeconjunturaufes\/wp-json\/wp\/v2\/posts"}],"about":[{"href":"https:\/\/blog.ufes.br\/grupodeconjunturaufes\/wp-json\/wp\/v2\/types\/post"}],"author":[{"embeddable":true,"href":"https:\/\/blog.ufes.br\/grupodeconjunturaufes\/wp-json\/wp\/v2\/users\/383"}],"replies":[{"embeddable":true,"href":"https:\/\/blog.ufes.br\/grupodeconjunturaufes\/wp-json\/wp\/v2\/comments?post=432"}],"version-history":[{"count":8,"href":"https:\/\/blog.ufes.br\/grupodeconjunturaufes\/wp-json\/wp\/v2\/posts\/432\/revisions"}],"predecessor-version":[{"id":568,"href":"https:\/\/blog.ufes.br\/grupodeconjunturaufes\/wp-json\/wp\/v2\/posts\/432\/revisions\/568"}],"wp:attachment":[{"href":"https:\/\/blog.ufes.br\/grupodeconjunturaufes\/wp-json\/wp\/v2\/media?parent=432"}],"wp:term":[{"taxonomy":"category","embeddable":true,"href":"https:\/\/blog.ufes.br\/grupodeconjunturaufes\/wp-json\/wp\/v2\/categories?post=432"},{"taxonomy":"post_tag","embeddable":true,"href":"https:\/\/blog.ufes.br\/grupodeconjunturaufes\/wp-json\/wp\/v2\/tags?post=432"}],"curies":[{"name":"wp","href":"https:\/\/api.w.org\/{rel}","templated":true}]}}