{"id":957,"date":"2020-06-29T15:26:44","date_gmt":"2020-06-29T18:26:44","guid":{"rendered":"http:\/\/blog.ufes.br\/grupodeconjunturaufes\/?p=957"},"modified":"2022-09-19T15:35:43","modified_gmt":"2022-09-19T18:35:43","slug":"boletim-n62-junho-de-2020","status":"publish","type":"post","link":"https:\/\/blog.ufes.br\/grupodeconjunturaufes\/boletim-n62-junho-de-2020\/","title":{"rendered":"BOLETIM N\u00b062 | JUNHO DE 2020"},"content":{"rendered":"\t\t<div data-elementor-type=\"wp-post\" data-elementor-id=\"957\" class=\"elementor elementor-957\">\n\t\t\t\t\t\t<section class=\"elementor-section elementor-top-section elementor-element elementor-element-3c577acd elementor-section-boxed elementor-section-height-default elementor-section-height-default\" data-id=\"3c577acd\" data-element_type=\"section\" data-e-type=\"section\">\n\t\t\t\t\t\t<div class=\"elementor-container elementor-column-gap-default\">\n\t\t\t\t\t<div class=\"elementor-column elementor-col-100 elementor-top-column elementor-element elementor-element-614f9df3\" data-id=\"614f9df3\" data-element_type=\"column\" data-e-type=\"column\">\n\t\t\t<div class=\"elementor-widget-wrap elementor-element-populated\">\n\t\t\t\t\t\t<div class=\"elementor-element elementor-element-797b253 elementor-absolute elementor-widget elementor-widget-heading\" data-id=\"797b253\" data-element_type=\"widget\" data-e-type=\"widget\" data-settings=\"{&quot;_position&quot;:&quot;absolute&quot;}\" data-widget_type=\"heading.default\">\n\t\t\t\t<div class=\"elementor-widget-container\">\n\t\t\t\t\t<h2 class=\"elementor-heading-title elementor-size-default\">RECESS\u00c3O E PANDEMIA: A CRISE ANUNCIADA<\/h2>\t\t\t\t<\/div>\n\t\t\t\t<\/div>\n\t\t\t\t<div class=\"elementor-element elementor-element-36d45be9 elementor-widget elementor-widget-text-editor\" data-id=\"36d45be9\" data-element_type=\"widget\" data-e-type=\"widget\" data-widget_type=\"text-editor.default\">\n\t\t\t\t<div class=\"elementor-widget-container\">\n\t\t\t\t\t\t\t\t\t<p><\/p>\n<p><\/p>\n<p>\u00a0<\/p>\n<p>O Boletim de Conjuntura em Economia da Ufes chega a sua 62\u00aa edi\u00e7\u00e3o com diversas reformula\u00e7\u00f5es. Todas elas t\u00eam como objetivo tornar o texto mais din\u00e2mico e conciso. No novo formato, as an\u00e1lises sobre N\u00edvel de Atividade, Pol\u00edtica Fiscal e Setor Externo foram unificadas em um \u00fanico texto, que abre o boletim. A segunda se\u00e7\u00e3o compreende a contribui\u00e7\u00e3o do subgrupo de Pol\u00edtica Monet\u00e1ria e Infla\u00e7\u00e3o e a terceira trata dos Empregos e Sal\u00e1rios. A tradicional an\u00e1lise da Pol\u00edtica Econ\u00f4mica, produzida pelo economista Fabr\u00edcio de Oliveira, fecha o texto. Outra novidade aparece no anexo estat\u00edstico, ao final do boletim, com as varia\u00e7\u00f5es dos principais indicadores econ\u00f4micos nos \u00faltimos cinco anos.<\/p>\n<p>Al\u00e9m disso, a proposta \u00e9 que, a cada edi\u00e7\u00e3o, as an\u00e1lises feitas pelos estudantes apresentem um recorte tem\u00e1tico. Neste semestre, como n\u00e3o poderia ser diferente, as an\u00e1lises voltam-se para os desdobramentos da crise econ\u00f4mica derivada da pandemia de Covid-19. Ainda que nem todos os efeitos da crise econ\u00f4mica tenham sido captados pelos n\u00fameros dispon\u00edveis at\u00e9 o fechamento das an\u00e1lises, j\u00e1 s\u00e3o claras as suas consequ\u00eancias sobre a atividade econ\u00f4mica.<\/p>\n<p>O subgrupo de N\u00edvel de Atividade, Pol\u00edtica Fiscal e Setor Externo apresenta uma an\u00e1lise atual dos n\u00fameros relativos ao PIB, \u00e0s contas p\u00fablicas e \u00e0 din\u00e2mica do Balan\u00e7o de Pagamentos brasileiro, inserindo-a num contexto hist\u00f3rico de longo prazo, desde 2015. Assim, os dados que indicam o comportamento da economia brasileira, em rela\u00e7\u00e3o a essas tr\u00eas grandes abordagens, no primeiro trimestre de 2020, incluindo a influ\u00eancia exercida pelos efeitos da crise sanit\u00e1ria que assola o pa\u00eds e o mundo, s\u00e3o analisados n\u00e3o apenas \u00e0 luz dos \u00faltimos acontecimentos, mas como herdeiros de uma crise econ\u00f4mica que se arrasta h\u00e1 cinco anos.<\/p>\n<p>Quanto \u00e0 Pol\u00edtica Monet\u00e1ria e Infla\u00e7\u00e3o, o que aparece em destaque na an\u00e1lise \u00e9 a percep\u00e7\u00e3o<br \/>de que os indicadores monet\u00e1rios j\u00e1 apontavam desde o in\u00edcio do ano para a continuidade da estagna\u00e7\u00e3o na economia. A crise oriunda da pandemia fez agravar este cen\u00e1rio, ampliando severamente as incertezas quanto ao futuro.<\/p>\n<p>A an\u00e1lise do mercado de trabalho brasileiro, realizada na se\u00e7\u00e3o \u201cEmpregos e Sal\u00e1rios\u201d mostra como a crise atual atinge as trabalhadoras e os trabalhadores brasileiros, aprofundando um processo, j\u00e1 em andamento, de deteriora\u00e7\u00e3o do mercado de trabalho. Destaca, ainda, que a perda de postos de trabalho ap\u00f3s a pandemia tem afetado de forma mais intensa e veloz \u00e0queles que ocupavam as posi\u00e7\u00f5es mais vulner\u00e1veis \u2013 os informais.<\/p>\n<p>Por fim, a an\u00e1lise da Pol\u00edtica Econ\u00f4mica mostra como as previs\u00f5es quanto ao cen\u00e1rio da economia global est\u00e3o sendo revistas dia ap\u00f3s dia, apontando para um futuro bastante nebuloso. Neste sentido, o Estado \u00e9 novamente convocado para servir de esteio \u00e0 economia, \u201csalvando o sistema da ru\u00edna\u201d. Na contram\u00e3o, contudo, o governo brasileiro parece apostar em uma sa\u00edda r\u00e1pida da crise, sem promover uma real ruptura com as pol\u00edticas de austeridade dos \u00faltimos anos.<\/p>\n<p>N\u00f3s, professores e estudantes, do Grupo de Conjuntura convidamos a todas e todos para a<br \/>leitura dos textos produzidos para a presente edi\u00e7\u00e3o.<\/p>\n<div class=\"wp-block-buttons\">\n<p><\/p>\n<\/div>\n<p><!-- \/wp:buttons --><!-- wp:paragraph --><\/p>\n<p><!-- \/wp:paragraph --><\/p>\t\t\t\t\t\t\t\t<\/div>\n\t\t\t\t<\/div>\n\t\t\t\t\t<\/div>\n\t\t<\/div>\n\t\t\t\t\t<\/div>\n\t\t<\/section>\n\t\t\t\t<section class=\"elementor-section elementor-top-section elementor-element elementor-element-bc93535 elementor-section-boxed elementor-section-height-default elementor-section-height-default\" data-id=\"bc93535\" data-element_type=\"section\" data-e-type=\"section\">\n\t\t\t\t\t\t<div class=\"elementor-container elementor-column-gap-default\">\n\t\t\t\t\t<div class=\"elementor-column elementor-col-100 elementor-top-column elementor-element elementor-element-6a00367\" data-id=\"6a00367\" data-element_type=\"column\" data-e-type=\"column\">\n\t\t\t<div class=\"elementor-widget-wrap elementor-element-populated\">\n\t\t\t\t\t\t<div class=\"elementor-element elementor-element-869b61d elementor-align-justify elementor-widget__width-inherit elementor-widget elementor-widget-button\" data-id=\"869b61d\" data-element_type=\"widget\" data-e-type=\"widget\" data-widget_type=\"button.default\">\n\t\t\t\t<div class=\"elementor-widget-container\">\n\t\t\t\t\t\t\t\t\t<div class=\"elementor-button-wrapper\">\n\t\t\t\t\t<a class=\"elementor-button elementor-button-link elementor-size-xs\" href=\"https:\/\/drive.google.com\/file\/d\/1h4YjbFBbSaN8g7x5VJgQipoAobYoH6Lb\/view?usp=sharinghttps:\/\/drive.google.com\/file\/d\/1h4YjbFBbSaN8g7x5VJgQipoAobYoH6Lb\/view?usp=sharing\">\n\t\t\t\t\t\t<span class=\"elementor-button-content-wrapper\">\n\t\t\t\t\t\t<span class=\"elementor-button-icon\">\n\t\t\t\t<i aria-hidden=\"true\" class=\"fas fa-file-pdf\"><\/i>\t\t\t<\/span>\n\t\t\t\t\t\t\t\t\t<span class=\"elementor-button-text\">BOLETIM N\u00b0 62<\/span>\n\t\t\t\t\t<\/span>\n\t\t\t\t\t<\/a>\n\t\t\t\t<\/div>\n\t\t\t\t\t\t\t\t<\/div>\n\t\t\t\t<\/div>\n\t\t\t\t\t<\/div>\n\t\t<\/div>\n\t\t\t\t\t<\/div>\n\t\t<\/section>\n\t\t\t\t<section class=\"elementor-section elementor-top-section elementor-element elementor-element-fa6e4d0 elementor-section-boxed elementor-section-height-default elementor-section-height-default\" data-id=\"fa6e4d0\" data-element_type=\"section\" data-e-type=\"section\">\n\t\t\t\t\t\t<div class=\"elementor-container elementor-column-gap-default\">\n\t\t\t\t\t<div class=\"elementor-column elementor-col-100 elementor-top-column elementor-element elementor-element-388d325\" data-id=\"388d325\" data-element_type=\"column\" data-e-type=\"column\">\n\t\t\t<div class=\"elementor-widget-wrap elementor-element-populated\">\n\t\t\t\t\t\t<div class=\"elementor-element elementor-element-e22e1da elementor-widget elementor-widget-text-editor\" data-id=\"e22e1da\" data-element_type=\"widget\" data-e-type=\"widget\" data-widget_type=\"text-editor.default\">\n\t\t\t\t<div class=\"elementor-widget-container\">\n\t\t\t\t\t\t\t\t\t<p><span style=\"background-color: #ffffff;color: #000000;font-family: Cabin, sans-serif;text-align: justify\">Boa leitura!<\/span><br style=\"color: #000000;font-family: Cabin, sans-serif;text-align: justify\" \/><span style=\"background-color: #ffffff;color: #000000;font-family: Cabin, sans-serif;text-align: justify\">Grupo de Conjuntura<\/span><\/p>\t\t\t\t\t\t\t\t<\/div>\n\t\t\t\t<\/div>\n\t\t\t\t\t<\/div>\n\t\t<\/div>\n\t\t\t\t\t<\/div>\n\t\t<\/section>\n\t\t\t\t<\/div>\n\t\t","protected":false},"excerpt":{"rendered":"<p>RECESS\u00c3O E PANDEMIA: A CRISE ANUNCIADA \u00a0 O Boletim de Conjuntura em Economia da Ufes chega a sua 62\u00aa edi\u00e7\u00e3o [&hellip;]<\/p>\n","protected":false},"author":383,"featured_media":0,"comment_status":"closed","ping_status":"closed","sticky":false,"template":"","format":"standard","meta":{"_bbp_topic_count":0,"_bbp_reply_count":0,"_bbp_total_topic_count":0,"_bbp_total_reply_count":0,"_bbp_voice_count":0,"_bbp_anonymous_reply_count":0,"_bbp_topic_count_hidden":0,"_bbp_reply_count_hidden":0,"_bbp_forum_subforum_count":0,"_uag_custom_page_level_css":"","site-sidebar-layout":"default","site-content-layout":"","ast-site-content-layout":"default","site-content-style":"default","site-sidebar-style":"default","ast-global-header-display":"","ast-banner-title-visibility":"","ast-main-header-display":"","ast-hfb-above-header-display":"","ast-hfb-below-header-display":"","ast-hfb-mobile-header-display":"","site-post-title":"","ast-breadcrumbs-content":"","ast-featured-img":"","footer-sml-layout":"","ast-disable-related-posts":"","theme-transparent-header-meta":"","adv-header-id-meta":"","stick-header-meta":"","header-above-stick-meta":"","header-main-stick-meta":"","header-below-stick-meta":"","astra-migrate-meta-layouts":"default","ast-page-background-enabled":"default","ast-page-background-meta":{"desktop":{"background-color":"var(--ast-global-color-5)","background-image":"","background-repeat":"repeat","background-position":"center center","background-size":"auto","background-attachment":"scroll","background-type":"","background-media":"","overlay-type":"","overlay-color":"","overlay-opacity":"","overlay-gradient":""},"tablet":{"background-color":"","background-image":"","background-repeat":"repeat","background-position":"center center","background-size":"auto","background-attachment":"scroll","background-type":"","background-media":"","overlay-type":"","overlay-color":"","overlay-opacity":"","overlay-gradient":""},"mobile":{"background-color":"","background-image":"","background-repeat":"repeat","background-position":"center center","background-size":"auto","background-attachment":"scroll","background-type":"","background-media":"","overlay-type":"","overlay-color":"","overlay-opacity":"","overlay-gradient":""}},"ast-content-background-meta":{"desktop":{"background-color":"var(--ast-global-color-4)","background-image":"","background-repeat":"repeat","background-position":"center center","background-size":"auto","background-attachment":"scroll","background-type":"","background-media":"","overlay-type":"","overlay-color":"","overlay-opacity":"","overlay-gradient":""},"tablet":{"background-color":"var(--ast-global-color-4)","background-image":"","background-repeat":"repeat","background-position":"center center","background-size":"auto","background-attachment":"scroll","background-type":"","background-media":"","overlay-type":"","overlay-color":"","overlay-opacity":"","overlay-gradient":""},"mobile":{"background-color":"var(--ast-global-color-4)","background-image":"","background-repeat":"repeat","background-position":"center center","background-size":"auto","background-attachment":"scroll","background-type":"","background-media":"","overlay-type":"","overlay-color":"","overlay-opacity":"","overlay-gradient":""}},"footnotes":""},"categories":[20],"tags":[],"class_list":["post-957","post","type-post","status-publish","format-standard","hentry","category-boletins"],"uagb_featured_image_src":{"full":false,"thumbnail":false,"medium":false,"medium_large":false,"large":false,"1536x1536":false,"2048x2048":false},"uagb_author_info":{"display_name":"Luiz Carlos Santos","author_link":"https:\/\/blog.ufes.br\/grupodeconjunturaufes\/author\/luiz_carlos-santos-de-jesus\/"},"uagb_comment_info":0,"uagb_excerpt":"RECESS\u00c3O E PANDEMIA: A CRISE ANUNCIADA \u00a0 O Boletim de Conjuntura em Economia da Ufes chega a sua 62\u00aa edi\u00e7\u00e3o [&hellip;]","_links":{"self":[{"href":"https:\/\/blog.ufes.br\/grupodeconjunturaufes\/wp-json\/wp\/v2\/posts\/957","targetHints":{"allow":["GET"]}}],"collection":[{"href":"https:\/\/blog.ufes.br\/grupodeconjunturaufes\/wp-json\/wp\/v2\/posts"}],"about":[{"href":"https:\/\/blog.ufes.br\/grupodeconjunturaufes\/wp-json\/wp\/v2\/types\/post"}],"author":[{"embeddable":true,"href":"https:\/\/blog.ufes.br\/grupodeconjunturaufes\/wp-json\/wp\/v2\/users\/383"}],"replies":[{"embeddable":true,"href":"https:\/\/blog.ufes.br\/grupodeconjunturaufes\/wp-json\/wp\/v2\/comments?post=957"}],"version-history":[{"count":23,"href":"https:\/\/blog.ufes.br\/grupodeconjunturaufes\/wp-json\/wp\/v2\/posts\/957\/revisions"}],"predecessor-version":[{"id":1886,"href":"https:\/\/blog.ufes.br\/grupodeconjunturaufes\/wp-json\/wp\/v2\/posts\/957\/revisions\/1886"}],"wp:attachment":[{"href":"https:\/\/blog.ufes.br\/grupodeconjunturaufes\/wp-json\/wp\/v2\/media?parent=957"}],"wp:term":[{"taxonomy":"category","embeddable":true,"href":"https:\/\/blog.ufes.br\/grupodeconjunturaufes\/wp-json\/wp\/v2\/categories?post=957"},{"taxonomy":"post_tag","embeddable":true,"href":"https:\/\/blog.ufes.br\/grupodeconjunturaufes\/wp-json\/wp\/v2\/tags?post=957"}],"curies":[{"name":"wp","href":"https:\/\/api.w.org\/{rel}","templated":true}]}}