{"id":991,"date":"2020-09-07T18:58:23","date_gmt":"2020-09-07T21:58:23","guid":{"rendered":"http:\/\/blog.ufes.br\/grupodeconjunturaufes\/?p=991"},"modified":"2025-10-13T13:35:31","modified_gmt":"2025-10-13T16:35:31","slug":"uma-pequena-historia-da-tributacao-e-do-federalismo-fiscal-no-brasil","status":"publish","type":"post","link":"https:\/\/blog.ufes.br\/grupodeconjunturaufes\/uma-pequena-historia-da-tributacao-e-do-federalismo-fiscal-no-brasil\/","title":{"rendered":"UMA PEQUENA HIST\u00d3RIA DA TRIBUTA\u00c7\u00c3O E DO FEDERALISMO FISCAL NO BRASIL"},"content":{"rendered":"\n<p><\/p>\n\n\n<h4 style=\"text-align: justify\">Publicado pela <a href=\"https:\/\/loja-editoracontracorrente.com.br\/produto\/historia-da-tributacao\/#:~:text=A%20Editora%20Contracorrente%20tem%20a,expoentes%20do%20pensamento%20econ%C3%B4mico%20brasileiro.\">Editora Contracorrente<\/a>, o novo livro do economista Fabr\u00edcio Augusto de Oliveira trata um pouco sobre a hist\u00f3ria da tributa\u00e7\u00e3o e do federalismo fiscal no Brasil no per\u00edodo da Rep\u00fablica. O livro tamb\u00e9m completa o projeto de estudos para a \u00e1rea fiscal\/tribut\u00e1ria do autor.<\/h4>\n<h4 style=\"text-align: justify\">Neste novo livro prop\u00f5e mudan\u00e7as capazes de reduzir a complexidade e, sobretudo, minimizar a iniquidade e os entraves ao crescimento atualmente colocados pelo sistema tribut\u00e1rio vigente. Numa perspectiva hist\u00f3rica, o autor considera o papel do Estado, o padr\u00e3o de acumula\u00e7\u00e3o dominante, a correla\u00e7\u00e3o de for\u00e7as sociais e pol\u00edticas atuantes no sistema, bem como a influ\u00eancia do pensamento econ\u00f4mico na orienta\u00e7\u00e3o das reformas, enquanto aspectos centrais na constru\u00e7\u00e3o de sua an\u00e1lise da evolu\u00e7\u00e3o do quadro tribut\u00e1rio e do federalismo. <em>(Via Editora Contracorrente)<\/em><\/h4>\n<p><img fetchpriority=\"high\" decoding=\"async\" class=\"alignnone size-full wp-image-993\" src=\"http:\/\/blog.ufes.br\/grupodeconjunturaufes\/files\/2020\/09\/Screenshot_98.png\" alt=\"\" width=\"1302\" height=\"548\"><\/p>","protected":false},"excerpt":{"rendered":"<p>Publicado pela Editora Contracorrente, o novo livro do economista Fabr\u00edcio Augusto de Oliveira trata um pouco sobre a hist\u00f3ria da [&hellip;]<\/p>\n","protected":false},"author":383,"featured_media":0,"comment_status":"closed","ping_status":"closed","sticky":false,"template":"","format":"standard","meta":{"_bbp_topic_count":0,"_bbp_reply_count":0,"_bbp_total_topic_count":0,"_bbp_total_reply_count":0,"_bbp_voice_count":0,"_bbp_anonymous_reply_count":0,"_bbp_topic_count_hidden":0,"_bbp_reply_count_hidden":0,"_bbp_forum_subforum_count":0,"_uag_custom_page_level_css":"","site-sidebar-layout":"default","site-content-layout":"","ast-site-content-layout":"default","site-content-style":"default","site-sidebar-style":"default","ast-global-header-display":"","ast-banner-title-visibility":"","ast-main-header-display":"","ast-hfb-above-header-display":"","ast-hfb-below-header-display":"","ast-hfb-mobile-header-display":"","site-post-title":"","ast-breadcrumbs-content":"","ast-featured-img":"","footer-sml-layout":"","ast-disable-related-posts":"","theme-transparent-header-meta":"","adv-header-id-meta":"","stick-header-meta":"","header-above-stick-meta":"","header-main-stick-meta":"","header-below-stick-meta":"","astra-migrate-meta-layouts":"default","ast-page-background-enabled":"default","ast-page-background-meta":{"desktop":{"background-color":"var(--ast-global-color-5)","background-image":"","background-repeat":"repeat","background-position":"center center","background-size":"auto","background-attachment":"scroll","background-type":"","background-media":"","overlay-type":"","overlay-color":"","overlay-opacity":"","overlay-gradient":""},"tablet":{"background-color":"","background-image":"","background-repeat":"repeat","background-position":"center center","background-size":"auto","background-attachment":"scroll","background-type":"","background-media":"","overlay-type":"","overlay-color":"","overlay-opacity":"","overlay-gradient":""},"mobile":{"background-color":"","background-image":"","background-repeat":"repeat","background-position":"center center","background-size":"auto","background-attachment":"scroll","background-type":"","background-media":"","overlay-type":"","overlay-color":"","overlay-opacity":"","overlay-gradient":""}},"ast-content-background-meta":{"desktop":{"background-color":"var(--ast-global-color-4)","background-image":"","background-repeat":"repeat","background-position":"center center","background-size":"auto","background-attachment":"scroll","background-type":"","background-media":"","overlay-type":"","overlay-color":"","overlay-opacity":"","overlay-gradient":""},"tablet":{"background-color":"var(--ast-global-color-4)","background-image":"","background-repeat":"repeat","background-position":"center center","background-size":"auto","background-attachment":"scroll","background-type":"","background-media":"","overlay-type":"","overlay-color":"","overlay-opacity":"","overlay-gradient":""},"mobile":{"background-color":"var(--ast-global-color-4)","background-image":"","background-repeat":"repeat","background-position":"center center","background-size":"auto","background-attachment":"scroll","background-type":"","background-media":"","overlay-type":"","overlay-color":"","overlay-opacity":"","overlay-gradient":""}},"footnotes":""},"categories":[19],"tags":[],"class_list":["post-991","post","type-post","status-publish","format-standard","hentry","category-publicacoes"],"uagb_featured_image_src":{"full":false,"thumbnail":false,"medium":false,"medium_large":false,"large":false,"1536x1536":false,"2048x2048":false},"uagb_author_info":{"display_name":"Luiz Carlos Santos","author_link":"https:\/\/blog.ufes.br\/grupodeconjunturaufes\/author\/luiz_carlos-santos-de-jesus\/"},"uagb_comment_info":0,"uagb_excerpt":"Publicado pela Editora Contracorrente, o novo livro do economista Fabr\u00edcio Augusto de Oliveira trata um pouco sobre a hist\u00f3ria da [&hellip;]","_links":{"self":[{"href":"https:\/\/blog.ufes.br\/grupodeconjunturaufes\/wp-json\/wp\/v2\/posts\/991","targetHints":{"allow":["GET"]}}],"collection":[{"href":"https:\/\/blog.ufes.br\/grupodeconjunturaufes\/wp-json\/wp\/v2\/posts"}],"about":[{"href":"https:\/\/blog.ufes.br\/grupodeconjunturaufes\/wp-json\/wp\/v2\/types\/post"}],"author":[{"embeddable":true,"href":"https:\/\/blog.ufes.br\/grupodeconjunturaufes\/wp-json\/wp\/v2\/users\/383"}],"replies":[{"embeddable":true,"href":"https:\/\/blog.ufes.br\/grupodeconjunturaufes\/wp-json\/wp\/v2\/comments?post=991"}],"version-history":[{"count":8,"href":"https:\/\/blog.ufes.br\/grupodeconjunturaufes\/wp-json\/wp\/v2\/posts\/991\/revisions"}],"predecessor-version":[{"id":1005,"href":"https:\/\/blog.ufes.br\/grupodeconjunturaufes\/wp-json\/wp\/v2\/posts\/991\/revisions\/1005"}],"wp:attachment":[{"href":"https:\/\/blog.ufes.br\/grupodeconjunturaufes\/wp-json\/wp\/v2\/media?parent=991"}],"wp:term":[{"taxonomy":"category","embeddable":true,"href":"https:\/\/blog.ufes.br\/grupodeconjunturaufes\/wp-json\/wp\/v2\/categories?post=991"},{"taxonomy":"post_tag","embeddable":true,"href":"https:\/\/blog.ufes.br\/grupodeconjunturaufes\/wp-json\/wp\/v2\/tags?post=991"}],"curies":[{"name":"wp","href":"https:\/\/api.w.org\/{rel}","templated":true}]}}