{"id":147,"date":"2012-06-29T15:20:16","date_gmt":"2012-06-29T18:20:16","guid":{"rendered":"http:\/\/blog.ufes.br\/estudosmetropolitanos\/?p=147"},"modified":"2012-07-04T16:52:34","modified_gmt":"2012-07-04T19:52:34","slug":"blog-da-raquel-rolnik","status":"publish","type":"post","link":"https:\/\/blog.ufes.br\/laburp\/blog-da-raquel-rolnik\/","title":{"rendered":"Blog da Raquel Rolnik"},"content":{"rendered":"<p>&nbsp;<\/p>\n<p>Vejam o video (link abaixo) sobre Recife que est\u00e1 no blog da Raquel Rolnik. Tem tudo haver com Vit\u00f3ria e sua regi\u00e3o (a circula\u00e7\u00e3o, os &#8220;grandes&#8221; projetos urbanos, portu\u00e1rios, industriais, etc, a prioridade aos tuneis, elevados e ao carro, os condom\u00ednios fechados e, finalmente, a valoriza\u00e7\u00e3o fundi\u00e1ria.). Inclusive um dos entrevistados, o professor Jan Bitoun, nosso colega, ge\u00f3grafo franco-brasileiro, vivendo h\u00e1 muitos anos em Recife, dever\u00e1 realizar, juntamente conosco, fiz o convite a ele, uma pesquisa nos mesmos termos que a nossa sobre a valoriza\u00e7\u00e3o imobili\u00e1ria e a propriedade imobili\u00e1ria associada com o capital financeiro e que est\u00e1 em boa parte, juntamente com as construturas e empresas industriais e comerciais, por tr\u00e1s dessa cidade que se autodestr\u00f3i, essa anti-cidade que n\u00e3o favorece a vida em comum, mas sim os fazendeiros e suas fam\u00edlias, os grandes propriet\u00e1rios fundi\u00e1rios das \u00e1reas urbanas e rurais da Regi\u00e3o metropolitana e os\u00a0pol\u00edticos\u00a0e empres\u00e1rios seus associados que capturam a renda fundi\u00e1ria o sobrelucro da produ\u00e7\u00e3o coletiva da sociedade, al\u00e9m de explodir a cidade. Todos necessitam rapidamente de reler ou ler a hist\u00f3ria da cidade, como a hist\u00f3ria se repete, como as cidades imperiais e reais e finalmente capitalistas se sobrepuserem, ao longo do tempo, \u00e0s cidades \u00e0 escala humana, da convivialidade, da proximidade, donde o paradigma \u00e9 a cidade grega do s\u00e9culo VI e V A.C. a cidade que se inseria em uma rede de cidades e que n\u00e3o era o organismo imenso e sem-fim das metr\u00f3poles contempor\u00e2neas&#8230;. Falta-nos um historiador do presente do tipo Lewis Mumford, Lewis, volte r\u00e1pido, eles est\u00e3o ficando loucos&#8230;<\/p>\n<p>&nbsp;<\/p>\n<p>Abra\u00e7os em todos e todas.<\/p>\n<p>Claudio Zanotelli<\/p>\n<p>Vejam o blog com o filme no endere\u00e7o abaixo: Rolnik\u00a0<a href=\"http:\/\/raquelrolnik.wordpress.com\/2012\/04\/26\/documentario-propoe-reflexao-sobre-o-espaco-publico-do-recife-e-seus-processos-de-transformacao\/\">http:\/\/raquelrolnik.wordpress.com\/2012\/04\/26\/documentario-propoe-reflexao-sobre-o-espaco-publico-do-recife-e-seus-processos-de-transformacao\/<\/a><\/p>\n<p>&nbsp;<\/p>\n<p>&nbsp;<\/p>\n","protected":false},"excerpt":{"rendered":"<p>&nbsp; Vejam o video (link abaixo) sobre Recife que est\u00e1 no blog da Raquel Rolnik. Tem tudo haver com Vit\u00f3ria e sua regi\u00e3o (a circula\u00e7\u00e3o, os &#8220;grandes&#8221; projetos urbanos, portu\u00e1rios, industriais, etc, a prioridade aos tuneis, elevados e ao carro, &hellip; <a href=\"https:\/\/blog.ufes.br\/laburp\/blog-da-raquel-rolnik\/\">Continue lendo <span class=\"meta-nav\">&rarr;<\/span><\/a><\/p>\n","protected":false},"author":64,"featured_media":0,"comment_status":"open","ping_status":"open","sticky":false,"template":"","format":"standard","meta":{"_bbp_topic_count":0,"_bbp_reply_count":0,"_bbp_total_topic_count":0,"_bbp_total_reply_count":0,"_bbp_voice_count":0,"_bbp_anonymous_reply_count":0,"_bbp_topic_count_hidden":0,"_bbp_reply_count_hidden":0,"_bbp_forum_subforum_count":0,"_uag_custom_page_level_css":"","footnotes":""},"categories":[1],"tags":[],"class_list":["post-147","post","type-post","status-publish","format-standard","hentry","category-sem-categoria"],"uagb_featured_image_src":{"full":false,"thumbnail":false,"medium":false,"medium_large":false,"large":false,"1536x1536":false,"2048x2048":false,"post-thumbnail":false},"uagb_author_info":{"display_name":"claudio.zanotelli","author_link":"https:\/\/blog.ufes.br\/laburp\/author\/claudio-zanotelli\/"},"uagb_comment_info":0,"uagb_excerpt":"&nbsp; Vejam o video (link abaixo) sobre Recife que est\u00e1 no blog da Raquel Rolnik. Tem tudo haver com Vit\u00f3ria e sua regi\u00e3o (a circula\u00e7\u00e3o, os &#8220;grandes&#8221; projetos urbanos, portu\u00e1rios, industriais, etc, a prioridade aos tuneis, elevados e ao carro, &hellip; Continue lendo &rarr;","_links":{"self":[{"href":"https:\/\/blog.ufes.br\/laburp\/wp-json\/wp\/v2\/posts\/147","targetHints":{"allow":["GET"]}}],"collection":[{"href":"https:\/\/blog.ufes.br\/laburp\/wp-json\/wp\/v2\/posts"}],"about":[{"href":"https:\/\/blog.ufes.br\/laburp\/wp-json\/wp\/v2\/types\/post"}],"author":[{"embeddable":true,"href":"https:\/\/blog.ufes.br\/laburp\/wp-json\/wp\/v2\/users\/64"}],"replies":[{"embeddable":true,"href":"https:\/\/blog.ufes.br\/laburp\/wp-json\/wp\/v2\/comments?post=147"}],"version-history":[{"count":8,"href":"https:\/\/blog.ufes.br\/laburp\/wp-json\/wp\/v2\/posts\/147\/revisions"}],"predecessor-version":[{"id":149,"href":"https:\/\/blog.ufes.br\/laburp\/wp-json\/wp\/v2\/posts\/147\/revisions\/149"}],"wp:attachment":[{"href":"https:\/\/blog.ufes.br\/laburp\/wp-json\/wp\/v2\/media?parent=147"}],"wp:term":[{"taxonomy":"category","embeddable":true,"href":"https:\/\/blog.ufes.br\/laburp\/wp-json\/wp\/v2\/categories?post=147"},{"taxonomy":"post_tag","embeddable":true,"href":"https:\/\/blog.ufes.br\/laburp\/wp-json\/wp\/v2\/tags?post=147"}],"curies":[{"name":"wp","href":"https:\/\/api.w.org\/{rel}","templated":true}]}}