{"id":1478,"date":"2022-08-17T13:10:30","date_gmt":"2022-08-17T16:10:30","guid":{"rendered":"https:\/\/blog.ufes.br\/laburp\/?p=1478"},"modified":"2022-08-17T13:14:33","modified_gmt":"2022-08-17T16:14:33","slug":"nova-edicao-a-noticia-como-maquina-de-guerra","status":"publish","type":"post","link":"https:\/\/blog.ufes.br\/laburp\/nova-edicao-a-noticia-como-maquina-de-guerra\/","title":{"rendered":"NOVA EDI\u00c7\u00c3O: A not\u00edcia como m\u00e1quina de guerra"},"content":{"rendered":"\t\t<div data-elementor-type=\"wp-post\" data-elementor-id=\"1478\" class=\"elementor elementor-1478\">\n\t\t\t\t\t\t<section class=\"elementor-section elementor-top-section elementor-element elementor-element-f20dcad elementor-section-boxed elementor-section-height-default elementor-section-height-default\" data-id=\"f20dcad\" data-element_type=\"section\" data-e-type=\"section\">\n\t\t\t\t\t\t<div class=\"elementor-container elementor-column-gap-default\">\n\t\t\t\t\t<div class=\"elementor-column elementor-col-50 elementor-top-column elementor-element elementor-element-8a73bb9\" data-id=\"8a73bb9\" data-element_type=\"column\" data-e-type=\"column\">\n\t\t\t<div class=\"elementor-widget-wrap elementor-element-populated\">\n\t\t\t\t\t\t<div class=\"elementor-element elementor-element-4ada5ef elementor-widget elementor-widget-image\" data-id=\"4ada5ef\" data-element_type=\"widget\" data-e-type=\"widget\" data-widget_type=\"image.default\">\n\t\t\t\t<div class=\"elementor-widget-container\">\n\t\t\t\t\t\t\t\t\t\t\t\t\t\t\t<img fetchpriority=\"high\" decoding=\"async\" width=\"542\" height=\"695\" src=\"https:\/\/blog.ufes.br\/laburp\/files\/2022\/08\/db8c4247e8eda6391b9a083a4f238d28.jpg\" class=\"attachment-large size-large wp-image-1480\" alt=\"\" srcset=\"https:\/\/blog.ufes.br\/laburp\/files\/2022\/08\/db8c4247e8eda6391b9a083a4f238d28.jpg 542w, https:\/\/blog.ufes.br\/laburp\/files\/2022\/08\/db8c4247e8eda6391b9a083a4f238d28-234x300.jpg 234w\" sizes=\"(max-width: 542px) 100vw, 542px\" \/>\t\t\t\t\t\t\t\t\t\t\t\t\t\t\t<\/div>\n\t\t\t\t<\/div>\n\t\t\t\t\t<\/div>\n\t\t<\/div>\n\t\t\t\t<div class=\"elementor-column elementor-col-50 elementor-top-column elementor-element elementor-element-195e105\" data-id=\"195e105\" data-element_type=\"column\" data-e-type=\"column\">\n\t\t\t<div class=\"elementor-widget-wrap elementor-element-populated\">\n\t\t\t\t\t\t<div class=\"elementor-element elementor-element-d293b65 elementor-widget elementor-widget-text-editor\" data-id=\"d293b65\" data-element_type=\"widget\" data-e-type=\"widget\" data-widget_type=\"text-editor.default\">\n\t\t\t\t<div class=\"elementor-widget-container\">\n\t\t\t\t\t\t\t\t\t<p>Est\u00e1 dispon\u00edvel a nova edi\u00e7\u00e3o, corrigida e atualizada, do e-book <em>A not\u00edcia como m\u00e1quina de guerra: an\u00e1lise dos discursos sobre a Petrobras e a produ\u00e7\u00e3o de petr\u00f3leo e g\u00e1s nos jornais: um enfoque no Esp\u00edrito Santo, <\/em>de Cl\u00e1udio Luiz Zanotelli, Jorge Lellis Bomfim Medina, Francismar Cunha Ferreira e Matheus de Oliveira Fernandes Ad\u00e3o.<\/p><p>O livro tamb\u00e9m foi publicado em formato impresso pela Editora Universit\u00e1ria Edufes, mas o acesso ao e-book \u00e9 livre.<\/p>\t\t\t\t\t\t\t\t<\/div>\n\t\t\t\t<\/div>\n\t\t\t\t<section class=\"elementor-section elementor-inner-section elementor-element elementor-element-f932d36 elementor-section-boxed elementor-section-height-default elementor-section-height-default\" data-id=\"f932d36\" data-element_type=\"section\" data-e-type=\"section\">\n\t\t\t\t\t\t<div class=\"elementor-container elementor-column-gap-default\">\n\t\t\t\t\t<div class=\"elementor-column elementor-col-100 elementor-inner-column elementor-element elementor-element-58fd406\" data-id=\"58fd406\" data-element_type=\"column\" data-e-type=\"column\">\n\t\t\t<div class=\"elementor-widget-wrap elementor-element-populated\">\n\t\t\t\t\t\t<div class=\"elementor-element elementor-element-fa0c874 elementor-widget elementor-widget-eael-creative-button\" data-id=\"fa0c874\" data-element_type=\"widget\" data-e-type=\"widget\" data-widget_type=\"eael-creative-button.default\">\n\t\t\t\t<div class=\"elementor-widget-container\">\n\t\t\t\t\t        <div class=\"eael-creative-button-wrapper\">\n\n            <a class=\"eael-creative-button eael-creative-button--ujarak eael-cb-icon-position-\" href=\"https:\/\/edufes.ufes.br\/items\/show\/621\" target=\"_blank\" data-text=\"\">\n            \t    \n                <div class=\"creative-button-inner\">\n\n                    \n                    <span class=\"cretive-button-text\">Saiba mais<\/span>\n\n                                    <\/div>\n\t                        <\/a>\n        <\/div>\n        \t\t\t\t<\/div>\n\t\t\t\t<\/div>\n\t\t\t\t\t<\/div>\n\t\t<\/div>\n\t\t\t\t\t<\/div>\n\t\t<\/section>\n\t\t\t\t\t<\/div>\n\t\t<\/div>\n\t\t\t\t\t<\/div>\n\t\t<\/section>\n\t\t\t\t<\/div>\n\t\t","protected":false},"excerpt":{"rendered":"<p>Est\u00e1 dispon\u00edvel a nova edi\u00e7\u00e3o, corrigida e atualizada, do e-book A not\u00edcia como m\u00e1quina de guerra: an\u00e1lise dos discursos sobre a Petrobras e a produ\u00e7\u00e3o de petr\u00f3leo e g\u00e1s nos jornais: um enfoque no Esp\u00edrito Santo, de Cl\u00e1udio Luiz Zanotelli, &hellip; <a href=\"https:\/\/blog.ufes.br\/laburp\/nova-edicao-a-noticia-como-maquina-de-guerra\/\">Continue lendo <span class=\"meta-nav\">&rarr;<\/span><\/a><\/p>\n","protected":false},"author":398,"featured_media":0,"comment_status":"closed","ping_status":"closed","sticky":false,"template":"","format":"standard","meta":{"_bbp_topic_count":0,"_bbp_reply_count":0,"_bbp_total_topic_count":0,"_bbp_total_reply_count":0,"_bbp_voice_count":0,"_bbp_anonymous_reply_count":0,"_bbp_topic_count_hidden":0,"_bbp_reply_count_hidden":0,"_bbp_forum_subforum_count":0,"_uag_custom_page_level_css":"","footnotes":""},"categories":[13],"tags":[],"class_list":["post-1478","post","type-post","status-publish","format-standard","hentry","category-divulgacao"],"uagb_featured_image_src":{"full":false,"thumbnail":false,"medium":false,"medium_large":false,"large":false,"1536x1536":false,"2048x2048":false,"post-thumbnail":false},"uagb_author_info":{"display_name":"Ana F\u00e9lix","author_link":"https:\/\/blog.ufes.br\/laburp\/author\/ana_paula-flix-de-carvalho-silva\/"},"uagb_comment_info":0,"uagb_excerpt":"Est\u00e1 dispon\u00edvel a nova edi\u00e7\u00e3o, corrigida e atualizada, do e-book A not\u00edcia como m\u00e1quina de guerra: an\u00e1lise dos discursos sobre a Petrobras e a produ\u00e7\u00e3o de petr\u00f3leo e g\u00e1s nos jornais: um enfoque no Esp\u00edrito Santo, de Cl\u00e1udio Luiz Zanotelli, &hellip; Continue lendo &rarr;","_links":{"self":[{"href":"https:\/\/blog.ufes.br\/laburp\/wp-json\/wp\/v2\/posts\/1478","targetHints":{"allow":["GET"]}}],"collection":[{"href":"https:\/\/blog.ufes.br\/laburp\/wp-json\/wp\/v2\/posts"}],"about":[{"href":"https:\/\/blog.ufes.br\/laburp\/wp-json\/wp\/v2\/types\/post"}],"author":[{"embeddable":true,"href":"https:\/\/blog.ufes.br\/laburp\/wp-json\/wp\/v2\/users\/398"}],"replies":[{"embeddable":true,"href":"https:\/\/blog.ufes.br\/laburp\/wp-json\/wp\/v2\/comments?post=1478"}],"version-history":[{"count":6,"href":"https:\/\/blog.ufes.br\/laburp\/wp-json\/wp\/v2\/posts\/1478\/revisions"}],"predecessor-version":[{"id":1668,"href":"https:\/\/blog.ufes.br\/laburp\/wp-json\/wp\/v2\/posts\/1478\/revisions\/1668"}],"wp:attachment":[{"href":"https:\/\/blog.ufes.br\/laburp\/wp-json\/wp\/v2\/media?parent=1478"}],"wp:term":[{"taxonomy":"category","embeddable":true,"href":"https:\/\/blog.ufes.br\/laburp\/wp-json\/wp\/v2\/categories?post=1478"},{"taxonomy":"post_tag","embeddable":true,"href":"https:\/\/blog.ufes.br\/laburp\/wp-json\/wp\/v2\/tags?post=1478"}],"curies":[{"name":"wp","href":"https:\/\/api.w.org\/{rel}","templated":true}]}}