{"id":1659,"date":"2023-06-26T21:58:07","date_gmt":"2023-06-27T00:58:07","guid":{"rendered":"https:\/\/blog.ufes.br\/laburp\/?p=1659"},"modified":"2023-06-26T21:58:17","modified_gmt":"2023-06-27T00:58:17","slug":"convite-defesa-de-tese-de-doutorado-2","status":"publish","type":"post","link":"https:\/\/blog.ufes.br\/laburp\/convite-defesa-de-tese-de-doutorado-2\/","title":{"rendered":"CONVITE Defesa de tese de doutorado"},"content":{"rendered":"\t\t<div data-elementor-type=\"wp-post\" data-elementor-id=\"1659\" class=\"elementor elementor-1659\">\n\t\t\t\t\t\t<section class=\"elementor-section elementor-top-section elementor-element elementor-element-8623300 elementor-section-boxed elementor-section-height-default elementor-section-height-default\" data-id=\"8623300\" data-element_type=\"section\" data-e-type=\"section\">\n\t\t\t\t\t\t<div class=\"elementor-container elementor-column-gap-default\">\n\t\t\t\t\t<div class=\"elementor-column elementor-col-100 elementor-top-column elementor-element elementor-element-f8c1912\" data-id=\"f8c1912\" data-element_type=\"column\" data-e-type=\"column\">\n\t\t\t<div class=\"elementor-widget-wrap elementor-element-populated\">\n\t\t\t\t\t\t<div class=\"elementor-element elementor-element-84dbbff elementor-widget elementor-widget-text-editor\" data-id=\"84dbbff\" data-element_type=\"widget\" data-e-type=\"widget\" data-widget_type=\"text-editor.default\">\n\t\t\t\t<div class=\"elementor-widget-container\">\n\t\t\t\t\t\t\t\t\t<div dir=\"ltr\">Defesa da Tese de doutorado de <b><i>Roberto Garcia Sim\u00f5es<\/i><\/b><\/div><div dir=\"ltr\">\u00a0<\/div><div dir=\"ltr\"><strong>T\u00edtulo:<\/strong> GEOAN\u00c1LISE: TERRACENO e DESTERRITORIALIZA\u00c7\u00c3O e ESPA\u00c7OS (-,e) TEMPOS Cem Escalas e Plataformas Mil.<\/div><div dir=\"ltr\">\u00a0<\/div><div dir=\"ltr\"><b>Banca examinadora<\/b>:<\/div><div dir=\"ltr\">Prof. Dr. Cl\u00e1udio Zanotelli (<span style=\"color: #393939\">Orientador e Presidente da Comiss\u00e3o Examinadora<\/span>)<\/div><div dir=\"ltr\"><div><div>Prof. Dr. Paulo C\u00e9sar Scarim (Examinador interno)<\/div><div>Dra. Juliana Fausto de Souza Coutinho\u00a0(Examinadora externa)<\/div><div>Dr. Jean Calmon Modenesi (Examinador externo)<\/div><div>Prof. Dr. Bruno C\u00e9zar Pereira Malheiro (Examinador externo)<\/div><\/div><\/div><div dir=\"ltr\">\u00a0<\/div><div dir=\"ltr\"><b>Data<\/b>: 12 de julho de 2023, \u00e0s 08h00.<\/div><div dir=\"ltr\">\u00a0<\/div><div dir=\"ltr\"><b>Local<\/b>:\u00a0Sala 208 do Pr\u00e9dio B\u00e1rbara Weinberg, no Centro de Ci\u00eancias Humanas e Naturais (CCHN).<\/div>\t\t\t\t\t\t\t\t<\/div>\n\t\t\t\t<\/div>\n\t\t\t\t<div class=\"elementor-element elementor-element-1dd776c elementor-widget elementor-widget-eael-creative-button\" data-id=\"1dd776c\" data-element_type=\"widget\" data-e-type=\"widget\" data-widget_type=\"eael-creative-button.default\">\n\t\t\t\t<div class=\"elementor-widget-container\">\n\t\t\t\t\t        <div class=\"eael-creative-button-wrapper\">\n\n            <a class=\"eael-creative-button eael-creative-button--ujarak eael-cb-icon-position-\" href=\"https:\/\/www.instagram.com\/p\/Ct4rIx1Pw2z\/?utm_source=ig_web_copy_link&#038;igshid=MzRlODBiNWFlZA==\" target=\"_blank\" data-text=\"\">\n            \t    \n                <div class=\"creative-button-inner\">\n\n                    \n                    <span class=\"cretive-button-text\">Saiba mais<\/span>\n\n                                    <\/div>\n\t                        <\/a>\n        <\/div>\n        \t\t\t\t<\/div>\n\t\t\t\t<\/div>\n\t\t\t\t\t<\/div>\n\t\t<\/div>\n\t\t\t\t\t<\/div>\n\t\t<\/section>\n\t\t\t\t<\/div>\n\t\t","protected":false},"excerpt":{"rendered":"<p>Defesa da Tese de doutorado de Roberto Garcia Sim\u00f5es\u00a0T\u00edtulo: GEOAN\u00c1LISE: TERRACENO e DESTERRITORIALIZA\u00c7\u00c3O e ESPA\u00c7OS (-,e) TEMPOS Cem Escalas e Plataformas Mil.\u00a0Banca examinadora:Prof. Dr. Cl\u00e1udio Zanotelli (Orientador e Presidente da Comiss\u00e3o Examinadora)Prof. Dr. Paulo C\u00e9sar Scarim (Examinador interno)Dra. Juliana Fausto &hellip; <a href=\"https:\/\/blog.ufes.br\/laburp\/convite-defesa-de-tese-de-doutorado-2\/\">Continue lendo <span class=\"meta-nav\">&rarr;<\/span><\/a><\/p>\n","protected":false},"author":398,"featured_media":0,"comment_status":"closed","ping_status":"closed","sticky":false,"template":"","format":"standard","meta":{"_bbp_topic_count":0,"_bbp_reply_count":0,"_bbp_total_topic_count":0,"_bbp_total_reply_count":0,"_bbp_voice_count":0,"_bbp_anonymous_reply_count":0,"_bbp_topic_count_hidden":0,"_bbp_reply_count_hidden":0,"_bbp_forum_subforum_count":0,"_uag_custom_page_level_css":"","footnotes":""},"categories":[1],"tags":[],"class_list":["post-1659","post","type-post","status-publish","format-standard","hentry","category-sem-categoria"],"uagb_featured_image_src":{"full":false,"thumbnail":false,"medium":false,"medium_large":false,"large":false,"1536x1536":false,"2048x2048":false,"post-thumbnail":false},"uagb_author_info":{"display_name":"Ana F\u00e9lix","author_link":"https:\/\/blog.ufes.br\/laburp\/author\/ana_paula-flix-de-carvalho-silva\/"},"uagb_comment_info":0,"uagb_excerpt":"Defesa da Tese de doutorado de Roberto Garcia Sim\u00f5es\u00a0T\u00edtulo: GEOAN\u00c1LISE: TERRACENO e DESTERRITORIALIZA\u00c7\u00c3O e ESPA\u00c7OS (-,e) TEMPOS Cem Escalas e Plataformas Mil.\u00a0Banca examinadora:Prof. Dr. Cl\u00e1udio Zanotelli (Orientador e Presidente da Comiss\u00e3o Examinadora)Prof. Dr. Paulo C\u00e9sar Scarim (Examinador interno)Dra. Juliana Fausto &hellip; Continue lendo &rarr;","_links":{"self":[{"href":"https:\/\/blog.ufes.br\/laburp\/wp-json\/wp\/v2\/posts\/1659","targetHints":{"allow":["GET"]}}],"collection":[{"href":"https:\/\/blog.ufes.br\/laburp\/wp-json\/wp\/v2\/posts"}],"about":[{"href":"https:\/\/blog.ufes.br\/laburp\/wp-json\/wp\/v2\/types\/post"}],"author":[{"embeddable":true,"href":"https:\/\/blog.ufes.br\/laburp\/wp-json\/wp\/v2\/users\/398"}],"replies":[{"embeddable":true,"href":"https:\/\/blog.ufes.br\/laburp\/wp-json\/wp\/v2\/comments?post=1659"}],"version-history":[{"count":4,"href":"https:\/\/blog.ufes.br\/laburp\/wp-json\/wp\/v2\/posts\/1659\/revisions"}],"predecessor-version":[{"id":1663,"href":"https:\/\/blog.ufes.br\/laburp\/wp-json\/wp\/v2\/posts\/1659\/revisions\/1663"}],"wp:attachment":[{"href":"https:\/\/blog.ufes.br\/laburp\/wp-json\/wp\/v2\/media?parent=1659"}],"wp:term":[{"taxonomy":"category","embeddable":true,"href":"https:\/\/blog.ufes.br\/laburp\/wp-json\/wp\/v2\/categories?post=1659"},{"taxonomy":"post_tag","embeddable":true,"href":"https:\/\/blog.ufes.br\/laburp\/wp-json\/wp\/v2\/tags?post=1659"}],"curies":[{"name":"wp","href":"https:\/\/api.w.org\/{rel}","templated":true}]}}