{"id":172,"date":"2013-07-23T15:15:34","date_gmt":"2013-07-23T18:15:34","guid":{"rendered":"http:\/\/blog.ufes.br\/estudosmetropolitanos\/?p=172"},"modified":"2013-07-23T15:15:34","modified_gmt":"2013-07-23T18:15:34","slug":"reuniao-dia-2-de-agosto","status":"publish","type":"post","link":"https:\/\/blog.ufes.br\/laburp\/reuniao-dia-2-de-agosto\/","title":{"rendered":"Reuni\u00e3o dia 2 de Agosto"},"content":{"rendered":"<div>Prezados e prezadas, com um pouco de atraso no calend\u00e1rio vamos finalmente marcar a reuni\u00e3o para debate do Capitulo sobre a renda da terra do livro de \u00a0HARVEY, David<strong>. A Justi\u00e7a Social e a Cidade<\/strong>. S\u00e3o Paulo: Hucitec,1980 (1973).<\/div>\n<div>O Francismar se encarregar\u00e1 de colocar a c\u00f3pia do capitulo na xerox do Centro de Educa\u00e7\u00e3o no IC IV.<\/div>\n<div>O dia do debate ser\u00e1\u00a0sexta-feira, dia 2 de agosto de 2013, quem apresentar\u00e1 ser\u00e1 o Francismar.<\/div>\n<div>Na reuni\u00e3o seguinte debateremos o capitulo 11 (A teoria da renda) dos Limites do capital, 2006 (1a vers\u00e3o inicio dos anos 1980) de David Harvey, traduzido gentilmente pela Ana Leite. A Ana \u00e9 que apresentar\u00e1 o texto, definiremos na primeira reuni\u00e3o a data desta apresenta\u00e7\u00e3o e debate.<\/div>\n<div>Solicito que confirmem participa\u00e7\u00e3o e, evidentemente, a leitura do referido texto, que ser\u00e1 complemento, v\u00e1rios meses depois, da primeira leitura que fizemos da renda da terra em Marx (Livro 3).<\/div>\n<div>\u00c9 isto, um abra\u00e7o e at\u00e9 la.<\/div>\n","protected":false},"excerpt":{"rendered":"<p>Prezados e prezadas, com um pouco de atraso no calend\u00e1rio vamos finalmente marcar a reuni\u00e3o para debate do Capitulo sobre a renda da terra do livro de \u00a0HARVEY, David. A Justi\u00e7a Social e a Cidade. S\u00e3o Paulo: Hucitec,1980 (1973). O &hellip; <a href=\"https:\/\/blog.ufes.br\/laburp\/reuniao-dia-2-de-agosto\/\">Continue lendo <span class=\"meta-nav\">&rarr;<\/span><\/a><\/p>\n","protected":false},"author":65,"featured_media":0,"comment_status":"open","ping_status":"open","sticky":false,"template":"","format":"standard","meta":{"_bbp_topic_count":0,"_bbp_reply_count":0,"_bbp_total_topic_count":0,"_bbp_total_reply_count":0,"_bbp_voice_count":0,"_bbp_anonymous_reply_count":0,"_bbp_topic_count_hidden":0,"_bbp_reply_count_hidden":0,"_bbp_forum_subforum_count":0,"_uag_custom_page_level_css":"","footnotes":""},"categories":[1],"tags":[],"class_list":["post-172","post","type-post","status-publish","format-standard","hentry","category-sem-categoria"],"uagb_featured_image_src":{"full":false,"thumbnail":false,"medium":false,"medium_large":false,"large":false,"1536x1536":false,"2048x2048":false,"post-thumbnail":false},"uagb_author_info":{"display_name":"giulliano.pereira","author_link":"https:\/\/blog.ufes.br\/laburp\/author\/giulliano-pereira\/"},"uagb_comment_info":0,"uagb_excerpt":"Prezados e prezadas, com um pouco de atraso no calend\u00e1rio vamos finalmente marcar a reuni\u00e3o para debate do Capitulo sobre a renda da terra do livro de \u00a0HARVEY, David. A Justi\u00e7a Social e a Cidade. S\u00e3o Paulo: Hucitec,1980 (1973). O &hellip; Continue lendo &rarr;","_links":{"self":[{"href":"https:\/\/blog.ufes.br\/laburp\/wp-json\/wp\/v2\/posts\/172","targetHints":{"allow":["GET"]}}],"collection":[{"href":"https:\/\/blog.ufes.br\/laburp\/wp-json\/wp\/v2\/posts"}],"about":[{"href":"https:\/\/blog.ufes.br\/laburp\/wp-json\/wp\/v2\/types\/post"}],"author":[{"embeddable":true,"href":"https:\/\/blog.ufes.br\/laburp\/wp-json\/wp\/v2\/users\/65"}],"replies":[{"embeddable":true,"href":"https:\/\/blog.ufes.br\/laburp\/wp-json\/wp\/v2\/comments?post=172"}],"version-history":[{"count":1,"href":"https:\/\/blog.ufes.br\/laburp\/wp-json\/wp\/v2\/posts\/172\/revisions"}],"predecessor-version":[{"id":173,"href":"https:\/\/blog.ufes.br\/laburp\/wp-json\/wp\/v2\/posts\/172\/revisions\/173"}],"wp:attachment":[{"href":"https:\/\/blog.ufes.br\/laburp\/wp-json\/wp\/v2\/media?parent=172"}],"wp:term":[{"taxonomy":"category","embeddable":true,"href":"https:\/\/blog.ufes.br\/laburp\/wp-json\/wp\/v2\/categories?post=172"},{"taxonomy":"post_tag","embeddable":true,"href":"https:\/\/blog.ufes.br\/laburp\/wp-json\/wp\/v2\/tags?post=172"}],"curies":[{"name":"wp","href":"https:\/\/api.w.org\/{rel}","templated":true}]}}