{"id":1742,"date":"2023-09-09T19:33:03","date_gmt":"2023-09-09T22:33:03","guid":{"rendered":"https:\/\/blog.ufes.br\/laburp\/?p=1742"},"modified":"2023-09-09T21:21:33","modified_gmt":"2023-09-10T00:21:33","slug":"homenagem-a-carlos-walter-porto-goncalves","status":"publish","type":"post","link":"https:\/\/blog.ufes.br\/laburp\/homenagem-a-carlos-walter-porto-goncalves\/","title":{"rendered":"HOMENAGEM a Carlos Walter Porto-Gon\u00e7alves"},"content":{"rendered":"\t\t<div data-elementor-type=\"wp-post\" data-elementor-id=\"1742\" class=\"elementor elementor-1742\">\n\t\t\t\t\t\t<section class=\"elementor-section elementor-top-section elementor-element elementor-element-aa7ccff elementor-section-boxed elementor-section-height-default elementor-section-height-default\" data-id=\"aa7ccff\" data-element_type=\"section\" data-e-type=\"section\">\n\t\t\t\t\t\t<div class=\"elementor-container elementor-column-gap-default\">\n\t\t\t\t\t<div class=\"elementor-column elementor-col-50 elementor-top-column elementor-element elementor-element-0b207e0\" data-id=\"0b207e0\" data-element_type=\"column\" data-e-type=\"column\">\n\t\t\t<div class=\"elementor-widget-wrap elementor-element-populated\">\n\t\t\t\t\t\t<div class=\"elementor-element elementor-element-0241a87 elementor-widget elementor-widget-image\" data-id=\"0241a87\" data-element_type=\"widget\" data-e-type=\"widget\" data-widget_type=\"image.default\">\n\t\t\t\t<div class=\"elementor-widget-container\">\n\t\t\t\t\t\t\t\t\t\t\t\t\t\t\t<img fetchpriority=\"high\" decoding=\"async\" width=\"640\" height=\"755\" src=\"https:\/\/blog.ufes.br\/laburp\/files\/2023\/09\/imagem_2023-09-09_193512368.png\" class=\"attachment-large size-large wp-image-1744\" alt=\"\" srcset=\"https:\/\/blog.ufes.br\/laburp\/files\/2023\/09\/imagem_2023-09-09_193512368.png 868w, https:\/\/blog.ufes.br\/laburp\/files\/2023\/09\/imagem_2023-09-09_193512368-254x300.png 254w, https:\/\/blog.ufes.br\/laburp\/files\/2023\/09\/imagem_2023-09-09_193512368-768x906.png 768w\" sizes=\"(max-width: 640px) 100vw, 640px\" \/>\t\t\t\t\t\t\t\t\t\t\t\t\t\t\t<\/div>\n\t\t\t\t<\/div>\n\t\t\t\t\t<\/div>\n\t\t<\/div>\n\t\t\t\t<div class=\"elementor-column elementor-col-50 elementor-top-column elementor-element elementor-element-3432350\" data-id=\"3432350\" data-element_type=\"column\" data-e-type=\"column\">\n\t\t\t<div class=\"elementor-widget-wrap elementor-element-populated\">\n\t\t\t\t\t\t<div class=\"elementor-element elementor-element-194bde7 elementor-widget__width-initial elementor-widget elementor-widget-text-editor\" data-id=\"194bde7\" data-element_type=\"widget\" data-e-type=\"widget\" data-widget_type=\"text-editor.default\">\n\t\t\t\t<div class=\"elementor-widget-container\">\n\t\t\t\t\t\t\t\t\t<p>\u00c9 com muita tristeza que comunicamos a perda do colega e amigo Carlos Walter Porto-Gon\u00e7alves, um dos fundadores do nosso programa-POSGEO-UFF e onde foi professor por 24 anos. Perdemos um grande ge\u00f3grafo e intelectual, um pensador da Geografia ou, como ele preferia, das Geo-grafias, pensar a Geografia n\u00e3o como substantivo, mas como verbo, como ato\/a\u00e7\u00e3o\/pr\u00e1tica de marcar a terra. Carlos Walter foi um pensador das Geo-grafias dos povos, das comunidades e dos movimentos sociais, de suas territorialidades, saberes, lutas e r-exist\u00eancias. Um pensador original,\u00a0<\/p>\t\t\t\t\t\t\t\t<\/div>\n\t\t\t\t<\/div>\n\t\t\t\t\t<\/div>\n\t\t<\/div>\n\t\t\t\t\t<\/div>\n\t\t<\/section>\n\t\t\t\t<section class=\"elementor-section elementor-top-section elementor-element elementor-element-c1db999 elementor-section-boxed elementor-section-height-default elementor-section-height-default\" data-id=\"c1db999\" data-element_type=\"section\" data-e-type=\"section\">\n\t\t\t\t\t\t<div class=\"elementor-container elementor-column-gap-default\">\n\t\t\t\t\t<div class=\"elementor-column elementor-col-100 elementor-top-column elementor-element elementor-element-9c1e7e8\" data-id=\"9c1e7e8\" data-element_type=\"column\" data-e-type=\"column\">\n\t\t\t<div class=\"elementor-widget-wrap elementor-element-populated\">\n\t\t\t\t\t\t<div class=\"elementor-element elementor-element-5240fc3 elementor-widget elementor-widget-text-editor\" data-id=\"5240fc3\" data-element_type=\"widget\" data-e-type=\"widget\" data-widget_type=\"text-editor.default\">\n\t\t\t\t<div class=\"elementor-widget-container\">\n\t\t\t\t\t\t\t\t\t<p><span style=\"background-color: #ffffff\">criativo e provocativo que abriu novos horizontes de sentido para pensarmos a quest\u00e3o ambiental, agr\u00e1ria e a Geografia dos movimentos sociais.\u00a0 Um pensador que formou e inspirou gera\u00e7\u00f5es no Brasil e na Am\u00e9rica latina. Carlos nos deixa como legado uma vida dedicada \u00e0 constru\u00e7\u00e3o de uma ci\u00eancia geogr\u00e1fica cr\u00edtica e comprometida com a vida e as lutas dos de baixo.<\/span><\/p><p><em>Homenagem feita pelo Laborat\u00f3rio de Geografia Humana da Universidade Federal Fluminense (UFF).<\/em><\/p>\t\t\t\t\t\t\t\t<\/div>\n\t\t\t\t<\/div>\n\t\t\t\t\t<\/div>\n\t\t<\/div>\n\t\t\t\t\t<\/div>\n\t\t<\/section>\n\t\t\t\t<section class=\"elementor-section elementor-top-section elementor-element elementor-element-212f0c4 elementor-section-boxed elementor-section-height-default elementor-section-height-default\" data-id=\"212f0c4\" data-element_type=\"section\" data-e-type=\"section\">\n\t\t\t\t\t\t<div class=\"elementor-container elementor-column-gap-default\">\n\t\t\t\t\t<div class=\"elementor-column elementor-col-50 elementor-top-column elementor-element elementor-element-1f81f0f\" data-id=\"1f81f0f\" data-element_type=\"column\" data-e-type=\"column\">\n\t\t\t<div class=\"elementor-widget-wrap elementor-element-populated\">\n\t\t\t\t\t\t<div class=\"elementor-element elementor-element-6dcd3fd elementor-widget elementor-widget-video\" data-id=\"6dcd3fd\" data-element_type=\"widget\" data-e-type=\"widget\" data-settings=\"{&quot;youtube_url&quot;:&quot;https:\\\/\\\/youtu.be\\\/qs_Clt2WljI?si=XQr3hyWiFG3uqar6&quot;,&quot;video_type&quot;:&quot;youtube&quot;,&quot;controls&quot;:&quot;yes&quot;}\" data-widget_type=\"video.default\">\n\t\t\t\t<div class=\"elementor-widget-container\">\n\t\t\t\t\t\t\t<div class=\"elementor-wrapper elementor-open-inline\">\n\t\t\t<div class=\"elementor-video\"><\/div>\t\t<\/div>\n\t\t\t\t\t\t<\/div>\n\t\t\t\t<\/div>\n\t\t\t\t<div class=\"elementor-element elementor-element-5c20393 elementor-widget elementor-widget-text-editor\" data-id=\"5c20393\" data-element_type=\"widget\" data-e-type=\"widget\" data-widget_type=\"text-editor.default\">\n\t\t\t\t<div class=\"elementor-widget-container\">\n\t\t\t\t\t\t\t\t\t<p><strong>XVI Simp\u00f3sio Nacional de Geografia Urbana (SIMPURB)<br \/>Mesa 7 (de encerramento):<\/strong> A geopol\u00edtica urbana na Am\u00e9rica Latina contempor\u00e2nea: disputas dos comuns<br \/><strong>Palestrantes:<\/strong><br \/>Carlos Walter (UFF), <br \/>Rodrigo Hidalgo (PUC- Chile),<br \/>M\u00f4nica Arroyo (USP);<br \/><em>Debatedora:<\/em> Ester Limonad (UFF)<\/p>\t\t\t\t\t\t\t\t<\/div>\n\t\t\t\t<\/div>\n\t\t\t\t\t<\/div>\n\t\t<\/div>\n\t\t\t\t<div class=\"elementor-column elementor-col-50 elementor-top-column elementor-element elementor-element-0e570c2\" data-id=\"0e570c2\" data-element_type=\"column\" data-e-type=\"column\">\n\t\t\t<div class=\"elementor-widget-wrap elementor-element-populated\">\n\t\t\t\t\t\t<div class=\"elementor-element elementor-element-ba39c55 elementor-widget elementor-widget-video\" data-id=\"ba39c55\" data-element_type=\"widget\" data-e-type=\"widget\" data-settings=\"{&quot;youtube_url&quot;:&quot;https:\\\/\\\/www.youtube.com\\\/watch?v=tdg6MJwwP1E&quot;,&quot;video_type&quot;:&quot;youtube&quot;,&quot;controls&quot;:&quot;yes&quot;}\" data-widget_type=\"video.default\">\n\t\t\t\t<div class=\"elementor-widget-container\">\n\t\t\t\t\t\t\t<div class=\"elementor-wrapper elementor-open-inline\">\n\t\t\t<div class=\"elementor-video\"><\/div>\t\t<\/div>\n\t\t\t\t\t\t<\/div>\n\t\t\t\t<\/div>\n\t\t\t\t<div class=\"elementor-element elementor-element-f5f65ea elementor-widget elementor-widget-text-editor\" data-id=\"f5f65ea\" data-element_type=\"widget\" data-e-type=\"widget\" data-widget_type=\"text-editor.default\">\n\t\t\t\t<div class=\"elementor-widget-container\">\n\t\t\t\t\t\t\t\t\t<p><strong>&#8220;A crise do capital \u00e9 parte de uma crise civilizat\u00f3ria&#8221;<\/strong><br \/>Professor da Universidade Federal Fluminense e um dos mais importantes ge\u00f3grafos do Brasil, Carlos Walter Porto-Gon\u00e7alves \u00e9 o convidado do Programa Pensamento Pr\u00f3prio, espa\u00e7o onde os intelectuais latino-americanos podem expor seu pensamento original e pr\u00f3prio. Nesse programa Carlos Walter fala sobre a quest\u00e3o ind\u00edgena latino-americana e alerta sobre a necessidade da luta contra o capitalismo e a colonialidade.<\/p>\t\t\t\t\t\t\t\t<\/div>\n\t\t\t\t<\/div>\n\t\t\t\t\t<\/div>\n\t\t<\/div>\n\t\t\t\t\t<\/div>\n\t\t<\/section>\n\t\t\t\t<section class=\"elementor-section elementor-top-section elementor-element elementor-element-2ebd919 elementor-section-boxed elementor-section-height-default elementor-section-height-default\" data-id=\"2ebd919\" data-element_type=\"section\" data-e-type=\"section\">\n\t\t\t\t\t\t<div class=\"elementor-container elementor-column-gap-default\">\n\t\t\t\t\t<div class=\"elementor-column elementor-col-50 elementor-top-column elementor-element elementor-element-5b6976b\" data-id=\"5b6976b\" data-element_type=\"column\" data-e-type=\"column\">\n\t\t\t<div class=\"elementor-widget-wrap elementor-element-populated\">\n\t\t\t\t\t\t<div class=\"elementor-element elementor-element-b218ef3 elementor-view-default elementor-widget elementor-widget-icon\" data-id=\"b218ef3\" data-element_type=\"widget\" data-e-type=\"widget\" data-widget_type=\"icon.default\">\n\t\t\t\t<div class=\"elementor-widget-container\">\n\t\t\t\t\t\t\t<div class=\"elementor-icon-wrapper\">\n\t\t\t<a class=\"elementor-icon\" href=\"https:\/\/www.youtube.com\/live\/2I4v8hHvRl8?si=sxSWxfYomvc9RfjO\">\n\t\t\t<i aria-hidden=\"true\" class=\"fab fa-youtube\"><\/i>\t\t\t<\/a>\n\t\t<\/div>\n\t\t\t\t\t\t<\/div>\n\t\t\t\t<\/div>\n\t\t\t\t<div class=\"elementor-element elementor-element-6429f48 elementor-widget elementor-widget-text-editor\" data-id=\"6429f48\" data-element_type=\"widget\" data-e-type=\"widget\" data-widget_type=\"text-editor.default\">\n\t\t\t\t<div class=\"elementor-widget-container\">\n\t\t\t\t\t\t\t\t\t<p><strong>Aula Magna: <em>ANTROPOCENO ou CAPITALOCENO?: A Sociedade na Trama da Vida\/A Trama da Vida na Sociedade<\/em><\/strong> <br \/>Carlos Walter Porto-Gon\u00e7alves.<\/p>\t\t\t\t\t\t\t\t<\/div>\n\t\t\t\t<\/div>\n\t\t\t\t\t<\/div>\n\t\t<\/div>\n\t\t\t\t<div class=\"elementor-column elementor-col-50 elementor-top-column elementor-element elementor-element-0b563e2\" data-id=\"0b563e2\" data-element_type=\"column\" data-e-type=\"column\">\n\t\t\t<div class=\"elementor-widget-wrap elementor-element-populated\">\n\t\t\t\t\t\t<div class=\"elementor-element elementor-element-920366c elementor-widget__width-initial elementor-view-default elementor-widget elementor-widget-icon\" data-id=\"920366c\" data-element_type=\"widget\" data-e-type=\"widget\" data-widget_type=\"icon.default\">\n\t\t\t\t<div class=\"elementor-widget-container\">\n\t\t\t\t\t\t\t<div class=\"elementor-icon-wrapper\">\n\t\t\t<a class=\"elementor-icon\" href=\"https:\/\/www.teses.usp.br\/teses\/disponiveis\/8\/8136\/tde-16032021-113542\/pt-br.php\">\n\t\t\t<i aria-hidden=\"true\" class=\"fas fa-file-pdf\"><\/i>\t\t\t<\/a>\n\t\t<\/div>\n\t\t\t\t\t\t<\/div>\n\t\t\t\t<\/div>\n\t\t\t\t<div class=\"elementor-element elementor-element-ce37a1e elementor-widget elementor-widget-text-editor\" data-id=\"ce37a1e\" data-element_type=\"widget\" data-e-type=\"widget\" data-widget_type=\"text-editor.default\">\n\t\t\t\t<div class=\"elementor-widget-container\">\n\t\t\t\t\t\t\t\t\t<p><strong>Geografia e quest\u00e3o socioambiental: a contribui\u00e7\u00e3o de Carlos Walter Porto-Gon\u00e7alves<\/strong><br \/>Disserta\u00e7\u00e3o de Mestrado de Rafael de Castilho Cezzaretti\u00a0<\/p>\t\t\t\t\t\t\t\t<\/div>\n\t\t\t\t<\/div>\n\t\t\t\t\t<\/div>\n\t\t<\/div>\n\t\t\t\t\t<\/div>\n\t\t<\/section>\n\t\t\t\t<\/div>\n\t\t","protected":false},"excerpt":{"rendered":"<p>\u00c9 com muita tristeza que comunicamos a perda do colega e amigo Carlos Walter Porto-Gon\u00e7alves, um dos fundadores do nosso programa-POSGEO-UFF e onde foi professor por 24 anos. Perdemos um grande ge\u00f3grafo e intelectual, um pensador da Geografia ou, como &hellip; <a href=\"https:\/\/blog.ufes.br\/laburp\/homenagem-a-carlos-walter-porto-goncalves\/\">Continue lendo <span class=\"meta-nav\">&rarr;<\/span><\/a><\/p>\n","protected":false},"author":398,"featured_media":0,"comment_status":"closed","ping_status":"closed","sticky":false,"template":"","format":"standard","meta":{"_bbp_topic_count":0,"_bbp_reply_count":0,"_bbp_total_topic_count":0,"_bbp_total_reply_count":0,"_bbp_voice_count":0,"_bbp_anonymous_reply_count":0,"_bbp_topic_count_hidden":0,"_bbp_reply_count_hidden":0,"_bbp_forum_subforum_count":0,"_uag_custom_page_level_css":"","footnotes":""},"categories":[1],"tags":[],"class_list":["post-1742","post","type-post","status-publish","format-standard","hentry","category-sem-categoria"],"uagb_featured_image_src":{"full":false,"thumbnail":false,"medium":false,"medium_large":false,"large":false,"1536x1536":false,"2048x2048":false,"post-thumbnail":false},"uagb_author_info":{"display_name":"Ana F\u00e9lix","author_link":"https:\/\/blog.ufes.br\/laburp\/author\/ana_paula-flix-de-carvalho-silva\/"},"uagb_comment_info":0,"uagb_excerpt":"\u00c9 com muita tristeza que comunicamos a perda do colega e amigo Carlos Walter Porto-Gon\u00e7alves, um dos fundadores do nosso programa-POSGEO-UFF e onde foi professor por 24 anos. Perdemos um grande ge\u00f3grafo e intelectual, um pensador da Geografia ou, como &hellip; Continue lendo &rarr;","_links":{"self":[{"href":"https:\/\/blog.ufes.br\/laburp\/wp-json\/wp\/v2\/posts\/1742","targetHints":{"allow":["GET"]}}],"collection":[{"href":"https:\/\/blog.ufes.br\/laburp\/wp-json\/wp\/v2\/posts"}],"about":[{"href":"https:\/\/blog.ufes.br\/laburp\/wp-json\/wp\/v2\/types\/post"}],"author":[{"embeddable":true,"href":"https:\/\/blog.ufes.br\/laburp\/wp-json\/wp\/v2\/users\/398"}],"replies":[{"embeddable":true,"href":"https:\/\/blog.ufes.br\/laburp\/wp-json\/wp\/v2\/comments?post=1742"}],"version-history":[{"count":16,"href":"https:\/\/blog.ufes.br\/laburp\/wp-json\/wp\/v2\/posts\/1742\/revisions"}],"predecessor-version":[{"id":1760,"href":"https:\/\/blog.ufes.br\/laburp\/wp-json\/wp\/v2\/posts\/1742\/revisions\/1760"}],"wp:attachment":[{"href":"https:\/\/blog.ufes.br\/laburp\/wp-json\/wp\/v2\/media?parent=1742"}],"wp:term":[{"taxonomy":"category","embeddable":true,"href":"https:\/\/blog.ufes.br\/laburp\/wp-json\/wp\/v2\/categories?post=1742"},{"taxonomy":"post_tag","embeddable":true,"href":"https:\/\/blog.ufes.br\/laburp\/wp-json\/wp\/v2\/tags?post=1742"}],"curies":[{"name":"wp","href":"https:\/\/api.w.org\/{rel}","templated":true}]}}