{"id":1925,"date":"2024-07-23T14:54:44","date_gmt":"2024-07-23T17:54:44","guid":{"rendered":"https:\/\/blog.ufes.br\/laburp\/?p=1925"},"modified":"2024-07-23T15:04:36","modified_gmt":"2024-07-23T18:04:36","slug":"convite-defesa-de-tese-de-doutorado-3","status":"publish","type":"post","link":"https:\/\/blog.ufes.br\/laburp\/convite-defesa-de-tese-de-doutorado-3\/","title":{"rendered":"CONVITE Defesa de tese de doutorado"},"content":{"rendered":"\t\t<div data-elementor-type=\"wp-post\" data-elementor-id=\"1925\" class=\"elementor elementor-1925\">\n\t\t\t\t\t\t<section class=\"elementor-section elementor-top-section elementor-element elementor-element-4f07356 elementor-section-boxed elementor-section-height-default elementor-section-height-default\" data-id=\"4f07356\" data-element_type=\"section\" data-e-type=\"section\">\n\t\t\t\t\t\t<div class=\"elementor-container elementor-column-gap-default\">\n\t\t\t\t\t<div class=\"elementor-column elementor-col-100 elementor-top-column elementor-element elementor-element-af38ea9\" data-id=\"af38ea9\" data-element_type=\"column\" data-e-type=\"column\">\n\t\t\t<div class=\"elementor-widget-wrap elementor-element-populated\">\n\t\t\t\t\t\t<div class=\"elementor-element elementor-element-8541d4c elementor-widget elementor-widget-text-editor\" data-id=\"8541d4c\" data-element_type=\"widget\" data-e-type=\"widget\" data-widget_type=\"text-editor.default\">\n\t\t\t\t<div class=\"elementor-widget-container\">\n\t\t\t\t\t\t\t\t\t<div dir=\"ltr\">Defesa da Tese de doutorado de <strong><em>Luiz Henrique Vieira<\/em><\/strong><\/div><div dir=\"ltr\">\u00a0<\/div><div dir=\"ltr\"><strong>T\u00edtulo:<\/strong> SUPERF\u00cdCIES E SUBSOLOS NO MUNDO MERCADORIA: NEOEXTRATIVISMO, CONFLITOS, R-EXIST\u00caNCIAS E TERRIT\u00d3RIOS LIVRES DE MINERA\u00c7\u00c3O NA ZONA DA MATA DE MINAS GERAIS<\/div><div dir=\"ltr\">\u00a0<\/div><div dir=\"ltr\"><b>Banca examinadora<\/b>:<\/div><div dir=\"ltr\">Prof. Dr. Cl\u00e1udio Luiz Zanotelli\u00a0<span style=\"background-color: #ffffff\">(Ufes) \u2013\u00a0<\/span><em>Orientador e Presidente da Banca<\/em><\/div><div dir=\"ltr\">Prof. Dr. Paulo C\u00e9sar Scarim (Ufes) <em>\u2013 Examinador Interno<\/em><\/div><div dir=\"ltr\"><div><div>Prof. Dr. Lucas Magno (IF Sudeste) <em>\u2013 Examinador Externo\u00a0<\/em><\/div><div>Prof. Dr. Leandro Dias de Oliveira (UFRRJ) <em>\u2013 Examinador Externo\u00a0<\/em><\/div><div>Profa. Dra. Marilda Teles Maracci (UFV) <em>\u2013 Examinadora Externa<\/em><\/div><div>Prof. Dr. Roberto Sim\u00f5es\u00a0<span style=\"background-color: #ffffff\">(Ufes) <em>\u2013\u00a0<\/em><\/span><em>Examinador Suplente Interno\u00a0<\/em><\/div><div>Profa. Dra. Marina de Oliveira Penido\u00a0<span style=\"background-color: #ffffff\">(UFV) <em>\u2013\u00a0<\/em><\/span><em>Examinadora Suplente Externa\u00a0<\/em><\/div><\/div><\/div><div dir=\"ltr\">\u00a0<\/div><div dir=\"ltr\"><b>Data<\/b>: 16 de agosto de 2024, \u00e0s 8h30.<\/div><div dir=\"ltr\">\u00a0<\/div><div dir=\"ltr\"><strong>Local:<\/strong> Sala de Webconfer\u00eancia do Centro de Ci\u00eancias Humanas e Naturais (CCHN) da Universidade Federal do Esp\u00edrito Santo (Ufes).<\/div><div dir=\"ltr\">\u00a0<\/div><div dir=\"ltr\"><p><strong>Resumo:<\/strong> O neoexrativismo mineral e suas consequ\u00eancias no s\u00e9culo XXI nos provocam a pensar a atividade de minera\u00e7\u00e3o presente no pa\u00eds h\u00e1 s\u00e9culos, sempre em expans\u00e3o por novas fronteiras, acarretando grandes complica\u00e7\u00f5es e ac\u00famulo de problemas no atual per\u00edodo do antropoceno\/capitaloceno. Diante disso, procuramos, nesta tese, realizar um estudo sobre a Zona da Mata, mesorregi\u00e3o do estado de Minas Gerais, por meio de uma an\u00e1lise cr\u00edtica e geogr\u00e1fica em torno da problem\u00e1tica mineral. Para tanto, discorremos sobre os conflitos decorrentes da territorializa\u00e7\u00e3o de tr\u00eas mineradoras que extraem do subsolo bauxita e magnetita. As mineradoras operam em fases distintas, no entanto, todas s\u00e3o permeadas por conflitos e r-exist\u00eancias populares que se organizam h\u00e1 mais de duas d\u00e9cadas em contextos singulares. Analisamos a permissividade e flexibiliza\u00e7\u00e3o atrav\u00e9s dos procedimentos dos licenciamentos ambientais, juntamente com as pol\u00edticas p\u00fablicas que incentivam e autorizam o avan\u00e7o e funcionamento da atividade extrativa por novos territ\u00f3rios. Por fim, demonstramos como est\u00e3o as articula\u00e7\u00f5es em busca das cria\u00e7\u00f5es dos Territ\u00f3rios Livres de Minera\u00e7\u00e3o atrav\u00e9s de experi\u00eancias ocorridas entre 2015 a 2023.<\/p><\/div>\t\t\t\t\t\t\t\t<\/div>\n\t\t\t\t<\/div>\n\t\t\t\t<div class=\"elementor-element elementor-element-4700b2d elementor-widget elementor-widget-eael-creative-button\" data-id=\"4700b2d\" data-element_type=\"widget\" data-e-type=\"widget\" data-widget_type=\"eael-creative-button.default\">\n\t\t\t\t<div class=\"elementor-widget-container\">\n\t\t\t\t\t        <div class=\"eael-creative-button-wrapper\">\n\n            <a class=\"eael-creative-button eael-creative-button--ujarak eael-cb-icon-position-\" href=\"https:\/\/conferenciaweb.rnp.br\/ufes\/comunidade-virtual-do-centro-de-ciencias-humanas-e-naturais-cchn\" target=\"_blank\" data-text=\"Participe\">\n            \t    \n                <div class=\"creative-button-inner\">\n\n                    \n                    <span class=\"cretive-button-text\">Sala Virtual<\/span>\n\n                                    <\/div>\n\t                        <\/a>\n        <\/div>\n        \t\t\t\t<\/div>\n\t\t\t\t<\/div>\n\t\t\t\t\t<\/div>\n\t\t<\/div>\n\t\t\t\t\t<\/div>\n\t\t<\/section>\n\t\t\t\t<\/div>\n\t\t","protected":false},"excerpt":{"rendered":"<p>Defesa da Tese de doutorado de Luiz Henrique Vieira\u00a0T\u00edtulo: SUPERF\u00cdCIES E SUBSOLOS NO MUNDO MERCADORIA: NEOEXTRATIVISMO, CONFLITOS, R-EXIST\u00caNCIAS E TERRIT\u00d3RIOS LIVRES DE MINERA\u00c7\u00c3O NA ZONA DA MATA DE MINAS GERAIS\u00a0Banca examinadora:Prof. Dr. Cl\u00e1udio Luiz Zanotelli\u00a0(Ufes) \u2013\u00a0Orientador e Presidente da BancaProf. &hellip; <a href=\"https:\/\/blog.ufes.br\/laburp\/convite-defesa-de-tese-de-doutorado-3\/\">Continue lendo <span class=\"meta-nav\">&rarr;<\/span><\/a><\/p>\n","protected":false},"author":398,"featured_media":0,"comment_status":"closed","ping_status":"closed","sticky":false,"template":"","format":"standard","meta":{"_bbp_topic_count":0,"_bbp_reply_count":0,"_bbp_total_topic_count":0,"_bbp_total_reply_count":0,"_bbp_voice_count":0,"_bbp_anonymous_reply_count":0,"_bbp_topic_count_hidden":0,"_bbp_reply_count_hidden":0,"_bbp_forum_subforum_count":0,"_uag_custom_page_level_css":"","footnotes":""},"categories":[1],"tags":[],"class_list":["post-1925","post","type-post","status-publish","format-standard","hentry","category-sem-categoria"],"uagb_featured_image_src":{"full":false,"thumbnail":false,"medium":false,"medium_large":false,"large":false,"1536x1536":false,"2048x2048":false,"post-thumbnail":false},"uagb_author_info":{"display_name":"Ana F\u00e9lix","author_link":"https:\/\/blog.ufes.br\/laburp\/author\/ana_paula-flix-de-carvalho-silva\/"},"uagb_comment_info":0,"uagb_excerpt":"Defesa da Tese de doutorado de Luiz Henrique Vieira\u00a0T\u00edtulo: SUPERF\u00cdCIES E SUBSOLOS NO MUNDO MERCADORIA: NEOEXTRATIVISMO, CONFLITOS, R-EXIST\u00caNCIAS E TERRIT\u00d3RIOS LIVRES DE MINERA\u00c7\u00c3O NA ZONA DA MATA DE MINAS GERAIS\u00a0Banca examinadora:Prof. Dr. Cl\u00e1udio Luiz Zanotelli\u00a0(Ufes) \u2013\u00a0Orientador e Presidente da BancaProf. &hellip; Continue lendo &rarr;","_links":{"self":[{"href":"https:\/\/blog.ufes.br\/laburp\/wp-json\/wp\/v2\/posts\/1925","targetHints":{"allow":["GET"]}}],"collection":[{"href":"https:\/\/blog.ufes.br\/laburp\/wp-json\/wp\/v2\/posts"}],"about":[{"href":"https:\/\/blog.ufes.br\/laburp\/wp-json\/wp\/v2\/types\/post"}],"author":[{"embeddable":true,"href":"https:\/\/blog.ufes.br\/laburp\/wp-json\/wp\/v2\/users\/398"}],"replies":[{"embeddable":true,"href":"https:\/\/blog.ufes.br\/laburp\/wp-json\/wp\/v2\/comments?post=1925"}],"version-history":[{"count":6,"href":"https:\/\/blog.ufes.br\/laburp\/wp-json\/wp\/v2\/posts\/1925\/revisions"}],"predecessor-version":[{"id":1931,"href":"https:\/\/blog.ufes.br\/laburp\/wp-json\/wp\/v2\/posts\/1925\/revisions\/1931"}],"wp:attachment":[{"href":"https:\/\/blog.ufes.br\/laburp\/wp-json\/wp\/v2\/media?parent=1925"}],"wp:term":[{"taxonomy":"category","embeddable":true,"href":"https:\/\/blog.ufes.br\/laburp\/wp-json\/wp\/v2\/categories?post=1925"},{"taxonomy":"post_tag","embeddable":true,"href":"https:\/\/blog.ufes.br\/laburp\/wp-json\/wp\/v2\/tags?post=1925"}],"curies":[{"name":"wp","href":"https:\/\/api.w.org\/{rel}","templated":true}]}}