{"id":1937,"date":"2024-09-24T13:14:44","date_gmt":"2024-09-24T16:14:44","guid":{"rendered":"https:\/\/blog.ufes.br\/laburp\/?p=1937"},"modified":"2024-09-24T13:20:21","modified_gmt":"2024-09-24T16:20:21","slug":"convite-defesa-de-tese-de-doutorado-4","status":"publish","type":"post","link":"https:\/\/blog.ufes.br\/laburp\/convite-defesa-de-tese-de-doutorado-4\/","title":{"rendered":"CONVITE Defesa de tese de doutorado"},"content":{"rendered":"\t\t<div data-elementor-type=\"wp-post\" data-elementor-id=\"1937\" class=\"elementor elementor-1937\">\n\t\t\t\t\t\t<section class=\"elementor-section elementor-top-section elementor-element elementor-element-4f07356 elementor-section-boxed elementor-section-height-default elementor-section-height-default\" data-id=\"4f07356\" data-element_type=\"section\" data-e-type=\"section\">\n\t\t\t\t\t\t<div class=\"elementor-container elementor-column-gap-default\">\n\t\t\t\t\t<div class=\"elementor-column elementor-col-100 elementor-top-column elementor-element elementor-element-af38ea9\" data-id=\"af38ea9\" data-element_type=\"column\" data-e-type=\"column\">\n\t\t\t<div class=\"elementor-widget-wrap elementor-element-populated\">\n\t\t\t\t\t\t<div class=\"elementor-element elementor-element-8541d4c elementor-widget elementor-widget-text-editor\" data-id=\"8541d4c\" data-element_type=\"widget\" data-e-type=\"widget\" data-widget_type=\"text-editor.default\">\n\t\t\t\t<div class=\"elementor-widget-container\">\n\t\t\t\t\t\t\t\t\t<div dir=\"ltr\">Defesa da Tese de doutorado de <em><strong>Vinicius Francisco Marchese<\/strong><\/em><\/div><div dir=\"ltr\">\u00a0<\/div><div dir=\"ltr\"><p><strong>T\u00edtulo:\u00a0<\/strong>A Produ\u00e7\u00e3o Territorial da (In)Exist\u00eancia: Os Pescadores Artesanais Mar\u00edtimos e o Neoextrativismo nas Comunidades de Barra do Riacho e de Barra do Sahy, Munic\u00edpio de Aracruz-ES\u201d<\/p><\/div><div dir=\"ltr\">\u00a0<\/div><div dir=\"ltr\"><b>Banca examinadora<\/b>:<\/div><div dir=\"ltr\">Prof. Dr. Cl\u00e1udio Luiz Zanotelli\u00a0<span style=\"background-color: #ffffff\">(Ufes) \u2013\u00a0<\/span><em>Orientador e Presidente da Banca<\/em><\/div><div dir=\"ltr\">Profa. Dra. Eneida Maria Souza Mendon\u00e7a (UFES) \u2013 <em>Examinadora Interna<\/em><br \/>Prof. Dr. Roberto Garcia Sim\u00f5es (UFES) \u2013 <em>Examinador Interno<\/em><br \/>Profa. Dra. C\u00e1tia Ant\u00f4nia da Silva (UERJ) \u2013 <em>Examinadora Externa<\/em><br \/>Profa. Dra. Gic\u00e9lia Mendes da Silva (UFS) \u2013 <em>Examinadora Externa<\/em><\/div><div dir=\"ltr\">\u00a0<\/div><div dir=\"ltr\"><b>Data<\/b>: 30 de setembro de 2024, \u00e0s 8h00.<\/div><div dir=\"ltr\">\u00a0<\/div><div dir=\"ltr\"><strong>Local:<\/strong> Sala de Webconfer\u00eancia do Centro de Ci\u00eancias Humanas e Naturais (CCHN) da Universidade Federal do Esp\u00edrito Santo (Ufes).<\/div>\t\t\t\t\t\t\t\t<\/div>\n\t\t\t\t<\/div>\n\t\t\t\t<div class=\"elementor-element elementor-element-afe62de elementor-widget__width-initial elementor-widget elementor-widget-text-editor\" data-id=\"afe62de\" data-element_type=\"widget\" data-e-type=\"widget\" data-widget_type=\"text-editor.default\">\n\t\t\t\t<div class=\"elementor-widget-container\">\n\t\t\t\t\t\t\t\t\t<div dir=\"ltr\">&nbsp;<\/div>\n<div dir=\"ltr\"><strong style=\"font-size: 16px\">Resumo:<\/strong><\/div>\n<div dir=\"ltr\">\n<p>A Tese de Doutorado visa analisar o desenvolvimento e as consequ\u00eancias da produ\u00e7\u00e3o territorial brasileira contempor\u00e2nea, tendo por enfoque \u00e1reas que apresentam diferenciais geogr\u00e1ficos, os quais se tornam alvo de ass\u00e9dio neoextrativista, mas se encontram usados e ocupados por Povos e Comunidades Tradicionais cujos modos de vida n\u00e3o se relacionam aos modos de produ\u00e7\u00e3o que ali desejam se inserir. Para tanto, partimos da hip\u00f3tese de que o objetivo do poder estatal \u00e9 o de amparar processos de desapropria\u00e7\u00e3o destes territ\u00f3rios e a consequente expuls\u00e3o daqueles que preteritamente nele se encontravam, de prefer\u00eancia dissimulando todos os riscos e danos promovidos contra a exist\u00eancia destes grupos. Logo, pautando as abordagens na matriz foucaultiana, a partir de observa\u00e7\u00f5es do pr\u00f3prio fil\u00f3sofo franc\u00eas e de outros autores que seguiram e\/ou retrabalharam seu construto te\u00f3rico-conceitual, essa pesquisa busca observar como os valores neoliberais se coadunam aos interesses neoextrativistas em uma empreitada que se dedica a promover a inexist\u00eancia de aspectos socioambientais para que prevale\u00e7a a exist\u00eancia de aspectos pol\u00edtico-econ\u00f4micos. Desta forma, o poss\u00edvel desenvolvimento de um processo\/projeto de Produ\u00e7\u00e3o Territorial da (In)Exist\u00eancia \u00e9 posto sob an\u00e1lise atrav\u00e9s da observa\u00e7\u00e3o do que vem se passando com as comunidades de pescadores artesanais e marisqueiras de Barra do Riacho e de Barra do Sahy, ambas vizinhas e localizadas no Munic\u00edpio de Aracruz, Esp\u00edrito Santo-Brasil. Assim, os pressupostos criados frente a nossa hip\u00f3tese foram postos a prova, demonstrando que, o futuro da pesca artesanal se mostra pouco promissor na regi\u00e3o, tendo em vista esbo\u00e7ar uma inexist\u00eancia cada vez mais plaus\u00edvel para estes, enquanto os vazios materiais e simb\u00f3licos deixados no territ\u00f3rio s\u00e3o reapropriados pelo neoextrativismo e sua busca por concretizar uma racionalidade espacial que pouco parece se importar, ou at\u00e9 mesmo ser punida, pelos malef\u00edcios ocasionados.<\/p>\n<p>Palavras-chave: Produ\u00e7\u00e3o Territorial da (In)Exist\u00eancia; Pescadores Artesanais; Neoextrativismo; Comunidades Tradicionais; Aracruz-ES.<\/p>\n<\/div>\t\t\t\t\t\t\t\t<\/div>\n\t\t\t\t<\/div>\n\t\t\t\t<div class=\"elementor-element elementor-element-4700b2d elementor-widget elementor-widget-eael-creative-button\" data-id=\"4700b2d\" data-element_type=\"widget\" data-e-type=\"widget\" data-widget_type=\"eael-creative-button.default\">\n\t\t\t\t<div class=\"elementor-widget-container\">\n\t\t\t\t\t        <div class=\"eael-creative-button-wrapper\">\n\n            <a class=\"eael-creative-button eael-creative-button--ujarak eael-cb-icon-position-\" href=\"https:\/\/conferenciaweb.rnp.br\/ufes\/comunidade-virtual-do-centro-de-ciencias-humanas-e-naturais-cchn\" target=\"_blank\" data-text=\"Participe\">\n            \t    \n                <div class=\"creative-button-inner\">\n\n                    \n                    <span class=\"cretive-button-text\">Sala Virtual<\/span>\n\n                                    <\/div>\n\t                        <\/a>\n        <\/div>\n        \t\t\t\t<\/div>\n\t\t\t\t<\/div>\n\t\t\t\t\t<\/div>\n\t\t<\/div>\n\t\t\t\t\t<\/div>\n\t\t<\/section>\n\t\t\t\t<\/div>\n\t\t","protected":false},"excerpt":{"rendered":"<p>Defesa da Tese de doutorado de Vinicius Francisco Marchese\u00a0 T\u00edtulo:\u00a0A Produ\u00e7\u00e3o Territorial da (In)Exist\u00eancia: Os Pescadores Artesanais Mar\u00edtimos e o Neoextrativismo nas Comunidades de Barra do Riacho e de Barra do Sahy, Munic\u00edpio de Aracruz-ES\u201d \u00a0Banca examinadora:Prof. Dr. Cl\u00e1udio Luiz &hellip; <a href=\"https:\/\/blog.ufes.br\/laburp\/convite-defesa-de-tese-de-doutorado-4\/\">Continue lendo <span class=\"meta-nav\">&rarr;<\/span><\/a><\/p>\n","protected":false},"author":398,"featured_media":0,"comment_status":"closed","ping_status":"closed","sticky":false,"template":"","format":"standard","meta":{"_bbp_topic_count":0,"_bbp_reply_count":0,"_bbp_total_topic_count":0,"_bbp_total_reply_count":0,"_bbp_voice_count":0,"_bbp_anonymous_reply_count":0,"_bbp_topic_count_hidden":0,"_bbp_reply_count_hidden":0,"_bbp_forum_subforum_count":0,"_uag_custom_page_level_css":"","footnotes":""},"categories":[1],"tags":[],"class_list":["post-1937","post","type-post","status-publish","format-standard","hentry","category-sem-categoria"],"uagb_featured_image_src":{"full":false,"thumbnail":false,"medium":false,"medium_large":false,"large":false,"1536x1536":false,"2048x2048":false,"post-thumbnail":false},"uagb_author_info":{"display_name":"Ana F\u00e9lix","author_link":"https:\/\/blog.ufes.br\/laburp\/author\/ana_paula-flix-de-carvalho-silva\/"},"uagb_comment_info":0,"uagb_excerpt":"Defesa da Tese de doutorado de Vinicius Francisco Marchese\u00a0 T\u00edtulo:\u00a0A Produ\u00e7\u00e3o Territorial da (In)Exist\u00eancia: Os Pescadores Artesanais Mar\u00edtimos e o Neoextrativismo nas Comunidades de Barra do Riacho e de Barra do Sahy, Munic\u00edpio de Aracruz-ES\u201d \u00a0Banca examinadora:Prof. Dr. Cl\u00e1udio Luiz &hellip; Continue lendo &rarr;","_links":{"self":[{"href":"https:\/\/blog.ufes.br\/laburp\/wp-json\/wp\/v2\/posts\/1937","targetHints":{"allow":["GET"]}}],"collection":[{"href":"https:\/\/blog.ufes.br\/laburp\/wp-json\/wp\/v2\/posts"}],"about":[{"href":"https:\/\/blog.ufes.br\/laburp\/wp-json\/wp\/v2\/types\/post"}],"author":[{"embeddable":true,"href":"https:\/\/blog.ufes.br\/laburp\/wp-json\/wp\/v2\/users\/398"}],"replies":[{"embeddable":true,"href":"https:\/\/blog.ufes.br\/laburp\/wp-json\/wp\/v2\/comments?post=1937"}],"version-history":[{"count":6,"href":"https:\/\/blog.ufes.br\/laburp\/wp-json\/wp\/v2\/posts\/1937\/revisions"}],"predecessor-version":[{"id":1943,"href":"https:\/\/blog.ufes.br\/laburp\/wp-json\/wp\/v2\/posts\/1937\/revisions\/1943"}],"wp:attachment":[{"href":"https:\/\/blog.ufes.br\/laburp\/wp-json\/wp\/v2\/media?parent=1937"}],"wp:term":[{"taxonomy":"category","embeddable":true,"href":"https:\/\/blog.ufes.br\/laburp\/wp-json\/wp\/v2\/categories?post=1937"},{"taxonomy":"post_tag","embeddable":true,"href":"https:\/\/blog.ufes.br\/laburp\/wp-json\/wp\/v2\/tags?post=1937"}],"curies":[{"name":"wp","href":"https:\/\/api.w.org\/{rel}","templated":true}]}}