{"id":1956,"date":"2024-10-25T15:46:38","date_gmt":"2024-10-25T18:46:38","guid":{"rendered":"https:\/\/blog.ufes.br\/laburp\/?p=1956"},"modified":"2024-10-25T15:58:22","modified_gmt":"2024-10-25T18:58:22","slug":"xxii-enaber-vitoria-2024","status":"publish","type":"post","link":"https:\/\/blog.ufes.br\/laburp\/xxii-enaber-vitoria-2024\/","title":{"rendered":"XXII ENABER \u2013 Vit\u00f3ria 2024"},"content":{"rendered":"\t\t<div data-elementor-type=\"wp-post\" data-elementor-id=\"1956\" class=\"elementor elementor-1956\">\n\t\t\t\t\t\t<section class=\"elementor-section elementor-top-section elementor-element elementor-element-f20dcad elementor-section-boxed elementor-section-height-default elementor-section-height-default\" data-id=\"f20dcad\" data-element_type=\"section\" data-e-type=\"section\">\n\t\t\t\t\t\t<div class=\"elementor-container elementor-column-gap-default\">\n\t\t\t\t\t<div class=\"elementor-column elementor-col-50 elementor-top-column elementor-element elementor-element-8a73bb9\" data-id=\"8a73bb9\" data-element_type=\"column\" data-e-type=\"column\">\n\t\t\t<div class=\"elementor-widget-wrap elementor-element-populated\">\n\t\t\t\t\t\t<div class=\"elementor-element elementor-element-4ada5ef elementor-widget elementor-widget-image\" data-id=\"4ada5ef\" data-element_type=\"widget\" data-e-type=\"widget\" data-widget_type=\"image.default\">\n\t\t\t\t<div class=\"elementor-widget-container\">\n\t\t\t\t\t\t\t\t\t\t\t\t\t\t\t<img fetchpriority=\"high\" decoding=\"async\" width=\"460\" height=\"450\" src=\"https:\/\/blog.ufes.br\/laburp\/files\/2024\/10\/imagem_2024-10-25_152740269.png\" class=\"attachment-large size-large wp-image-1957\" alt=\"\" srcset=\"https:\/\/blog.ufes.br\/laburp\/files\/2024\/10\/imagem_2024-10-25_152740269.png 460w, https:\/\/blog.ufes.br\/laburp\/files\/2024\/10\/imagem_2024-10-25_152740269-300x293.png 300w\" sizes=\"(max-width: 460px) 100vw, 460px\" \/>\t\t\t\t\t\t\t\t\t\t\t\t\t\t\t<\/div>\n\t\t\t\t<\/div>\n\t\t\t\t\t<\/div>\n\t\t<\/div>\n\t\t\t\t<div class=\"elementor-column elementor-col-50 elementor-top-column elementor-element elementor-element-195e105\" data-id=\"195e105\" data-element_type=\"column\" data-e-type=\"column\">\n\t\t\t<div class=\"elementor-widget-wrap elementor-element-populated\">\n\t\t\t\t\t\t<div class=\"elementor-element elementor-element-d293b65 elementor-widget elementor-widget-text-editor\" data-id=\"d293b65\" data-element_type=\"widget\" data-e-type=\"widget\" data-widget_type=\"text-editor.default\">\n\t\t\t\t<div class=\"elementor-widget-container\">\n\t\t\t\t\t\t\t\t\t<p>O XXII Encontro Nacional da Associa\u00e7\u00e3o Brasileira de Estudos Regionais e Urbanos foi realizado entre os dias 23 e 25 de outubro de 2024 na cidade de Vit\u00f3ria, no Esp\u00edrito Santo. Este ano, o tema do evento foi<em> &#8220;Os desafios das desigualdades regionais e urbanas frente \u00e0s mudan\u00e7as clim\u00e1ticas&#8221;<\/em>, no qual se prop\u00f4s debater os padr\u00f5es de desenvolvimento econ\u00f4mico, social e ambiental frente aos desafios apresentados pelas mudan\u00e7as clim\u00e1ticas, com foco nas quest\u00f5es regionais e urbanas.<\/p>\t\t\t\t\t\t\t\t<\/div>\n\t\t\t\t<\/div>\n\t\t\t\t\t<\/div>\n\t\t<\/div>\n\t\t\t\t\t<\/div>\n\t\t<\/section>\n\t\t\t\t<section class=\"elementor-section elementor-top-section elementor-element elementor-element-af32951 elementor-section-boxed elementor-section-height-default elementor-section-height-default\" data-id=\"af32951\" data-element_type=\"section\" data-e-type=\"section\">\n\t\t\t\t\t\t<div class=\"elementor-container elementor-column-gap-default\">\n\t\t\t\t\t<div class=\"elementor-column elementor-col-100 elementor-top-column elementor-element elementor-element-f5330f5\" data-id=\"f5330f5\" data-element_type=\"column\" data-e-type=\"column\">\n\t\t\t<div class=\"elementor-widget-wrap elementor-element-populated\">\n\t\t\t\t\t\t<div class=\"elementor-element elementor-element-f309995 elementor-widget elementor-widget-text-editor\" data-id=\"f309995\" data-element_type=\"widget\" data-e-type=\"widget\" data-widget_type=\"text-editor.default\">\n\t\t\t\t<div class=\"elementor-widget-container\">\n\t\t\t\t\t\t\t\t\t<p>Na quinta-feira, o coordenador do Laburp, Cl\u00e1udio Luiz Zanotelli, realizou a palestra intitulada <em>&#8220;A escolha da \u201cadapta\u00e7\u00e3o\u201d \u00e0s mudan\u00e7as clim\u00e1ticas e o crescimento exponencial da \u00e1reas urbanas e as desigualdades socioambientais nas cidades brasileiras&#8221;, <\/em>contribuindo com as discuss\u00f5es sobre a escolha pela &#8220;adapta\u00e7\u00e3o&#8221;, a economia destruidora e mudan\u00e7as clim\u00e1ticas, buscando ressaltar as simbioses e os metabolismos que existem entre as formas de produzir, de consumir, de mat\u00e9ria e de energia, os quais desvelam um sistema Terra imprevis\u00edvel e que n\u00e3o \u00e9 considerado nas equa\u00e7\u00f5es e nos modelos sist\u00eamicos do economicismo e da produ\u00e7\u00e3o do espa\u00e7o, ao mesmo tempo em que debate as desigualdades em diversas escalas frente \u00e0s destrui\u00e7\u00f5es provocadas pela expans\u00e3o sem fim da produ\u00e7\u00e3o e do consumo no capitalismo.<\/p>\t\t\t\t\t\t\t\t<\/div>\n\t\t\t\t<\/div>\n\t\t\t\t\t<\/div>\n\t\t<\/div>\n\t\t\t\t\t<\/div>\n\t\t<\/section>\n\t\t\t\t<section class=\"elementor-section elementor-top-section elementor-element elementor-element-f9aeee4 elementor-section-boxed elementor-section-height-default elementor-section-height-default\" data-id=\"f9aeee4\" data-element_type=\"section\" data-e-type=\"section\">\n\t\t\t\t\t\t<div class=\"elementor-container elementor-column-gap-default\">\n\t\t\t\t\t<div class=\"elementor-column elementor-col-100 elementor-top-column elementor-element elementor-element-2725207\" data-id=\"2725207\" data-element_type=\"column\" data-e-type=\"column\">\n\t\t\t<div class=\"elementor-widget-wrap elementor-element-populated\">\n\t\t\t\t\t\t<div class=\"elementor-element elementor-element-71de958 elementor-widget elementor-widget-image-gallery\" data-id=\"71de958\" data-element_type=\"widget\" data-e-type=\"widget\" data-widget_type=\"image-gallery.default\">\n\t\t\t\t<div class=\"elementor-widget-container\">\n\t\t\t\t\t\t\t<div class=\"elementor-image-gallery\">\n\t\t\t<div id='gallery-2' class='gallery galleryid-1956 gallery-columns-2 gallery-size-medium_large'><dl class='gallery-item'>\n\t\t\t<dt class='gallery-icon landscape'>\n\t\t\t\t<a data-elementor-open-lightbox=\"yes\" data-elementor-lightbox-slideshow=\"71de958\" data-elementor-lightbox-title=\"imagem_2024-10-25_154756982\" data-e-action-hash=\"#elementor-action%3Aaction%3Dlightbox%26settings%3DeyJpZCI6MTk2MywidXJsIjoiaHR0cHM6XC9cL2Jsb2cudWZlcy5iclwvbGFidXJwXC9maWxlc1wvMjAyNFwvMTBcL2ltYWdlbV8yMDI0LTEwLTI1XzE1NDc1Njk4Mi5wbmciLCJzbGlkZXNob3ciOiI3MWRlOTU4In0%3D\" href='https:\/\/blog.ufes.br\/laburp\/files\/2024\/10\/imagem_2024-10-25_154756982.png'><img decoding=\"async\" width=\"640\" height=\"360\" src=\"https:\/\/blog.ufes.br\/laburp\/files\/2024\/10\/imagem_2024-10-25_154756982-768x432.png\" class=\"attachment-medium_large size-medium_large\" alt=\"\" srcset=\"https:\/\/blog.ufes.br\/laburp\/files\/2024\/10\/imagem_2024-10-25_154756982-768x432.png 768w, https:\/\/blog.ufes.br\/laburp\/files\/2024\/10\/imagem_2024-10-25_154756982-300x169.png 300w, https:\/\/blog.ufes.br\/laburp\/files\/2024\/10\/imagem_2024-10-25_154756982-1024x576.png 1024w, https:\/\/blog.ufes.br\/laburp\/files\/2024\/10\/imagem_2024-10-25_154756982-1536x864.png 1536w, https:\/\/blog.ufes.br\/laburp\/files\/2024\/10\/imagem_2024-10-25_154756982-2048x1152.png 2048w\" sizes=\"(max-width: 640px) 100vw, 640px\" \/><\/a>\n\t\t\t<\/dt><\/dl><dl class='gallery-item'>\n\t\t\t<dt class='gallery-icon landscape'>\n\t\t\t\t<a data-elementor-open-lightbox=\"yes\" data-elementor-lightbox-slideshow=\"71de958\" data-elementor-lightbox-title=\"imagem_2024-10-25_154709376\" data-e-action-hash=\"#elementor-action%3Aaction%3Dlightbox%26settings%3DeyJpZCI6MTk1OCwidXJsIjoiaHR0cHM6XC9cL2Jsb2cudWZlcy5iclwvbGFidXJwXC9maWxlc1wvMjAyNFwvMTBcL2ltYWdlbV8yMDI0LTEwLTI1XzE1NDcwOTM3Ni5wbmciLCJzbGlkZXNob3ciOiI3MWRlOTU4In0%3D\" href='https:\/\/blog.ufes.br\/laburp\/files\/2024\/10\/imagem_2024-10-25_154709376.png'><img decoding=\"async\" width=\"640\" height=\"360\" src=\"https:\/\/blog.ufes.br\/laburp\/files\/2024\/10\/imagem_2024-10-25_154709376-768x432.png\" class=\"attachment-medium_large size-medium_large\" alt=\"\" srcset=\"https:\/\/blog.ufes.br\/laburp\/files\/2024\/10\/imagem_2024-10-25_154709376-768x432.png 768w, https:\/\/blog.ufes.br\/laburp\/files\/2024\/10\/imagem_2024-10-25_154709376-300x169.png 300w, https:\/\/blog.ufes.br\/laburp\/files\/2024\/10\/imagem_2024-10-25_154709376-1024x576.png 1024w, https:\/\/blog.ufes.br\/laburp\/files\/2024\/10\/imagem_2024-10-25_154709376-1536x864.png 1536w, https:\/\/blog.ufes.br\/laburp\/files\/2024\/10\/imagem_2024-10-25_154709376.png 1600w\" sizes=\"(max-width: 640px) 100vw, 640px\" \/><\/a>\n\t\t\t<\/dt><\/dl><br style=\"clear: both\" \/><dl class='gallery-item'>\n\t\t\t<dt class='gallery-icon landscape'>\n\t\t\t\t<a data-elementor-open-lightbox=\"yes\" data-elementor-lightbox-slideshow=\"71de958\" data-elementor-lightbox-title=\"imagem_2024-10-25_154730238\" data-e-action-hash=\"#elementor-action%3Aaction%3Dlightbox%26settings%3DeyJpZCI6MTk2MCwidXJsIjoiaHR0cHM6XC9cL2Jsb2cudWZlcy5iclwvbGFidXJwXC9maWxlc1wvMjAyNFwvMTBcL2ltYWdlbV8yMDI0LTEwLTI1XzE1NDczMDIzOC5wbmciLCJzbGlkZXNob3ciOiI3MWRlOTU4In0%3D\" href='https:\/\/blog.ufes.br\/laburp\/files\/2024\/10\/imagem_2024-10-25_154730238.png'><img loading=\"lazy\" decoding=\"async\" width=\"640\" height=\"360\" src=\"https:\/\/blog.ufes.br\/laburp\/files\/2024\/10\/imagem_2024-10-25_154730238-768x432.png\" class=\"attachment-medium_large size-medium_large\" alt=\"\" srcset=\"https:\/\/blog.ufes.br\/laburp\/files\/2024\/10\/imagem_2024-10-25_154730238-768x432.png 768w, https:\/\/blog.ufes.br\/laburp\/files\/2024\/10\/imagem_2024-10-25_154730238-300x169.png 300w, https:\/\/blog.ufes.br\/laburp\/files\/2024\/10\/imagem_2024-10-25_154730238-1024x576.png 1024w, https:\/\/blog.ufes.br\/laburp\/files\/2024\/10\/imagem_2024-10-25_154730238-1536x864.png 1536w, https:\/\/blog.ufes.br\/laburp\/files\/2024\/10\/imagem_2024-10-25_154730238.png 1600w\" sizes=\"(max-width: 640px) 100vw, 640px\" \/><\/a>\n\t\t\t<\/dt><\/dl><dl class='gallery-item'>\n\t\t\t<dt class='gallery-icon landscape'>\n\t\t\t\t<a data-elementor-open-lightbox=\"yes\" data-elementor-lightbox-slideshow=\"71de958\" data-elementor-lightbox-title=\"imagem_2024-10-25_154736733\" data-e-action-hash=\"#elementor-action%3Aaction%3Dlightbox%26settings%3DeyJpZCI6MTk2MSwidXJsIjoiaHR0cHM6XC9cL2Jsb2cudWZlcy5iclwvbGFidXJwXC9maWxlc1wvMjAyNFwvMTBcL2ltYWdlbV8yMDI0LTEwLTI1XzE1NDczNjczMy5wbmciLCJzbGlkZXNob3ciOiI3MWRlOTU4In0%3D\" href='https:\/\/blog.ufes.br\/laburp\/files\/2024\/10\/imagem_2024-10-25_154736733.png'><img loading=\"lazy\" decoding=\"async\" width=\"640\" height=\"360\" src=\"https:\/\/blog.ufes.br\/laburp\/files\/2024\/10\/imagem_2024-10-25_154736733-768x432.png\" class=\"attachment-medium_large size-medium_large\" alt=\"\" srcset=\"https:\/\/blog.ufes.br\/laburp\/files\/2024\/10\/imagem_2024-10-25_154736733-768x432.png 768w, https:\/\/blog.ufes.br\/laburp\/files\/2024\/10\/imagem_2024-10-25_154736733-300x169.png 300w, https:\/\/blog.ufes.br\/laburp\/files\/2024\/10\/imagem_2024-10-25_154736733-1024x576.png 1024w, https:\/\/blog.ufes.br\/laburp\/files\/2024\/10\/imagem_2024-10-25_154736733-1536x864.png 1536w, https:\/\/blog.ufes.br\/laburp\/files\/2024\/10\/imagem_2024-10-25_154736733.png 1600w\" sizes=\"(max-width: 640px) 100vw, 640px\" \/><\/a>\n\t\t\t<\/dt><\/dl><br style=\"clear: both\" \/>\n\t\t<\/div>\n\t\t<\/div>\n\t\t\t\t\t\t<\/div>\n\t\t\t\t<\/div>\n\t\t\t\t<section class=\"elementor-section elementor-inner-section elementor-element elementor-element-f932d36 elementor-section-boxed elementor-section-height-default elementor-section-height-default\" data-id=\"f932d36\" data-element_type=\"section\" data-e-type=\"section\">\n\t\t\t\t\t\t<div class=\"elementor-container elementor-column-gap-default\">\n\t\t\t\t\t<div class=\"elementor-column elementor-col-100 elementor-inner-column elementor-element elementor-element-58fd406\" data-id=\"58fd406\" data-element_type=\"column\" data-e-type=\"column\">\n\t\t\t<div class=\"elementor-widget-wrap elementor-element-populated\">\n\t\t\t\t\t\t<div class=\"elementor-element elementor-element-fa0c874 elementor-widget elementor-widget-eael-creative-button\" data-id=\"fa0c874\" data-element_type=\"widget\" data-e-type=\"widget\" data-widget_type=\"eael-creative-button.default\">\n\t\t\t\t<div class=\"elementor-widget-container\">\n\t\t\t\t\t        <div class=\"eael-creative-button-wrapper\">\n\n            <a class=\"eael-creative-button eael-creative-button--ujarak eael-cb-icon-position-\" href=\"https:\/\/brsa.org.br\/enaber-2024\/#artigos\" target=\"_blank\" data-text=\"\">\n            \t    \n                <div class=\"creative-button-inner\">\n\n                    \n                    <span class=\"cretive-button-text\">Saiba mais<\/span>\n\n                                    <\/div>\n\t                        <\/a>\n        <\/div>\n        \t\t\t\t<\/div>\n\t\t\t\t<\/div>\n\t\t\t\t\t<\/div>\n\t\t<\/div>\n\t\t\t\t\t<\/div>\n\t\t<\/section>\n\t\t\t\t\t<\/div>\n\t\t<\/div>\n\t\t\t\t\t<\/div>\n\t\t<\/section>\n\t\t\t\t<\/div>\n\t\t","protected":false},"excerpt":{"rendered":"<p>O XXII Encontro Nacional da Associa\u00e7\u00e3o Brasileira de Estudos Regionais e Urbanos foi realizado entre os dias 23 e 25 de outubro de 2024 na cidade de Vit\u00f3ria, no Esp\u00edrito Santo. Este ano, o tema do evento foi &#8220;Os desafios &hellip; <a href=\"https:\/\/blog.ufes.br\/laburp\/xxii-enaber-vitoria-2024\/\">Continue lendo <span class=\"meta-nav\">&rarr;<\/span><\/a><\/p>\n","protected":false},"author":398,"featured_media":0,"comment_status":"closed","ping_status":"closed","sticky":false,"template":"","format":"standard","meta":{"_bbp_topic_count":0,"_bbp_reply_count":0,"_bbp_total_topic_count":0,"_bbp_total_reply_count":0,"_bbp_voice_count":0,"_bbp_anonymous_reply_count":0,"_bbp_topic_count_hidden":0,"_bbp_reply_count_hidden":0,"_bbp_forum_subforum_count":0,"_uag_custom_page_level_css":"","footnotes":""},"categories":[13],"tags":[],"class_list":["post-1956","post","type-post","status-publish","format-standard","hentry","category-divulgacao"],"uagb_featured_image_src":{"full":false,"thumbnail":false,"medium":false,"medium_large":false,"large":false,"1536x1536":false,"2048x2048":false,"post-thumbnail":false},"uagb_author_info":{"display_name":"Ana F\u00e9lix","author_link":"https:\/\/blog.ufes.br\/laburp\/author\/ana_paula-flix-de-carvalho-silva\/"},"uagb_comment_info":0,"uagb_excerpt":"O XXII Encontro Nacional da Associa\u00e7\u00e3o Brasileira de Estudos Regionais e Urbanos foi realizado entre os dias 23 e 25 de outubro de 2024 na cidade de Vit\u00f3ria, no Esp\u00edrito Santo. Este ano, o tema do evento foi &#8220;Os desafios &hellip; Continue lendo &rarr;","_links":{"self":[{"href":"https:\/\/blog.ufes.br\/laburp\/wp-json\/wp\/v2\/posts\/1956","targetHints":{"allow":["GET"]}}],"collection":[{"href":"https:\/\/blog.ufes.br\/laburp\/wp-json\/wp\/v2\/posts"}],"about":[{"href":"https:\/\/blog.ufes.br\/laburp\/wp-json\/wp\/v2\/types\/post"}],"author":[{"embeddable":true,"href":"https:\/\/blog.ufes.br\/laburp\/wp-json\/wp\/v2\/users\/398"}],"replies":[{"embeddable":true,"href":"https:\/\/blog.ufes.br\/laburp\/wp-json\/wp\/v2\/comments?post=1956"}],"version-history":[{"count":12,"href":"https:\/\/blog.ufes.br\/laburp\/wp-json\/wp\/v2\/posts\/1956\/revisions"}],"predecessor-version":[{"id":1976,"href":"https:\/\/blog.ufes.br\/laburp\/wp-json\/wp\/v2\/posts\/1956\/revisions\/1976"}],"wp:attachment":[{"href":"https:\/\/blog.ufes.br\/laburp\/wp-json\/wp\/v2\/media?parent=1956"}],"wp:term":[{"taxonomy":"category","embeddable":true,"href":"https:\/\/blog.ufes.br\/laburp\/wp-json\/wp\/v2\/categories?post=1956"},{"taxonomy":"post_tag","embeddable":true,"href":"https:\/\/blog.ufes.br\/laburp\/wp-json\/wp\/v2\/tags?post=1956"}],"curies":[{"name":"wp","href":"https:\/\/api.w.org\/{rel}","templated":true}]}}