{"id":349,"date":"2016-05-17T11:16:07","date_gmt":"2016-05-17T14:16:07","guid":{"rendered":"http:\/\/blog.ufes.br\/laburp\/?p=349"},"modified":"2016-05-17T11:16:17","modified_gmt":"2016-05-17T14:16:17","slug":"anulacao-seminario-do-dia-20-de-maio","status":"publish","type":"post","link":"https:\/\/blog.ufes.br\/laburp\/anulacao-seminario-do-dia-20-de-maio\/","title":{"rendered":"Anula\u00e7\u00e3o seminario do dia  20 de maio"},"content":{"rendered":"<p id=\"yui_3_16_0_ym19_1_1463493957360_5981\"><span id=\"yui_3_16_0_ym19_1_1463493957360_5980\">Boa tarde, em fun\u00e7\u00e3o das in\u00fameras impossibilidades de participa\u00e7\u00e3o da sess\u00e3o do dia 20 de maio de 2016 onde o Roberto Vervloet apresentaria a sua pesquisa (por causa de prova no centro de l\u00edngua). Transferimos essa sess\u00e3o para o dia 24 de junho (mesma sala e mesma hora: s\/113, 14:00hs), quando o Roberto Vervloet apresentara a pesquisa juntamente com o Roberto Garcia Sim\u00f5es.<\/span><\/p>\n<p id=\"yui_3_16_0_ym19_1_1463493957360_5971\"><span id=\"yui_3_16_0_ym19_1_1463493957360_5979\">Abra\u00e7os<\/span><\/p>\n<p id=\"yui_3_16_0_ym19_1_1463493957360_5972\"><span id=\"yui_3_16_0_ym19_1_1463493957360_5978\">Claudio Zanotelli<\/span><\/p>\n","protected":false},"excerpt":{"rendered":"<p>Boa tarde, em fun\u00e7\u00e3o das in\u00fameras impossibilidades de participa\u00e7\u00e3o da sess\u00e3o do dia 20 de maio de 2016 onde o Roberto Vervloet apresentaria a sua pesquisa (por causa de prova no centro de l\u00edngua). Transferimos essa sess\u00e3o para o dia &hellip; <a href=\"https:\/\/blog.ufes.br\/laburp\/anulacao-seminario-do-dia-20-de-maio\/\">Continue lendo <span class=\"meta-nav\">&rarr;<\/span><\/a><\/p>\n","protected":false},"author":64,"featured_media":0,"comment_status":"open","ping_status":"open","sticky":false,"template":"","format":"standard","meta":{"_bbp_topic_count":0,"_bbp_reply_count":0,"_bbp_total_topic_count":0,"_bbp_total_reply_count":0,"_bbp_voice_count":0,"_bbp_anonymous_reply_count":0,"_bbp_topic_count_hidden":0,"_bbp_reply_count_hidden":0,"_bbp_forum_subforum_count":0,"_uag_custom_page_level_css":"","footnotes":""},"categories":[1],"tags":[],"class_list":["post-349","post","type-post","status-publish","format-standard","hentry","category-sem-categoria"],"uagb_featured_image_src":{"full":false,"thumbnail":false,"medium":false,"medium_large":false,"large":false,"1536x1536":false,"2048x2048":false,"post-thumbnail":false},"uagb_author_info":{"display_name":"claudio.zanotelli","author_link":"https:\/\/blog.ufes.br\/laburp\/author\/claudio-zanotelli\/"},"uagb_comment_info":0,"uagb_excerpt":"Boa tarde, em fun\u00e7\u00e3o das in\u00fameras impossibilidades de participa\u00e7\u00e3o da sess\u00e3o do dia 20 de maio de 2016 onde o Roberto Vervloet apresentaria a sua pesquisa (por causa de prova no centro de l\u00edngua). Transferimos essa sess\u00e3o para o dia &hellip; Continue lendo &rarr;","_links":{"self":[{"href":"https:\/\/blog.ufes.br\/laburp\/wp-json\/wp\/v2\/posts\/349","targetHints":{"allow":["GET"]}}],"collection":[{"href":"https:\/\/blog.ufes.br\/laburp\/wp-json\/wp\/v2\/posts"}],"about":[{"href":"https:\/\/blog.ufes.br\/laburp\/wp-json\/wp\/v2\/types\/post"}],"author":[{"embeddable":true,"href":"https:\/\/blog.ufes.br\/laburp\/wp-json\/wp\/v2\/users\/64"}],"replies":[{"embeddable":true,"href":"https:\/\/blog.ufes.br\/laburp\/wp-json\/wp\/v2\/comments?post=349"}],"version-history":[{"count":1,"href":"https:\/\/blog.ufes.br\/laburp\/wp-json\/wp\/v2\/posts\/349\/revisions"}],"predecessor-version":[{"id":350,"href":"https:\/\/blog.ufes.br\/laburp\/wp-json\/wp\/v2\/posts\/349\/revisions\/350"}],"wp:attachment":[{"href":"https:\/\/blog.ufes.br\/laburp\/wp-json\/wp\/v2\/media?parent=349"}],"wp:term":[{"taxonomy":"category","embeddable":true,"href":"https:\/\/blog.ufes.br\/laburp\/wp-json\/wp\/v2\/categories?post=349"},{"taxonomy":"post_tag","embeddable":true,"href":"https:\/\/blog.ufes.br\/laburp\/wp-json\/wp\/v2\/tags?post=349"}],"curies":[{"name":"wp","href":"https:\/\/api.w.org\/{rel}","templated":true}]}}