{"id":374,"date":"2016-09-26T14:25:10","date_gmt":"2016-09-26T17:25:10","guid":{"rendered":"http:\/\/blog.ufes.br\/laburp\/?p=374"},"modified":"2016-09-26T14:25:10","modified_gmt":"2016-09-26T17:25:10","slug":"374","status":"publish","type":"post","link":"https:\/\/blog.ufes.br\/laburp\/374\/","title":{"rendered":""},"content":{"rendered":"<p>Estaremos iniciando a leitura do livro Commun. Ensaio sobre a revolu\u00e7\u00e3o no s\u00e9culo XXI de Pierre Dardot e Christian Laval. O livro esta disponivel em PDF na rede gratuitamente em franc\u00eas<br \/>\nMas ha uma vers\u00e3o em espanhol que pode ser comprada na internet.<\/p>\n<p>Aproveito para enviar o link de um semin\u00e1rio promovido pela ATTAC Catalunya com os autores do livro. Pol\u00edtica de lo com\u00fan. &#8220;Com\u00fan. Ensayo sobre la revolu<span class=\"text_exposed_show\">ci\u00f3n del siglo XXI&#8221; disponivel em<a href=\"https:\/\/www.youtube.com\/watch?v=xRdYoKdehsc\" target=\"_blank\" rel=\"nofollow\">https:\/\/www.youtube.com\/watch?v=xRdYoKdehsc<\/a><\/span><\/p>\n<p>O debate do livro se inicia dia 7 de outubro no Laburp (pr\u00e9dio da pos-gradua\u00e7\u00e3o do CCHN e a sala a ser definida) \u00e0s 14 hs com a apresenta\u00e7\u00e3o pelo Erck da introdu\u00e7\u00e3o e do primeiro capitulo. Dia 21 de outubro mesmo local e hor\u00e1rio debateremo os capitulos 2 (apresenta\u00e7\u00e3o Roberto Sim\u00f5es) e 3 (apresenta\u00e7\u00e3o Clara Miranda) e no dia 18 de novembro, cap\u00edtulos 4 e 5 (Ana Leite e Claudio Zanotelli). Os demais cap\u00edtulos ser\u00e3o distribu\u00eddos posteriormente.<\/p>\n<p>Abra\u00e7os<br \/>\nClaudio Zanotelli<\/p>\n<p>Link livro<\/p>\n<div class=\"text_exposed_show\">\n<p><a href=\"http:\/\/blog.ufes.br\/laburp\/files\/2016\/09\/DARDOT-Pierre-LAVAL-Commun.pdf\">dardot-pierre-laval-commun<\/a><\/p>\n<p>&nbsp;<\/p>\n<\/div>\n","protected":false},"excerpt":{"rendered":"<p>Estaremos iniciando a leitura do livro Commun. Ensaio sobre a revolu\u00e7\u00e3o no s\u00e9culo XXI de Pierre Dardot e Christian Laval. O livro esta disponivel em PDF na rede gratuitamente em franc\u00eas Mas ha uma vers\u00e3o em espanhol que pode ser &hellip; <a href=\"https:\/\/blog.ufes.br\/laburp\/374\/\">Continue lendo <span class=\"meta-nav\">&rarr;<\/span><\/a><\/p>\n","protected":false},"author":64,"featured_media":0,"comment_status":"open","ping_status":"open","sticky":false,"template":"","format":"standard","meta":{"_bbp_topic_count":0,"_bbp_reply_count":0,"_bbp_total_topic_count":0,"_bbp_total_reply_count":0,"_bbp_voice_count":0,"_bbp_anonymous_reply_count":0,"_bbp_topic_count_hidden":0,"_bbp_reply_count_hidden":0,"_bbp_forum_subforum_count":0,"_uag_custom_page_level_css":"","footnotes":""},"categories":[1],"tags":[],"class_list":["post-374","post","type-post","status-publish","format-standard","hentry","category-sem-categoria"],"uagb_featured_image_src":{"full":false,"thumbnail":false,"medium":false,"medium_large":false,"large":false,"1536x1536":false,"2048x2048":false,"post-thumbnail":false},"uagb_author_info":{"display_name":"claudio.zanotelli","author_link":"https:\/\/blog.ufes.br\/laburp\/author\/claudio-zanotelli\/"},"uagb_comment_info":0,"uagb_excerpt":"Estaremos iniciando a leitura do livro Commun. Ensaio sobre a revolu\u00e7\u00e3o no s\u00e9culo XXI de Pierre Dardot e Christian Laval. O livro esta disponivel em PDF na rede gratuitamente em franc\u00eas Mas ha uma vers\u00e3o em espanhol que pode ser &hellip; Continue lendo &rarr;","_links":{"self":[{"href":"https:\/\/blog.ufes.br\/laburp\/wp-json\/wp\/v2\/posts\/374","targetHints":{"allow":["GET"]}}],"collection":[{"href":"https:\/\/blog.ufes.br\/laburp\/wp-json\/wp\/v2\/posts"}],"about":[{"href":"https:\/\/blog.ufes.br\/laburp\/wp-json\/wp\/v2\/types\/post"}],"author":[{"embeddable":true,"href":"https:\/\/blog.ufes.br\/laburp\/wp-json\/wp\/v2\/users\/64"}],"replies":[{"embeddable":true,"href":"https:\/\/blog.ufes.br\/laburp\/wp-json\/wp\/v2\/comments?post=374"}],"version-history":[{"count":1,"href":"https:\/\/blog.ufes.br\/laburp\/wp-json\/wp\/v2\/posts\/374\/revisions"}],"predecessor-version":[{"id":376,"href":"https:\/\/blog.ufes.br\/laburp\/wp-json\/wp\/v2\/posts\/374\/revisions\/376"}],"wp:attachment":[{"href":"https:\/\/blog.ufes.br\/laburp\/wp-json\/wp\/v2\/media?parent=374"}],"wp:term":[{"taxonomy":"category","embeddable":true,"href":"https:\/\/blog.ufes.br\/laburp\/wp-json\/wp\/v2\/categories?post=374"},{"taxonomy":"post_tag","embeddable":true,"href":"https:\/\/blog.ufes.br\/laburp\/wp-json\/wp\/v2\/tags?post=374"}],"curies":[{"name":"wp","href":"https:\/\/api.w.org\/{rel}","templated":true}]}}