{"id":380,"date":"2016-11-15T17:20:22","date_gmt":"2016-11-15T19:20:22","guid":{"rendered":"http:\/\/blog.ufes.br\/laburp\/?p=380"},"modified":"2016-11-15T18:02:08","modified_gmt":"2016-11-15T20:02:08","slug":"programacao-laburp-do-mes-de-novembro","status":"publish","type":"post","link":"https:\/\/blog.ufes.br\/laburp\/programacao-laburp-do-mes-de-novembro\/","title":{"rendered":"Programa\u00e7\u00e3o Laburp do m\u00eas de novembro"},"content":{"rendered":"<p>As atividades do Laburp continuar\u00e3o no m\u00eas de novembro, com a continuidade do debate acerca do livro &#8220;O Comum&#8221; e com as apresenta\u00e7\u00f5es dos projetos de tese dos doutorandos que participam do grupo, conforme o seguinte cronograma:<br \/>\n18\/11: 14 hs: apresenta\u00e7\u00e3o da pesquisa de doutorado de Lohaine Jardim Barbosa com o tema &#8220;Da raz\u00e3o a desraz\u00e3o: por uma justi\u00e7a Espacial do Co-pertencimento e da Coexist\u00eancia&#8221;<br \/>\n25\/11: 14 hs: debate do cap\u00edtulo 3 do livro &#8220;O Comum&#8221;, de P. Dardot e C. Laval<br \/>\n09\/12: 14 hs apres<span class=\"text_exposed_show\">enta\u00e7\u00e3o da pesquisa de doutorado de M\u00e1rcio J. Mendon\u00e7a com o tema &#8220;Urbanismo Militar&#8221;<\/span><\/p>\n<div class=\"text_exposed_show\">\n<p>A<strong> sala das palestras e apresenta\u00e7\u00f5es sera a de numero 113 do Edif\u00edcio da Pos-Gradua\u00e7\u00e3o do CCHN Barbara I. Se houver mudan\u00e7as comunicaremos posteriormente. Abra\u00e7os<\/strong><\/p>\n<\/div>\n<div class=\"text_exposed_show\">\n<p>Participem!<\/p>\n<\/div>\n","protected":false},"excerpt":{"rendered":"<p>As atividades do Laburp continuar\u00e3o no m\u00eas de novembro, com a continuidade do debate acerca do livro &#8220;O Comum&#8221; e com as apresenta\u00e7\u00f5es dos projetos de tese dos doutorandos que participam do grupo, conforme o seguinte cronograma: 18\/11: 14 hs: &hellip; <a href=\"https:\/\/blog.ufes.br\/laburp\/programacao-laburp-do-mes-de-novembro\/\">Continue lendo <span class=\"meta-nav\">&rarr;<\/span><\/a><\/p>\n","protected":false},"author":64,"featured_media":0,"comment_status":"open","ping_status":"open","sticky":false,"template":"","format":"standard","meta":{"_bbp_topic_count":0,"_bbp_reply_count":0,"_bbp_total_topic_count":0,"_bbp_total_reply_count":0,"_bbp_voice_count":0,"_bbp_anonymous_reply_count":0,"_bbp_topic_count_hidden":0,"_bbp_reply_count_hidden":0,"_bbp_forum_subforum_count":0,"_uag_custom_page_level_css":"","footnotes":""},"categories":[1],"tags":[],"class_list":["post-380","post","type-post","status-publish","format-standard","hentry","category-sem-categoria"],"uagb_featured_image_src":{"full":false,"thumbnail":false,"medium":false,"medium_large":false,"large":false,"1536x1536":false,"2048x2048":false,"post-thumbnail":false},"uagb_author_info":{"display_name":"claudio.zanotelli","author_link":"https:\/\/blog.ufes.br\/laburp\/author\/claudio-zanotelli\/"},"uagb_comment_info":0,"uagb_excerpt":"As atividades do Laburp continuar\u00e3o no m\u00eas de novembro, com a continuidade do debate acerca do livro &#8220;O Comum&#8221; e com as apresenta\u00e7\u00f5es dos projetos de tese dos doutorandos que participam do grupo, conforme o seguinte cronograma: 18\/11: 14 hs: &hellip; Continue lendo &rarr;","_links":{"self":[{"href":"https:\/\/blog.ufes.br\/laburp\/wp-json\/wp\/v2\/posts\/380","targetHints":{"allow":["GET"]}}],"collection":[{"href":"https:\/\/blog.ufes.br\/laburp\/wp-json\/wp\/v2\/posts"}],"about":[{"href":"https:\/\/blog.ufes.br\/laburp\/wp-json\/wp\/v2\/types\/post"}],"author":[{"embeddable":true,"href":"https:\/\/blog.ufes.br\/laburp\/wp-json\/wp\/v2\/users\/64"}],"replies":[{"embeddable":true,"href":"https:\/\/blog.ufes.br\/laburp\/wp-json\/wp\/v2\/comments?post=380"}],"version-history":[{"count":2,"href":"https:\/\/blog.ufes.br\/laburp\/wp-json\/wp\/v2\/posts\/380\/revisions"}],"predecessor-version":[{"id":384,"href":"https:\/\/blog.ufes.br\/laburp\/wp-json\/wp\/v2\/posts\/380\/revisions\/384"}],"wp:attachment":[{"href":"https:\/\/blog.ufes.br\/laburp\/wp-json\/wp\/v2\/media?parent=380"}],"wp:term":[{"taxonomy":"category","embeddable":true,"href":"https:\/\/blog.ufes.br\/laburp\/wp-json\/wp\/v2\/categories?post=380"},{"taxonomy":"post_tag","embeddable":true,"href":"https:\/\/blog.ufes.br\/laburp\/wp-json\/wp\/v2\/tags?post=380"}],"curies":[{"name":"wp","href":"https:\/\/api.w.org\/{rel}","templated":true}]}}