{"id":390,"date":"2017-02-06T16:53:31","date_gmt":"2017-02-06T18:53:31","guid":{"rendered":"http:\/\/blog.ufes.br\/laburp\/?p=390"},"modified":"2017-02-06T16:54:33","modified_gmt":"2017-02-06T18:54:33","slug":"reuniao-do-laburp-dia-17022017","status":"publish","type":"post","link":"https:\/\/blog.ufes.br\/laburp\/reuniao-do-laburp-dia-17022017\/","title":{"rendered":"Reuni\u00e3o do Laburp dia 17\/02\/2017"},"content":{"rendered":"<p id=\"yui_3_15_0_1_1486405771388_2827\"><span id=\"yui_3_15_0_3_1486405771388_7\">Boa tarde a todos, iniciando o ano, com essa situa\u00e7\u00e3o em que se encontra o pais, mas apesar de tudo confiante no conhecimento e no saber, faremos reuni\u00e3o do LABURP dia 17\/02\/2017 \u00e0s 14 hs (creio que a sala de sempre, a 113, primeiro andar, do pr\u00e9dio Barbara da pos-gradua\u00e7\u00e3o) para reiniciar nossas atividades.\u00a0<\/span><\/p>\n<p id=\"yui_3_15_0_1_1486405771388_2827\"><span id=\"yui_3_15_0_3_1486405771388_20\">Assim, nessa primeira reuni\u00e3o devemos definir o calend\u00e1rio dos encontros, bem como debater o <span id=\"yui_3_15_0_3_1486405771388_11\">Quarto capitulo<\/span> do livro Comum de Dardot e Laval. Se n\u00e3o me falha a memoria \u00e9 a Ana Leite que devera apresentar esse capitulo (n\u00e3o \u00e9 Ana?). Um abra\u00e7o a todos e at\u00e9 la.<\/span><\/p>\n<p id=\"yui_3_15_0_1_1486405771388_2827\"><span id=\"yui_3_15_0_3_1486405771388_17\">Claudio Zanotelli<\/span><\/p>\n","protected":false},"excerpt":{"rendered":"<p>Boa tarde a todos, iniciando o ano, com essa situa\u00e7\u00e3o em que se encontra o pais, mas apesar de tudo confiante no conhecimento e no saber, faremos reuni\u00e3o do LABURP dia 17\/02\/2017 \u00e0s 14 hs (creio que a sala de &hellip; <a href=\"https:\/\/blog.ufes.br\/laburp\/reuniao-do-laburp-dia-17022017\/\">Continue lendo <span class=\"meta-nav\">&rarr;<\/span><\/a><\/p>\n","protected":false},"author":64,"featured_media":0,"comment_status":"open","ping_status":"open","sticky":false,"template":"","format":"standard","meta":{"_bbp_topic_count":0,"_bbp_reply_count":0,"_bbp_total_topic_count":0,"_bbp_total_reply_count":0,"_bbp_voice_count":0,"_bbp_anonymous_reply_count":0,"_bbp_topic_count_hidden":0,"_bbp_reply_count_hidden":0,"_bbp_forum_subforum_count":0,"_uag_custom_page_level_css":"","footnotes":""},"categories":[1],"tags":[],"class_list":["post-390","post","type-post","status-publish","format-standard","hentry","category-sem-categoria"],"uagb_featured_image_src":{"full":false,"thumbnail":false,"medium":false,"medium_large":false,"large":false,"1536x1536":false,"2048x2048":false,"post-thumbnail":false},"uagb_author_info":{"display_name":"claudio.zanotelli","author_link":"https:\/\/blog.ufes.br\/laburp\/author\/claudio-zanotelli\/"},"uagb_comment_info":0,"uagb_excerpt":"Boa tarde a todos, iniciando o ano, com essa situa\u00e7\u00e3o em que se encontra o pais, mas apesar de tudo confiante no conhecimento e no saber, faremos reuni\u00e3o do LABURP dia 17\/02\/2017 \u00e0s 14 hs (creio que a sala de &hellip; Continue lendo &rarr;","_links":{"self":[{"href":"https:\/\/blog.ufes.br\/laburp\/wp-json\/wp\/v2\/posts\/390","targetHints":{"allow":["GET"]}}],"collection":[{"href":"https:\/\/blog.ufes.br\/laburp\/wp-json\/wp\/v2\/posts"}],"about":[{"href":"https:\/\/blog.ufes.br\/laburp\/wp-json\/wp\/v2\/types\/post"}],"author":[{"embeddable":true,"href":"https:\/\/blog.ufes.br\/laburp\/wp-json\/wp\/v2\/users\/64"}],"replies":[{"embeddable":true,"href":"https:\/\/blog.ufes.br\/laburp\/wp-json\/wp\/v2\/comments?post=390"}],"version-history":[{"count":1,"href":"https:\/\/blog.ufes.br\/laburp\/wp-json\/wp\/v2\/posts\/390\/revisions"}],"predecessor-version":[{"id":391,"href":"https:\/\/blog.ufes.br\/laburp\/wp-json\/wp\/v2\/posts\/390\/revisions\/391"}],"wp:attachment":[{"href":"https:\/\/blog.ufes.br\/laburp\/wp-json\/wp\/v2\/media?parent=390"}],"wp:term":[{"taxonomy":"category","embeddable":true,"href":"https:\/\/blog.ufes.br\/laburp\/wp-json\/wp\/v2\/categories?post=390"},{"taxonomy":"post_tag","embeddable":true,"href":"https:\/\/blog.ufes.br\/laburp\/wp-json\/wp\/v2\/tags?post=390"}],"curies":[{"name":"wp","href":"https:\/\/api.w.org\/{rel}","templated":true}]}}