{"id":392,"date":"2017-03-06T09:54:59","date_gmt":"2017-03-06T12:54:59","guid":{"rendered":"http:\/\/blog.ufes.br\/laburp\/?p=392"},"modified":"2017-03-06T09:54:59","modified_gmt":"2017-03-06T12:54:59","slug":"palestra-professor-ednelson-dota-dia-17032017","status":"publish","type":"post","link":"https:\/\/blog.ufes.br\/laburp\/palestra-professor-ednelson-dota-dia-17032017\/","title":{"rendered":"Palestra professor Ednelson Dota dia 17\/03\/2017"},"content":{"rendered":"<div id=\"js_2i\" class=\"_5pbx userContent\">\n<p>Programa\u00e7\u00e3o do Laburp para o primeiro semestre 2017<\/p>\n<p>A programa\u00e7\u00e3o sofreu uma altera\u00e7\u00e3o, a apresenta\u00e7\u00e3o do professor Ednelson Dota sobre o <strong>Metodologia e Atlas das Migra\u00e7\u00f5es no Espirito Santo<\/strong> sera dia 17\/03\/2017. O local da apresenta\u00e7\u00e3o sera no pr\u00e9dio da p\u00f3s-gradua\u00e7\u00e3o do CCHN (a sala sera confirmada em breve).<br \/>\nAbra\u00e7os<\/p>\n<\/div>\n<div class=\"_3x-2\">\u00a0Claudio Zanotelli<\/div>\n","protected":false},"excerpt":{"rendered":"<p>Programa\u00e7\u00e3o do Laburp para o primeiro semestre 2017 A programa\u00e7\u00e3o sofreu uma altera\u00e7\u00e3o, a apresenta\u00e7\u00e3o do professor Ednelson Dota sobre o Metodologia e Atlas das Migra\u00e7\u00f5es no Espirito Santo sera dia 17\/03\/2017. O local da apresenta\u00e7\u00e3o sera no pr\u00e9dio da &hellip; <a href=\"https:\/\/blog.ufes.br\/laburp\/palestra-professor-ednelson-dota-dia-17032017\/\">Continue lendo <span class=\"meta-nav\">&rarr;<\/span><\/a><\/p>\n","protected":false},"author":64,"featured_media":0,"comment_status":"open","ping_status":"open","sticky":false,"template":"","format":"standard","meta":{"_bbp_topic_count":0,"_bbp_reply_count":0,"_bbp_total_topic_count":0,"_bbp_total_reply_count":0,"_bbp_voice_count":0,"_bbp_anonymous_reply_count":0,"_bbp_topic_count_hidden":0,"_bbp_reply_count_hidden":0,"_bbp_forum_subforum_count":0,"_uag_custom_page_level_css":"","footnotes":""},"categories":[1],"tags":[],"class_list":["post-392","post","type-post","status-publish","format-standard","hentry","category-sem-categoria"],"uagb_featured_image_src":{"full":false,"thumbnail":false,"medium":false,"medium_large":false,"large":false,"1536x1536":false,"2048x2048":false,"post-thumbnail":false},"uagb_author_info":{"display_name":"claudio.zanotelli","author_link":"https:\/\/blog.ufes.br\/laburp\/author\/claudio-zanotelli\/"},"uagb_comment_info":0,"uagb_excerpt":"Programa\u00e7\u00e3o do Laburp para o primeiro semestre 2017 A programa\u00e7\u00e3o sofreu uma altera\u00e7\u00e3o, a apresenta\u00e7\u00e3o do professor Ednelson Dota sobre o Metodologia e Atlas das Migra\u00e7\u00f5es no Espirito Santo sera dia 17\/03\/2017. O local da apresenta\u00e7\u00e3o sera no pr\u00e9dio da &hellip; Continue lendo &rarr;","_links":{"self":[{"href":"https:\/\/blog.ufes.br\/laburp\/wp-json\/wp\/v2\/posts\/392","targetHints":{"allow":["GET"]}}],"collection":[{"href":"https:\/\/blog.ufes.br\/laburp\/wp-json\/wp\/v2\/posts"}],"about":[{"href":"https:\/\/blog.ufes.br\/laburp\/wp-json\/wp\/v2\/types\/post"}],"author":[{"embeddable":true,"href":"https:\/\/blog.ufes.br\/laburp\/wp-json\/wp\/v2\/users\/64"}],"replies":[{"embeddable":true,"href":"https:\/\/blog.ufes.br\/laburp\/wp-json\/wp\/v2\/comments?post=392"}],"version-history":[{"count":1,"href":"https:\/\/blog.ufes.br\/laburp\/wp-json\/wp\/v2\/posts\/392\/revisions"}],"predecessor-version":[{"id":393,"href":"https:\/\/blog.ufes.br\/laburp\/wp-json\/wp\/v2\/posts\/392\/revisions\/393"}],"wp:attachment":[{"href":"https:\/\/blog.ufes.br\/laburp\/wp-json\/wp\/v2\/media?parent=392"}],"wp:term":[{"taxonomy":"category","embeddable":true,"href":"https:\/\/blog.ufes.br\/laburp\/wp-json\/wp\/v2\/categories?post=392"},{"taxonomy":"post_tag","embeddable":true,"href":"https:\/\/blog.ufes.br\/laburp\/wp-json\/wp\/v2\/tags?post=392"}],"curies":[{"name":"wp","href":"https:\/\/api.w.org\/{rel}","templated":true}]}}