{"id":397,"date":"2017-03-22T09:11:09","date_gmt":"2017-03-22T12:11:09","guid":{"rendered":"http:\/\/blog.ufes.br\/laburp\/?p=397"},"modified":"2017-03-22T09:22:40","modified_gmt":"2017-03-22T12:22:40","slug":"debate-livro-comum-de-dardot-e-laval-dia-2432017","status":"publish","type":"post","link":"https:\/\/blog.ufes.br\/laburp\/debate-livro-comum-de-dardot-e-laval-dia-2432017\/","title":{"rendered":"Debate livro Comum de Dardot e Laval, dia 24\/3\/2017"},"content":{"rendered":"<p>Bom dia, retorno do debate no Laburp do livro Comum de Pierre Dardot e Christan Laval (o livro em franc\u00eas, existe tamb\u00e9m em espanhol em digital, mas \u00e9 pago, se encontra gratuito no link abaixo)<\/p>\n<p>A Ana Maria continua apresenta\u00e7\u00e3o do capitulo 4 e Claudio Zanotelli apresentara o capitulo 5.<\/p>\n<p><strong>Data:<\/strong> 24\/03\/2017<\/p>\n<p><strong>Hor\u00e1rio<\/strong>: 14 horas<\/p>\n<p><strong>Local<\/strong>: Pr\u00e9dio Barbara 1 da Pos-Gradua\u00e7\u00e3o do CCHN, Sala 313, terceiro andar<\/p>\n<p>Link do livro:<\/p>\n<h5>file:\/\/\/C:\/Users\/usuario\/Desktop\/Laburp%202016\/Dardot%20e%20Laval%20Le%20Commun\/DARDOT,%20Pierre%20LAVAL,%20Commun.pdf .<\/h5>\n<h4>\u00a0.<\/h4>\n","protected":false},"excerpt":{"rendered":"<p>Bom dia, retorno do debate no Laburp do livro Comum de Pierre Dardot e Christan Laval (o livro em franc\u00eas, existe tamb\u00e9m em espanhol em digital, mas \u00e9 pago, se encontra gratuito no link abaixo) A Ana Maria continua apresenta\u00e7\u00e3o &hellip; <a href=\"https:\/\/blog.ufes.br\/laburp\/debate-livro-comum-de-dardot-e-laval-dia-2432017\/\">Continue lendo <span class=\"meta-nav\">&rarr;<\/span><\/a><\/p>\n","protected":false},"author":64,"featured_media":0,"comment_status":"open","ping_status":"open","sticky":false,"template":"","format":"standard","meta":{"_bbp_topic_count":0,"_bbp_reply_count":0,"_bbp_total_topic_count":0,"_bbp_total_reply_count":0,"_bbp_voice_count":0,"_bbp_anonymous_reply_count":0,"_bbp_topic_count_hidden":0,"_bbp_reply_count_hidden":0,"_bbp_forum_subforum_count":0,"_uag_custom_page_level_css":"","footnotes":""},"categories":[1],"tags":[],"class_list":["post-397","post","type-post","status-publish","format-standard","hentry","category-sem-categoria"],"uagb_featured_image_src":{"full":false,"thumbnail":false,"medium":false,"medium_large":false,"large":false,"1536x1536":false,"2048x2048":false,"post-thumbnail":false},"uagb_author_info":{"display_name":"claudio.zanotelli","author_link":"https:\/\/blog.ufes.br\/laburp\/author\/claudio-zanotelli\/"},"uagb_comment_info":0,"uagb_excerpt":"Bom dia, retorno do debate no Laburp do livro Comum de Pierre Dardot e Christan Laval (o livro em franc\u00eas, existe tamb\u00e9m em espanhol em digital, mas \u00e9 pago, se encontra gratuito no link abaixo) A Ana Maria continua apresenta\u00e7\u00e3o &hellip; Continue lendo &rarr;","_links":{"self":[{"href":"https:\/\/blog.ufes.br\/laburp\/wp-json\/wp\/v2\/posts\/397","targetHints":{"allow":["GET"]}}],"collection":[{"href":"https:\/\/blog.ufes.br\/laburp\/wp-json\/wp\/v2\/posts"}],"about":[{"href":"https:\/\/blog.ufes.br\/laburp\/wp-json\/wp\/v2\/types\/post"}],"author":[{"embeddable":true,"href":"https:\/\/blog.ufes.br\/laburp\/wp-json\/wp\/v2\/users\/64"}],"replies":[{"embeddable":true,"href":"https:\/\/blog.ufes.br\/laburp\/wp-json\/wp\/v2\/comments?post=397"}],"version-history":[{"count":5,"href":"https:\/\/blog.ufes.br\/laburp\/wp-json\/wp\/v2\/posts\/397\/revisions"}],"predecessor-version":[{"id":406,"href":"https:\/\/blog.ufes.br\/laburp\/wp-json\/wp\/v2\/posts\/397\/revisions\/406"}],"wp:attachment":[{"href":"https:\/\/blog.ufes.br\/laburp\/wp-json\/wp\/v2\/media?parent=397"}],"wp:term":[{"taxonomy":"category","embeddable":true,"href":"https:\/\/blog.ufes.br\/laburp\/wp-json\/wp\/v2\/categories?post=397"},{"taxonomy":"post_tag","embeddable":true,"href":"https:\/\/blog.ufes.br\/laburp\/wp-json\/wp\/v2\/tags?post=397"}],"curies":[{"name":"wp","href":"https:\/\/api.w.org\/{rel}","templated":true}]}}