{"id":421,"date":"2017-05-19T17:48:54","date_gmt":"2017-05-19T20:48:54","guid":{"rendered":"http:\/\/blog.ufes.br\/laburp\/?p=421"},"modified":"2017-05-19T17:48:54","modified_gmt":"2017-05-19T20:48:54","slug":"vi-seminario-ppgg-ufes","status":"publish","type":"post","link":"https:\/\/blog.ufes.br\/laburp\/vi-seminario-ppgg-ufes\/","title":{"rendered":"VI Semin\u00e1rio PPGG-UFES"},"content":{"rendered":"<div class=\"\">\n<div class=\"_1mf _1mj\"><span>VI Semin\u00e1rio do Programa em Pos-Gradua\u00e7\u00e3o em Geografia da UFES. De 30 de maio ao dia 1 de junho de 2017.<\/span><\/div>\n<\/div>\n<div class=\"\">\n<div class=\"_1mf _1mj\"><span>Audit\u00f3rio do IV &#8211; Centro de Educa\u00e7\u00e3o. A programa\u00e7\u00e3o estar\u00e1 em breve no portal da UFES e do PPGG.<\/span><\/div>\n<\/div>\n<div class=\"_1mf _1mj\"><\/div>\n","protected":false},"excerpt":{"rendered":"<p>VI Semin\u00e1rio do Programa em Pos-Gradua\u00e7\u00e3o em Geografia da UFES. De 30 de maio ao dia 1 de junho de 2017. Audit\u00f3rio do IV &#8211; Centro de Educa\u00e7\u00e3o. A programa\u00e7\u00e3o estar\u00e1 em breve no portal da UFES e do PPGG.<\/p>\n","protected":false},"author":64,"featured_media":0,"comment_status":"closed","ping_status":"closed","sticky":false,"template":"","format":"standard","meta":{"_bbp_topic_count":0,"_bbp_reply_count":0,"_bbp_total_topic_count":0,"_bbp_total_reply_count":0,"_bbp_voice_count":0,"_bbp_anonymous_reply_count":0,"_bbp_topic_count_hidden":0,"_bbp_reply_count_hidden":0,"_bbp_forum_subforum_count":0,"_uag_custom_page_level_css":"","footnotes":""},"categories":[1],"tags":[],"class_list":["post-421","post","type-post","status-publish","format-standard","hentry","category-sem-categoria"],"uagb_featured_image_src":{"full":false,"thumbnail":false,"medium":false,"medium_large":false,"large":false,"1536x1536":false,"2048x2048":false,"post-thumbnail":false},"uagb_author_info":{"display_name":"claudio.zanotelli","author_link":"https:\/\/blog.ufes.br\/laburp\/author\/claudio-zanotelli\/"},"uagb_comment_info":0,"uagb_excerpt":"VI Semin\u00e1rio do Programa em Pos-Gradua\u00e7\u00e3o em Geografia da UFES. De 30 de maio ao dia 1 de junho de 2017. Audit\u00f3rio do IV &#8211; Centro de Educa\u00e7\u00e3o. A programa\u00e7\u00e3o estar\u00e1 em breve no portal da UFES e do PPGG.","_links":{"self":[{"href":"https:\/\/blog.ufes.br\/laburp\/wp-json\/wp\/v2\/posts\/421","targetHints":{"allow":["GET"]}}],"collection":[{"href":"https:\/\/blog.ufes.br\/laburp\/wp-json\/wp\/v2\/posts"}],"about":[{"href":"https:\/\/blog.ufes.br\/laburp\/wp-json\/wp\/v2\/types\/post"}],"author":[{"embeddable":true,"href":"https:\/\/blog.ufes.br\/laburp\/wp-json\/wp\/v2\/users\/64"}],"replies":[{"embeddable":true,"href":"https:\/\/blog.ufes.br\/laburp\/wp-json\/wp\/v2\/comments?post=421"}],"version-history":[{"count":1,"href":"https:\/\/blog.ufes.br\/laburp\/wp-json\/wp\/v2\/posts\/421\/revisions"}],"predecessor-version":[{"id":422,"href":"https:\/\/blog.ufes.br\/laburp\/wp-json\/wp\/v2\/posts\/421\/revisions\/422"}],"wp:attachment":[{"href":"https:\/\/blog.ufes.br\/laburp\/wp-json\/wp\/v2\/media?parent=421"}],"wp:term":[{"taxonomy":"category","embeddable":true,"href":"https:\/\/blog.ufes.br\/laburp\/wp-json\/wp\/v2\/categories?post=421"},{"taxonomy":"post_tag","embeddable":true,"href":"https:\/\/blog.ufes.br\/laburp\/wp-json\/wp\/v2\/tags?post=421"}],"curies":[{"name":"wp","href":"https:\/\/api.w.org\/{rel}","templated":true}]}}