{"id":423,"date":"2017-06-27T16:57:32","date_gmt":"2017-06-27T19:57:32","guid":{"rendered":"http:\/\/blog.ufes.br\/laburp\/?p=423"},"modified":"2017-06-27T16:57:32","modified_gmt":"2017-06-27T19:57:32","slug":"calendario-debates-do-laburp-ate-setembro-2017","status":"publish","type":"post","link":"https:\/\/blog.ufes.br\/laburp\/calendario-debates-do-laburp-ate-setembro-2017\/","title":{"rendered":"Calend\u00e1rio debates do LABURP at\u00e9 Setembro 2017"},"content":{"rendered":"<p id=\"yui_3_16_0_ym19_1_1498494776335_129842\"><span id=\"yui_3_16_0_ym19_1_1498494776335_133243\">Envio novo calend\u00e1rio de debate do Semin\u00e1rio do Laburp relativo ao excelente livro Comum de Dardot e Laval.\u00a0<\/span><\/p>\n<p><strong>Novo Calend\u00e1rio dos debates sobre o livro Comum do Laval e Dardot do LABURP<\/strong><\/p>\n<p><strong>Local: Pr\u00e9dio Barbara I da P\u00f3s-Gradua\u00e7\u00e3o do CCHN, sala: normalmente a sala 113 (mudan\u00e7as ser\u00e3o comunicadas)<\/strong><\/p>\n<p><strong>Hor\u00e1rio: 14 horas, sempre \u00e0s sextas-feiras <\/strong><\/p>\n<table style=\"height: 587px\" width=\"936\">\n<tbody>\n<tr>\n<td width=\"192\"><strong>DIA<\/strong><\/td>\n<td width=\"192\"><strong>Capitulo<\/strong><\/td>\n<td width=\"192\"><strong>Apresenta\u00e7\u00e3o<\/strong><\/td>\n<\/tr>\n<tr>\n<td width=\"192\"><strong>14\/7\/2017<\/strong><\/td>\n<td width=\"192\"><strong>Capitulo 7<\/strong><\/td>\n<td width=\"192\"><strong>Zandor<\/strong><\/td>\n<\/tr>\n<tr>\n<td width=\"192\"><strong>21\/7\/2017<\/strong><\/td>\n<td width=\"192\"><strong>Capitulo 8<\/strong><\/td>\n<td width=\"192\"><strong>Ana Carolina<\/strong><\/td>\n<\/tr>\n<tr>\n<td width=\"192\"><strong>4\/8\/2017<\/strong><\/td>\n<td width=\"192\"><strong>Capitulo 9<\/strong><\/td>\n<td width=\"192\"><strong>Francismar<\/strong><\/td>\n<\/tr>\n<tr>\n<td width=\"192\"><strong>1\/09\/2017<\/strong><\/td>\n<td width=\"192\"><strong>Capitulo 10<\/strong><\/td>\n<td width=\"192\"><strong>Carla<\/strong><\/td>\n<\/tr>\n<tr>\n<td width=\"192\"><strong>15\/09\/2017<\/strong><\/td>\n<td width=\"192\"><strong>Terceira parte \u2013 propostas (p.455-583<\/strong><\/td>\n<td width=\"192\"><strong>Dividiremos as 9 propostas entre nove pessoas, ser\u00e3o apresenta\u00e7\u00f5es\u00a0<\/strong><span style=\"color: #000000\"><b>r\u00e1pidas<\/b><\/span><\/td>\n<\/tr>\n<\/tbody>\n<\/table>\n<p>&nbsp;<\/p>\n<p><span id=\"yui_3_16_0_ym19_1_1498494776335_133243\">Abra\u00e7os a todos.<\/span><\/p>\n<div><\/div>\n<div id=\"yui_3_16_0_ym19_1_1498494776335_129738\"><\/div>\n<div id=\"yui_3_16_0_ym19_1_1498494776335_129718\" class=\"signature\">Cl\u00e1udio Luiz Zanotelli<\/p>\n<div id=\"yui_3_16_0_ym19_1_1498494776335_129735\">Professor do Departamento e do Programa de P\u00f3s-Gradua\u00e7\u00e3o em Geografia da Universidade Federal do Esp\u00edrito Santo<\/div>\n<div id=\"yui_3_16_0_ym19_1_1498494776335_129717\">Editor da Revista Geografares<\/div>\n<div id=\"yui_3_16_0_ym19_1_1498494776335_133519\">clzanotelli@yahoo.com.br<\/div>\n<div id=\"yui_3_16_0_ym19_1_1498494776335_133524\">Tel: 27 33 35 76 29<\/div>\n<\/div>\n","protected":false},"excerpt":{"rendered":"<p>Envio novo calend\u00e1rio de debate do Semin\u00e1rio do Laburp relativo ao excelente livro Comum de Dardot e Laval.\u00a0 Novo Calend\u00e1rio dos debates sobre o livro Comum do Laval e Dardot do LABURP Local: Pr\u00e9dio Barbara I da P\u00f3s-Gradua\u00e7\u00e3o do CCHN, &hellip; <a href=\"https:\/\/blog.ufes.br\/laburp\/calendario-debates-do-laburp-ate-setembro-2017\/\">Continue lendo <span class=\"meta-nav\">&rarr;<\/span><\/a><\/p>\n","protected":false},"author":64,"featured_media":0,"comment_status":"closed","ping_status":"closed","sticky":false,"template":"","format":"standard","meta":{"_bbp_topic_count":0,"_bbp_reply_count":0,"_bbp_total_topic_count":0,"_bbp_total_reply_count":0,"_bbp_voice_count":0,"_bbp_anonymous_reply_count":0,"_bbp_topic_count_hidden":0,"_bbp_reply_count_hidden":0,"_bbp_forum_subforum_count":0,"_uag_custom_page_level_css":"","footnotes":""},"categories":[1],"tags":[],"class_list":["post-423","post","type-post","status-publish","format-standard","hentry","category-sem-categoria"],"uagb_featured_image_src":{"full":false,"thumbnail":false,"medium":false,"medium_large":false,"large":false,"1536x1536":false,"2048x2048":false,"post-thumbnail":false},"uagb_author_info":{"display_name":"claudio.zanotelli","author_link":"https:\/\/blog.ufes.br\/laburp\/author\/claudio-zanotelli\/"},"uagb_comment_info":0,"uagb_excerpt":"Envio novo calend\u00e1rio de debate do Semin\u00e1rio do Laburp relativo ao excelente livro Comum de Dardot e Laval.\u00a0 Novo Calend\u00e1rio dos debates sobre o livro Comum do Laval e Dardot do LABURP Local: Pr\u00e9dio Barbara I da P\u00f3s-Gradua\u00e7\u00e3o do CCHN, &hellip; Continue lendo &rarr;","_links":{"self":[{"href":"https:\/\/blog.ufes.br\/laburp\/wp-json\/wp\/v2\/posts\/423","targetHints":{"allow":["GET"]}}],"collection":[{"href":"https:\/\/blog.ufes.br\/laburp\/wp-json\/wp\/v2\/posts"}],"about":[{"href":"https:\/\/blog.ufes.br\/laburp\/wp-json\/wp\/v2\/types\/post"}],"author":[{"embeddable":true,"href":"https:\/\/blog.ufes.br\/laburp\/wp-json\/wp\/v2\/users\/64"}],"replies":[{"embeddable":true,"href":"https:\/\/blog.ufes.br\/laburp\/wp-json\/wp\/v2\/comments?post=423"}],"version-history":[{"count":2,"href":"https:\/\/blog.ufes.br\/laburp\/wp-json\/wp\/v2\/posts\/423\/revisions"}],"predecessor-version":[{"id":425,"href":"https:\/\/blog.ufes.br\/laburp\/wp-json\/wp\/v2\/posts\/423\/revisions\/425"}],"wp:attachment":[{"href":"https:\/\/blog.ufes.br\/laburp\/wp-json\/wp\/v2\/media?parent=423"}],"wp:term":[{"taxonomy":"category","embeddable":true,"href":"https:\/\/blog.ufes.br\/laburp\/wp-json\/wp\/v2\/categories?post=423"},{"taxonomy":"post_tag","embeddable":true,"href":"https:\/\/blog.ufes.br\/laburp\/wp-json\/wp\/v2\/tags?post=423"}],"curies":[{"name":"wp","href":"https:\/\/api.w.org\/{rel}","templated":true}]}}