{"id":464,"date":"2019-04-08T14:20:36","date_gmt":"2019-04-08T17:20:36","guid":{"rendered":"http:\/\/blog.ufes.br\/laburp\/?p=464"},"modified":"2019-04-08T14:26:31","modified_gmt":"2019-04-08T17:26:31","slug":"artigo-o-homem-e-a-natureza","status":"publish","type":"post","link":"https:\/\/blog.ufes.br\/laburp\/artigo-o-homem-e-a-natureza\/","title":{"rendered":"Artigo O homem e a natureza"},"content":{"rendered":"\n<p>Artigo publicado em A Gazeta dia 6\/04\/2019 sobre o livro que lan\u00e7arei  dia 11\/04\/2019 \u00e0s 18 horas na livraria Trapiche Gam\u00e3o na rua Gama Rosa, 236, Centro de Vitoria- ES e convite para o lan\u00e7amento<\/p>\n\n\n\n<figure class=\"wp-block-image\"><img fetchpriority=\"high\" decoding=\"async\" width=\"957\" height=\"1280\" src=\"http:\/\/blog.ufes.br\/laburp\/files\/2019\/04\/artigo-A-Gazeta-estruturalismo.jpg\" alt=\"\" class=\"wp-image-468\" \/><\/figure>\n\n\n\n<p><a href=\"https:\/\/www.facebook.com\/photo.php?fbid=2691697904190301&amp;set=a.951311728228936&amp;type=3&amp;theater\">https:\/\/www.facebook.com\/photo.php?fbid=2691697904190301&amp;set=a.951311728228936&amp;type=3&amp;theater<\/a><\/p>\n","protected":false},"excerpt":{"rendered":"<p>Artigo publicado em A Gazeta dia 6\/04\/2019 sobre o livro que lan\u00e7arei dia 11\/04\/2019 \u00e0s 18 horas na livraria Trapiche Gam\u00e3o na rua Gama Rosa, 236, Centro de Vitoria- ES e convite para o lan\u00e7amento https:\/\/www.facebook.com\/photo.php?fbid=2691697904190301&amp;set=a.951311728228936&amp;type=3&amp;theater<\/p>\n","protected":false},"author":64,"featured_media":0,"comment_status":"closed","ping_status":"closed","sticky":false,"template":"","format":"standard","meta":{"_bbp_topic_count":0,"_bbp_reply_count":0,"_bbp_total_topic_count":0,"_bbp_total_reply_count":0,"_bbp_voice_count":0,"_bbp_anonymous_reply_count":0,"_bbp_topic_count_hidden":0,"_bbp_reply_count_hidden":0,"_bbp_forum_subforum_count":0,"_uag_custom_page_level_css":"","footnotes":""},"categories":[1],"tags":[],"class_list":["post-464","post","type-post","status-publish","format-standard","hentry","category-sem-categoria"],"uagb_featured_image_src":{"full":false,"thumbnail":false,"medium":false,"medium_large":false,"large":false,"1536x1536":false,"2048x2048":false,"post-thumbnail":false},"uagb_author_info":{"display_name":"claudio.zanotelli","author_link":"https:\/\/blog.ufes.br\/laburp\/author\/claudio-zanotelli\/"},"uagb_comment_info":0,"uagb_excerpt":"Artigo publicado em A Gazeta dia 6\/04\/2019 sobre o livro que lan\u00e7arei dia 11\/04\/2019 \u00e0s 18 horas na livraria Trapiche Gam\u00e3o na rua Gama Rosa, 236, Centro de Vitoria- ES e convite para o lan\u00e7amento https:\/\/www.facebook.com\/photo.php?fbid=2691697904190301&amp;set=a.951311728228936&amp;type=3&amp;theater","_links":{"self":[{"href":"https:\/\/blog.ufes.br\/laburp\/wp-json\/wp\/v2\/posts\/464","targetHints":{"allow":["GET"]}}],"collection":[{"href":"https:\/\/blog.ufes.br\/laburp\/wp-json\/wp\/v2\/posts"}],"about":[{"href":"https:\/\/blog.ufes.br\/laburp\/wp-json\/wp\/v2\/types\/post"}],"author":[{"embeddable":true,"href":"https:\/\/blog.ufes.br\/laburp\/wp-json\/wp\/v2\/users\/64"}],"replies":[{"embeddable":true,"href":"https:\/\/blog.ufes.br\/laburp\/wp-json\/wp\/v2\/comments?post=464"}],"version-history":[{"count":3,"href":"https:\/\/blog.ufes.br\/laburp\/wp-json\/wp\/v2\/posts\/464\/revisions"}],"predecessor-version":[{"id":469,"href":"https:\/\/blog.ufes.br\/laburp\/wp-json\/wp\/v2\/posts\/464\/revisions\/469"}],"wp:attachment":[{"href":"https:\/\/blog.ufes.br\/laburp\/wp-json\/wp\/v2\/media?parent=464"}],"wp:term":[{"taxonomy":"category","embeddable":true,"href":"https:\/\/blog.ufes.br\/laburp\/wp-json\/wp\/v2\/categories?post=464"},{"taxonomy":"post_tag","embeddable":true,"href":"https:\/\/blog.ufes.br\/laburp\/wp-json\/wp\/v2\/tags?post=464"}],"curies":[{"name":"wp","href":"https:\/\/api.w.org\/{rel}","templated":true}]}}