{"id":61,"date":"2012-04-12T10:57:23","date_gmt":"2012-04-12T13:57:23","guid":{"rendered":"http:\/\/blog.ufes.br\/estudosmetropolitanos\/?p=61"},"modified":"2012-04-12T10:57:23","modified_gmt":"2012-04-12T13:57:23","slug":"reuniao-do-dia-13-de-abril","status":"publish","type":"post","link":"https:\/\/blog.ufes.br\/laburp\/reuniao-do-dia-13-de-abril\/","title":{"rendered":"Reuni\u00e3o do dia 13 de Abril"},"content":{"rendered":"<p>Informo que a reuni\u00e3o do dia 13 de abril, sexta-feira, est\u00e1 confirmada.<\/p>\n<p>A reuni\u00e3o ser\u00e1 \u00e0s 17 horas, no Laborat\u00f3rio de Geografia Humana, e ser\u00e3o discutidos o texto de Ana Clara e as sugest\u00f5es de cada um.<\/p>\n<p>&nbsp;<\/p>\n","protected":false},"excerpt":{"rendered":"<p>Informo que a reuni\u00e3o do dia 13 de abril, sexta-feira, est\u00e1 confirmada. A reuni\u00e3o ser\u00e1 \u00e0s 17 horas, no Laborat\u00f3rio de Geografia Humana, e ser\u00e3o discutidos o texto de Ana Clara e as sugest\u00f5es de cada um. &nbsp;<\/p>\n","protected":false},"author":65,"featured_media":0,"comment_status":"open","ping_status":"open","sticky":false,"template":"","format":"standard","meta":{"_bbp_topic_count":0,"_bbp_reply_count":0,"_bbp_total_topic_count":0,"_bbp_total_reply_count":0,"_bbp_voice_count":0,"_bbp_anonymous_reply_count":0,"_bbp_topic_count_hidden":0,"_bbp_reply_count_hidden":0,"_bbp_forum_subforum_count":0,"_uag_custom_page_level_css":"","footnotes":""},"categories":[1],"tags":[],"class_list":["post-61","post","type-post","status-publish","format-standard","hentry","category-sem-categoria"],"uagb_featured_image_src":{"full":false,"thumbnail":false,"medium":false,"medium_large":false,"large":false,"1536x1536":false,"2048x2048":false,"post-thumbnail":false},"uagb_author_info":{"display_name":"giulliano.pereira","author_link":"https:\/\/blog.ufes.br\/laburp\/author\/giulliano-pereira\/"},"uagb_comment_info":0,"uagb_excerpt":"Informo que a reuni\u00e3o do dia 13 de abril, sexta-feira, est\u00e1 confirmada. A reuni\u00e3o ser\u00e1 \u00e0s 17 horas, no Laborat\u00f3rio de Geografia Humana, e ser\u00e3o discutidos o texto de Ana Clara e as sugest\u00f5es de cada um. &nbsp;","_links":{"self":[{"href":"https:\/\/blog.ufes.br\/laburp\/wp-json\/wp\/v2\/posts\/61","targetHints":{"allow":["GET"]}}],"collection":[{"href":"https:\/\/blog.ufes.br\/laburp\/wp-json\/wp\/v2\/posts"}],"about":[{"href":"https:\/\/blog.ufes.br\/laburp\/wp-json\/wp\/v2\/types\/post"}],"author":[{"embeddable":true,"href":"https:\/\/blog.ufes.br\/laburp\/wp-json\/wp\/v2\/users\/65"}],"replies":[{"embeddable":true,"href":"https:\/\/blog.ufes.br\/laburp\/wp-json\/wp\/v2\/comments?post=61"}],"version-history":[{"count":1,"href":"https:\/\/blog.ufes.br\/laburp\/wp-json\/wp\/v2\/posts\/61\/revisions"}],"predecessor-version":[{"id":62,"href":"https:\/\/blog.ufes.br\/laburp\/wp-json\/wp\/v2\/posts\/61\/revisions\/62"}],"wp:attachment":[{"href":"https:\/\/blog.ufes.br\/laburp\/wp-json\/wp\/v2\/media?parent=61"}],"wp:term":[{"taxonomy":"category","embeddable":true,"href":"https:\/\/blog.ufes.br\/laburp\/wp-json\/wp\/v2\/categories?post=61"},{"taxonomy":"post_tag","embeddable":true,"href":"https:\/\/blog.ufes.br\/laburp\/wp-json\/wp\/v2\/tags?post=61"}],"curies":[{"name":"wp","href":"https:\/\/api.w.org\/{rel}","templated":true}]}}