{"id":93,"date":"2012-06-14T15:26:24","date_gmt":"2012-06-14T18:26:24","guid":{"rendered":"http:\/\/blog.ufes.br\/estudosmetropolitanos\/?p=93"},"modified":"2012-06-14T15:26:24","modified_gmt":"2012-06-14T18:26:24","slug":"geografares-n-11","status":"publish","type":"post","link":"https:\/\/blog.ufes.br\/laburp\/geografares-n-11\/","title":{"rendered":"Geografares n.11"},"content":{"rendered":"<p>Gostar\u00edamos de informar que a edi\u00e7\u00e3o n\u00famero 11 da Revista Geografares j\u00e1 est\u00e1 dispon\u00edvel.<\/p>\n<p>Confira a Geografares 11 e as outras edi\u00e7\u00f5es em\u00a0<a href=\"http:\/\/www.periodicos.ufes.br\/geografares\/issue\/archive\">http:\/\/www.periodicos.ufes.br\/geografares\/issue\/archive<\/a>\u00a0.<\/p>\n<p>&nbsp;<\/p>\n<p>&nbsp;<\/p>\n","protected":false},"excerpt":{"rendered":"<p>Gostar\u00edamos de informar que a edi\u00e7\u00e3o n\u00famero 11 da Revista Geografares j\u00e1 est\u00e1 dispon\u00edvel. Confira a Geografares 11 e as outras edi\u00e7\u00f5es em\u00a0http:\/\/www.periodicos.ufes.br\/geografares\/issue\/archive\u00a0. &nbsp; &nbsp;<\/p>\n","protected":false},"author":65,"featured_media":0,"comment_status":"open","ping_status":"open","sticky":false,"template":"","format":"standard","meta":{"_bbp_topic_count":0,"_bbp_reply_count":0,"_bbp_total_topic_count":0,"_bbp_total_reply_count":0,"_bbp_voice_count":0,"_bbp_anonymous_reply_count":0,"_bbp_topic_count_hidden":0,"_bbp_reply_count_hidden":0,"_bbp_forum_subforum_count":0,"_uag_custom_page_level_css":"","footnotes":""},"categories":[1],"tags":[],"class_list":["post-93","post","type-post","status-publish","format-standard","hentry","category-sem-categoria"],"uagb_featured_image_src":{"full":false,"thumbnail":false,"medium":false,"medium_large":false,"large":false,"1536x1536":false,"2048x2048":false,"post-thumbnail":false},"uagb_author_info":{"display_name":"giulliano.pereira","author_link":"https:\/\/blog.ufes.br\/laburp\/author\/giulliano-pereira\/"},"uagb_comment_info":0,"uagb_excerpt":"Gostar\u00edamos de informar que a edi\u00e7\u00e3o n\u00famero 11 da Revista Geografares j\u00e1 est\u00e1 dispon\u00edvel. Confira a Geografares 11 e as outras edi\u00e7\u00f5es em\u00a0http:\/\/www.periodicos.ufes.br\/geografares\/issue\/archive\u00a0. &nbsp; &nbsp;","_links":{"self":[{"href":"https:\/\/blog.ufes.br\/laburp\/wp-json\/wp\/v2\/posts\/93","targetHints":{"allow":["GET"]}}],"collection":[{"href":"https:\/\/blog.ufes.br\/laburp\/wp-json\/wp\/v2\/posts"}],"about":[{"href":"https:\/\/blog.ufes.br\/laburp\/wp-json\/wp\/v2\/types\/post"}],"author":[{"embeddable":true,"href":"https:\/\/blog.ufes.br\/laburp\/wp-json\/wp\/v2\/users\/65"}],"replies":[{"embeddable":true,"href":"https:\/\/blog.ufes.br\/laburp\/wp-json\/wp\/v2\/comments?post=93"}],"version-history":[{"count":2,"href":"https:\/\/blog.ufes.br\/laburp\/wp-json\/wp\/v2\/posts\/93\/revisions"}],"predecessor-version":[{"id":95,"href":"https:\/\/blog.ufes.br\/laburp\/wp-json\/wp\/v2\/posts\/93\/revisions\/95"}],"wp:attachment":[{"href":"https:\/\/blog.ufes.br\/laburp\/wp-json\/wp\/v2\/media?parent=93"}],"wp:term":[{"taxonomy":"category","embeddable":true,"href":"https:\/\/blog.ufes.br\/laburp\/wp-json\/wp\/v2\/categories?post=93"},{"taxonomy":"post_tag","embeddable":true,"href":"https:\/\/blog.ufes.br\/laburp\/wp-json\/wp\/v2\/tags?post=93"}],"curies":[{"name":"wp","href":"https:\/\/api.w.org\/{rel}","templated":true}]}}