{"id":586,"date":"2025-09-04T17:55:52","date_gmt":"2025-09-04T20:55:52","guid":{"rendered":"https:\/\/blog.ufes.br\/lamab\/?p=586"},"modified":"2025-09-04T18:11:42","modified_gmt":"2025-09-04T21:11:42","slug":"defesas-recentes","status":"publish","type":"post","link":"https:\/\/blog.ufes.br\/lamab\/?p=586","title":{"rendered":"Defesas recentes"},"content":{"rendered":"\n<p>Parab\u00e9ns \u00e0s\/aos Lamabianas\/os que defenderam seus trabalhos de conclus\u00e3o de curso nos \u00faltimos meses!<\/p>\n\n\n\n<ul class=\"wp-block-list\">\n<li><strong>Teses de Doutorado<\/strong>: <a href=\"http:\/\/Diversidade e vulnerabilidade de mam\u00edferos de montanha frente \u00e0s mudan\u00e7as clim\u00e1ticas\">Diversidade e vulnerabilidade de mam\u00edferos de montanha frente \u00e0s mudan\u00e7as clim\u00e1ticas<\/a> (Gabriela Colombo de Mendon\u00e7a), <a href=\"https:\/\/cienciasbiologicas.ufes.br\/pt-br\/pos-graduacao\/PPGBAN\/detalhes-da-tese?id=22592\">Biomec\u00e2nica da locomo\u00e7\u00e3o terrestre em <em>Anhanguera<\/em> e <em>Tupandactylus<\/em> (Pterosauria, Archosauria)<\/a> (Beatriz Marinho H\u00f6rmanseder).<\/li>\n\n\n\n<li><strong>Disserta\u00e7\u00f5es de Mestrado<\/strong>: <a href=\"https:\/\/cienciasbiologicas.ufes.br\/pt-br\/pos-graduacao\/PPGBAN\/detalhes-da-tese?id=22775\">Adequabilidade Clim\u00e1tica Futura para Morcegos em um Hotspot de Biodiversidade<\/a> (Ricieire dos Santos Melotti), <a href=\"https:\/\/cienciasbiologicas.ufes.br\/pt-br\/pos-graduacao\/PPGBAN\/detalhes-da-tese?id=22757\">Paisagens antropizadas ocupam \u00e1reas climaticamente adequadas para a diversidade de pequenos mam\u00edferos na Mata Atl\u00e2ntica<\/a> (Val\u00e9ria Dallap\u00edcula Beraldino), <a href=\"https:\/\/cienciasbiologicas.ufes.br\/pt-br\/pos-graduacao\/PPGBAN\/detalhes-da-tese?id=22754\">Distribui\u00e7\u00e3o potencial de unidades evolutivas de jacar\u00e9-do-papo-amarelo (Caiman latirostris, Daudin 1802): perspectivas ecol\u00f3gicas e conservacionistas<\/a> (Fernando Paulino Alvarenga), <a href=\"https:\/\/cienciasbiologicas.ufes.br\/pt-br\/pos-graduacao\/PPGBAN\/detalhes-da-tese?id=22384\">Mudan\u00e7as espa\u00e7o-temporais dos vetores de perda de habitat em popula\u00e7\u00f5es de jacar\u00e9-do-papo-amarelo (<em>Caiman latirostris<\/em>) no Brasil<\/a> (Gabriel Gomes Dias).<\/li>\n\n\n\n<li><strong>Trabalhos de Conclus\u00e3o de Curso de Gradua\u00e7\u00e3o<\/strong>: Conhecimento e coexist\u00eancia: a diversidade de vertebrados do Parque Pedra da Cebola e as estrat\u00e9gias para uma harmonia humano-fauna (Natalia de Souza Caliman), Compara\u00e7\u00e3o entre m\u00e9todos de extra\u00e7\u00e3o e quantifica\u00e7\u00e3o de DNA de amostras de f\u00edgado e longevidade de extratos armazenados de roedores e maraupiais para uso em gen\u00f4mica (Rafael Torres da Silva Gomes).<\/li>\n<\/ul>\n\n\n\n<figure class=\"wp-block-image size-large\"><a href=\"https:\/\/blog.ufes.br\/lamab\/files\/2025\/09\/defesas.jpg\"><img loading=\"lazy\" decoding=\"async\" width=\"1024\" height=\"749\" src=\"https:\/\/blog.ufes.br\/lamab\/files\/2025\/09\/defesas-1024x749.jpg\" alt=\"imagens de defesas\" class=\"wp-image-587\" srcset=\"https:\/\/blog.ufes.br\/lamab\/files\/2025\/09\/defesas-1024x749.jpg 1024w, https:\/\/blog.ufes.br\/lamab\/files\/2025\/09\/defesas-300x219.jpg 300w, https:\/\/blog.ufes.br\/lamab\/files\/2025\/09\/defesas-768x562.jpg 768w, https:\/\/blog.ufes.br\/lamab\/files\/2025\/09\/defesas.jpg 1299w\" sizes=\"auto, (max-width: 1024px) 100vw, 1024px\" \/><\/a><\/figure>\n","protected":false},"excerpt":{"rendered":"<p>Parab\u00e9ns \u00e0s\/aos Lamabianas\/os que defenderam seus trabalhos de conclus\u00e3o de curso nos \u00faltimos meses!<\/p>\n","protected":false},"author":243,"featured_media":0,"comment_status":"closed","ping_status":"open","sticky":false,"template":"","format":"standard","meta":{"_bbp_topic_count":0,"_bbp_reply_count":0,"_bbp_total_topic_count":0,"_bbp_total_reply_count":0,"_bbp_voice_count":0,"_bbp_anonymous_reply_count":0,"_bbp_topic_count_hidden":0,"_bbp_reply_count_hidden":0,"_bbp_forum_subforum_count":0,"_uag_custom_page_level_css":"","footnotes":""},"categories":[21,24,23,37],"tags":[38],"class_list":["post-586","post","type-post","status-publish","format-standard","hentry","category-defesa","category-doutorado","category-mestrado","category-tcc","tag-defesas"],"uagb_featured_image_src":{"full":false,"thumbnail":false,"medium":false,"medium_large":false,"large":false,"1536x1536":false,"2048x2048":false,"post-thumbnail":false},"uagb_author_info":{"display_name":"Yuri Leite","author_link":"https:\/\/blog.ufes.br\/lamab\/?author=243"},"uagb_comment_info":0,"uagb_excerpt":"Parab\u00e9ns \u00e0s\/aos Lamabianas\/os que defenderam seus trabalhos de conclus\u00e3o de curso nos \u00faltimos meses!","_links":{"self":[{"href":"https:\/\/blog.ufes.br\/lamab\/index.php?rest_route=\/wp\/v2\/posts\/586","targetHints":{"allow":["GET"]}}],"collection":[{"href":"https:\/\/blog.ufes.br\/lamab\/index.php?rest_route=\/wp\/v2\/posts"}],"about":[{"href":"https:\/\/blog.ufes.br\/lamab\/index.php?rest_route=\/wp\/v2\/types\/post"}],"author":[{"embeddable":true,"href":"https:\/\/blog.ufes.br\/lamab\/index.php?rest_route=\/wp\/v2\/users\/243"}],"replies":[{"embeddable":true,"href":"https:\/\/blog.ufes.br\/lamab\/index.php?rest_route=%2Fwp%2Fv2%2Fcomments&post=586"}],"version-history":[{"count":3,"href":"https:\/\/blog.ufes.br\/lamab\/index.php?rest_route=\/wp\/v2\/posts\/586\/revisions"}],"predecessor-version":[{"id":596,"href":"https:\/\/blog.ufes.br\/lamab\/index.php?rest_route=\/wp\/v2\/posts\/586\/revisions\/596"}],"wp:attachment":[{"href":"https:\/\/blog.ufes.br\/lamab\/index.php?rest_route=%2Fwp%2Fv2%2Fmedia&parent=586"}],"wp:term":[{"taxonomy":"category","embeddable":true,"href":"https:\/\/blog.ufes.br\/lamab\/index.php?rest_route=%2Fwp%2Fv2%2Fcategories&post=586"},{"taxonomy":"post_tag","embeddable":true,"href":"https:\/\/blog.ufes.br\/lamab\/index.php?rest_route=%2Fwp%2Fv2%2Ftags&post=586"}],"curies":[{"name":"wp","href":"https:\/\/api.w.org\/{rel}","templated":true}]}}