{"id":1086,"date":"2026-08-14T09:36:01","date_gmt":"2026-08-14T12:36:01","guid":{"rendered":"https:\/\/blog.ufes.br\/languageeducation\/?p=1086"},"modified":"2026-08-14T09:42:56","modified_gmt":"2026-08-14T12:42:56","slug":"unidade-didatica-music-as-cultural-expression","status":"publish","type":"post","link":"https:\/\/blog.ufes.br\/languageeducation\/unidade-didatica-music-as-cultural-expression\/","title":{"rendered":"Unidade Did\u00e1tica: Music as Cultural Expression"},"content":{"rendered":"\t\t<div data-elementor-type=\"wp-post\" data-elementor-id=\"1086\" class=\"elementor elementor-1086\">\n\t\t\t\t\t\t<section class=\"elementor-section elementor-top-section elementor-element elementor-element-5a87ddc8 elementor-section-boxed elementor-section-height-default elementor-section-height-default\" data-id=\"5a87ddc8\" data-element_type=\"section\" data-e-type=\"section\">\n\t\t\t\t\t\t<div class=\"elementor-container elementor-column-gap-default\">\n\t\t\t\t\t<div class=\"elementor-column elementor-col-100 elementor-top-column elementor-element elementor-element-51602571\" data-id=\"51602571\" data-element_type=\"column\" data-e-type=\"column\">\n\t\t\t<div class=\"elementor-widget-wrap elementor-element-populated\">\n\t\t\t\t\t\t<div class=\"elementor-element elementor-element-d3183a3 elementor-widget elementor-widget-text-editor\" data-id=\"d3183a3\" data-element_type=\"widget\" data-e-type=\"widget\" data-widget_type=\"text-editor.default\">\n\t\t\t\t<div class=\"elementor-widget-container\">\n\t\t\t\t\t\t\t\t\t<p>by Anna Clara Mamede and Jully<\/p>\n\n<figure class=\"wp-block-gallery has-nested-images columns-default is-cropped wp-block-gallery-2 is-layout-flex wp-block-gallery-is-layout-flex\"><\/figure>\n\t\t\t\t\t\t\t\t<\/div>\n\t\t\t\t<\/div>\n\t\t\t\t\t<\/div>\n\t\t<\/div>\n\t\t\t\t\t<\/div>\n\t\t<\/section>\n\t\t\t\t<section class=\"elementor-section elementor-top-section elementor-element elementor-element-f1605c9 elementor-section-boxed elementor-section-height-default elementor-section-height-default\" data-id=\"f1605c9\" data-element_type=\"section\" data-e-type=\"section\">\n\t\t\t\t\t\t<div class=\"elementor-container elementor-column-gap-default\">\n\t\t\t\t\t<div class=\"elementor-column elementor-col-100 elementor-top-column elementor-element elementor-element-40dd6be\" data-id=\"40dd6be\" data-element_type=\"column\" data-e-type=\"column\">\n\t\t\t<div class=\"elementor-widget-wrap elementor-element-populated\">\n\t\t\t\t\t\t<div class=\"elementor-element elementor-element-3c0b669 elementor-widget elementor-widget-image\" data-id=\"3c0b669\" data-element_type=\"widget\" data-e-type=\"widget\" data-widget_type=\"image.default\">\n\t\t\t\t<div class=\"elementor-widget-container\">\n\t\t\t\t\t\t\t\t\t\t\t\t\t\t\t<img fetchpriority=\"high\" decoding=\"async\" width=\"450\" height=\"301\" src=\"https:\/\/blog.ufes.br\/languageeducation\/files\/2026\/08\/Captura-de-tela-2026-08-14-093844.png\" class=\"attachment-large size-large wp-image-1088\" alt=\"\" srcset=\"https:\/\/blog.ufes.br\/languageeducation\/files\/2026\/08\/Captura-de-tela-2026-08-14-093844.png 450w, https:\/\/blog.ufes.br\/languageeducation\/files\/2026\/08\/Captura-de-tela-2026-08-14-093844-300x201.png 300w, https:\/\/blog.ufes.br\/languageeducation\/files\/2026\/08\/Captura-de-tela-2026-08-14-093844-150x100.png 150w\" sizes=\"(max-width: 450px) 100vw, 450px\" \/>\t\t\t\t\t\t\t\t\t\t\t\t\t\t\t<\/div>\n\t\t\t\t<\/div>\n\t\t\t\t\t<\/div>\n\t\t<\/div>\n\t\t\t\t\t<\/div>\n\t\t<\/section>\n\t\t\t\t<section class=\"elementor-section elementor-top-section elementor-element elementor-element-e3c7dfe elementor-section-boxed elementor-section-height-default elementor-section-height-default\" data-id=\"e3c7dfe\" data-element_type=\"section\" data-e-type=\"section\">\n\t\t\t\t\t\t<div class=\"elementor-container elementor-column-gap-default\">\n\t\t\t\t\t<div class=\"elementor-column elementor-col-100 elementor-top-column elementor-element elementor-element-c459e29\" data-id=\"c459e29\" data-element_type=\"column\" data-e-type=\"column\">\n\t\t\t<div class=\"elementor-widget-wrap elementor-element-populated\">\n\t\t\t\t\t\t<div class=\"elementor-element elementor-element-f9fd6e2 elementor-widget elementor-widget-text-editor\" data-id=\"f9fd6e2\" data-element_type=\"widget\" data-e-type=\"widget\" data-widget_type=\"text-editor.default\">\n\t\t\t\t<div class=\"elementor-widget-container\">\n\t\t\t\t\t\t\t\t\t<p>Hi-hi, there!<\/p>\n<p>A m\u00fasica \u00e9 muito mais do que entretenimento, ela tamb\u00e9m expressa sentimentos, identidades e diferentes formas de compreender o mundo.<\/p>\n<p>Na disciplina <strong>DLE13943 \u2013 An\u00e1lise e Elabora\u00e7\u00e3o de Material Did\u00e1tico<\/strong>, da <strong>UFES<\/strong>, as licenciandas <strong>Anna Clara Mamede e Jully<\/strong> desenvolveram a unidade did\u00e1tica <strong>\u201cMusic as Cultural Expression\u201d<\/strong>, voltada para estudantes do <strong>1\u00ba ano do Ensino M\u00e9dio<\/strong> de escolas p\u00fablicas.<\/p>\n<p>A partir de m\u00fasicas e g\u00eaneros musicais de diferentes contextos culturais, a proposta convida os estudantes a falar sobre emo\u00e7\u00f5es, prefer\u00eancias e opini\u00f5es em ingl\u00eas, trabalhando vocabul\u00e1rio relacionado a sentimentos e m\u00fasica, al\u00e9m dos adjetivos no superlativo. Em uma das atividades, a m\u00fasica <strong>\u201cHeal the World\u201d, de Michael Jackson<\/strong>, serve como ponto de partida para discutir sentimentos, sua mensagem e quest\u00f5es globais presentes na sociedade.<\/p>\n<p><em>Unidades did\u00e1ticas produzidas na disciplina DLE13943 \u2013 An\u00e1lise e Elabora\u00e7\u00e3o de Material Did\u00e1tico.<\/em><\/p>\t\t\t\t\t\t\t\t<\/div>\n\t\t\t\t<\/div>\n\t\t\t\t\t<\/div>\n\t\t<\/div>\n\t\t\t\t\t<\/div>\n\t\t<\/section>\n\t\t\t\t<section class=\"elementor-section elementor-top-section elementor-element elementor-element-5e3023c elementor-section-boxed elementor-section-height-default elementor-section-height-default\" data-id=\"5e3023c\" data-element_type=\"section\" data-e-type=\"section\">\n\t\t\t\t\t\t<div class=\"elementor-container elementor-column-gap-default\">\n\t\t\t\t\t<div class=\"elementor-column elementor-col-100 elementor-top-column elementor-element elementor-element-f816fb3\" data-id=\"f816fb3\" data-element_type=\"column\" data-e-type=\"column\">\n\t\t\t<div class=\"elementor-widget-wrap elementor-element-populated\">\n\t\t\t\t\t\t<div class=\"elementor-element elementor-element-2a80dfa elementor-align-center elementor-widget elementor-widget-button\" data-id=\"2a80dfa\" data-element_type=\"widget\" data-e-type=\"widget\" data-widget_type=\"button.default\">\n\t\t\t\t<div class=\"elementor-widget-container\">\n\t\t\t\t\t\t\t\t\t<div class=\"elementor-button-wrapper\">\n\t\t\t\t\t<a class=\"elementor-button elementor-button-link elementor-size-sm\" href=\"https:\/\/drive.google.com\/file\/d\/13ekZlxCJ78LtrNmsnw4Rxx_y1MGq3BD3\/view?usp=sharing\">\n\t\t\t\t\t\t<span class=\"elementor-button-content-wrapper\">\n\t\t\t\t\t\t\t\t\t<span class=\"elementor-button-text\">Material<\/span>\n\t\t\t\t\t<\/span>\n\t\t\t\t\t<\/a>\n\t\t\t\t<\/div>\n\t\t\t\t\t\t\t\t<\/div>\n\t\t\t\t<\/div>\n\t\t\t\t\t<\/div>\n\t\t<\/div>\n\t\t\t\t\t<\/div>\n\t\t<\/section>\n\t\t\t\t<section class=\"elementor-section elementor-top-section elementor-element elementor-element-ef35eae elementor-section-boxed elementor-section-height-default elementor-section-height-default\" data-id=\"ef35eae\" data-element_type=\"section\" data-e-type=\"section\">\n\t\t\t\t\t\t<div class=\"elementor-container elementor-column-gap-default\">\n\t\t\t\t\t<div class=\"elementor-column elementor-col-100 elementor-top-column elementor-element elementor-element-117e04b\" data-id=\"117e04b\" data-element_type=\"column\" data-e-type=\"column\">\n\t\t\t<div class=\"elementor-widget-wrap elementor-element-populated\">\n\t\t\t\t\t\t<div class=\"elementor-element elementor-element-0bce621 elementor-align-center elementor-widget elementor-widget-button\" data-id=\"0bce621\" data-element_type=\"widget\" data-e-type=\"widget\" data-widget_type=\"button.default\">\n\t\t\t\t<div class=\"elementor-widget-container\">\n\t\t\t\t\t\t\t\t\t<div class=\"elementor-button-wrapper\">\n\t\t\t\t\t<a class=\"elementor-button elementor-button-link elementor-size-sm\" href=\"https:\/\/drive.google.com\/file\/d\/1jE9suKOIkW8FRQdXC_ltrLpSBjZ303Ek\/view?usp=sharing\">\n\t\t\t\t\t\t<span class=\"elementor-button-content-wrapper\">\n\t\t\t\t\t\t\t\t\t<span class=\"elementor-button-text\">Teacher's Version<\/span>\n\t\t\t\t\t<\/span>\n\t\t\t\t\t<\/a>\n\t\t\t\t<\/div>\n\t\t\t\t\t\t\t\t<\/div>\n\t\t\t\t<\/div>\n\t\t\t\t\t<\/div>\n\t\t<\/div>\n\t\t\t\t\t<\/div>\n\t\t<\/section>\n\t\t\t\t<\/div>\n\t\t","protected":false},"excerpt":{"rendered":"<p>by Anna Clara Mamede and Jully Hi-hi, there! A m\u00fasica \u00e9 muito mais do que entretenimento, ela tamb\u00e9m expressa sentimentos, identidades e diferentes formas de compreender o mundo. Na disciplina DLE13943 \u2013 An\u00e1lise e Elabora\u00e7\u00e3o de Material Did\u00e1tico, da UFES, &hellip; <a href=\"https:\/\/blog.ufes.br\/languageeducation\/unidade-didatica-music-as-cultural-expression\/\">Continue reading <span class=\"meta-nav\">&rarr;<\/span><\/a><\/p>\n","protected":false},"author":448,"featured_media":0,"comment_status":"open","ping_status":"open","sticky":false,"template":"","format":"gallery","meta":{"_bbp_topic_count":0,"_bbp_reply_count":0,"_bbp_total_topic_count":0,"_bbp_total_reply_count":0,"_bbp_voice_count":0,"_bbp_anonymous_reply_count":0,"_bbp_topic_count_hidden":0,"_bbp_reply_count_hidden":0,"_bbp_forum_subforum_count":0,"_uag_custom_page_level_css":"","ngg_post_thumbnail":0,"footnotes":""},"categories":[1],"tags":[],"class_list":["post-1086","post","type-post","status-publish","format-gallery","hentry","category-sem-categoria","post_format-post-format-gallery"],"uagb_featured_image_src":{"full":false,"thumbnail":false,"medium":false,"medium_large":false,"large":false,"1536x1536":false,"2048x2048":false,"post-thumbnail":false,"large-feature":false,"small-feature":false},"uagb_author_info":{"display_name":"Marianna Cardoso Reis Merlo","author_link":"https:\/\/blog.ufes.br\/languageeducation\/author\/marianna-cardoso-reis-merlo\/"},"uagb_comment_info":0,"uagb_excerpt":"by Anna Clara Mamede and Jully Hi-hi, there! A m\u00fasica \u00e9 muito mais do que entretenimento, ela tamb\u00e9m expressa sentimentos, identidades e diferentes formas de compreender o mundo. Na disciplina DLE13943 \u2013 An\u00e1lise e Elabora\u00e7\u00e3o de Material Did\u00e1tico, da UFES, &hellip; Continue reading &rarr;","_links":{"self":[{"href":"https:\/\/blog.ufes.br\/languageeducation\/wp-json\/wp\/v2\/posts\/1086","targetHints":{"allow":["GET"]}}],"collection":[{"href":"https:\/\/blog.ufes.br\/languageeducation\/wp-json\/wp\/v2\/posts"}],"about":[{"href":"https:\/\/blog.ufes.br\/languageeducation\/wp-json\/wp\/v2\/types\/post"}],"author":[{"embeddable":true,"href":"https:\/\/blog.ufes.br\/languageeducation\/wp-json\/wp\/v2\/users\/448"}],"replies":[{"embeddable":true,"href":"https:\/\/blog.ufes.br\/languageeducation\/wp-json\/wp\/v2\/comments?post=1086"}],"version-history":[{"count":4,"href":"https:\/\/blog.ufes.br\/languageeducation\/wp-json\/wp\/v2\/posts\/1086\/revisions"}],"predecessor-version":[{"id":1094,"href":"https:\/\/blog.ufes.br\/languageeducation\/wp-json\/wp\/v2\/posts\/1086\/revisions\/1094"}],"wp:attachment":[{"href":"https:\/\/blog.ufes.br\/languageeducation\/wp-json\/wp\/v2\/media?parent=1086"}],"wp:term":[{"taxonomy":"category","embeddable":true,"href":"https:\/\/blog.ufes.br\/languageeducation\/wp-json\/wp\/v2\/categories?post=1086"},{"taxonomy":"post_tag","embeddable":true,"href":"https:\/\/blog.ufes.br\/languageeducation\/wp-json\/wp\/v2\/tags?post=1086"}],"curies":[{"name":"wp","href":"https:\/\/api.w.org\/{rel}","templated":true}]}}