{"id":1154,"date":"2026-08-31T13:49:28","date_gmt":"2026-08-31T16:49:28","guid":{"rendered":"https:\/\/blog.ufes.br\/languageeducation\/?p=1154"},"modified":"2026-08-31T13:52:20","modified_gmt":"2026-08-31T16:52:20","slug":"accent-linguistic-prejudice-and-international-football-the-role-of-english-teachers-in-combating-linguistic-discrimination","status":"publish","type":"post","link":"https:\/\/blog.ufes.br\/languageeducation\/accent-linguistic-prejudice-and-international-football-the-role-of-english-teachers-in-combating-linguistic-discrimination\/","title":{"rendered":"Accent, Linguistic Prejudice, and International Football: The Role of English Teachers in Combating Linguistic Discrimination"},"content":{"rendered":"\t\t<div data-elementor-type=\"wp-post\" data-elementor-id=\"1154\" class=\"elementor elementor-1154\">\n\t\t\t\t\t\t<section class=\"elementor-section elementor-top-section elementor-element elementor-element-5346c3b5 elementor-section-boxed elementor-section-height-default elementor-section-height-default\" data-id=\"5346c3b5\" data-element_type=\"section\" data-e-type=\"section\">\n\t\t\t\t\t\t<div class=\"elementor-container elementor-column-gap-default\">\n\t\t\t\t\t<div class=\"elementor-column elementor-col-100 elementor-top-column elementor-element elementor-element-496ee3d8\" data-id=\"496ee3d8\" data-element_type=\"column\" data-e-type=\"column\">\n\t\t\t<div class=\"elementor-widget-wrap elementor-element-populated\">\n\t\t\t\t\t\t<div class=\"elementor-element elementor-element-61e4764b elementor-widget elementor-widget-text-editor\" data-id=\"61e4764b\" data-element_type=\"widget\" data-e-type=\"widget\" data-widget_type=\"text-editor.default\">\n\t\t\t\t<div class=\"elementor-widget-container\">\n\t\t\t\t\t\t\t\t\t<p>Pedro Alves<\/p>\n\n<figure class=\"wp-block-gallery has-nested-images columns-default is-cropped wp-block-gallery-2 is-layout-flex wp-block-gallery-is-layout-flex\"><\/figure>\n\t\t\t\t\t\t\t\t<\/div>\n\t\t\t\t<\/div>\n\t\t\t\t\t<\/div>\n\t\t<\/div>\n\t\t\t\t\t<\/div>\n\t\t<\/section>\n\t\t\t\t<section class=\"elementor-section elementor-top-section elementor-element elementor-element-c07dc60 elementor-section-boxed elementor-section-height-default elementor-section-height-default\" data-id=\"c07dc60\" data-element_type=\"section\" data-e-type=\"section\">\n\t\t\t\t\t\t<div class=\"elementor-container elementor-column-gap-default\">\n\t\t\t\t\t<div class=\"elementor-column elementor-col-100 elementor-top-column elementor-element elementor-element-ff9ac81\" data-id=\"ff9ac81\" data-element_type=\"column\" data-e-type=\"column\">\n\t\t\t<div class=\"elementor-widget-wrap elementor-element-populated\">\n\t\t\t\t\t\t<div class=\"elementor-element elementor-element-38f9b69 elementor-widget elementor-widget-text-editor\" data-id=\"38f9b69\" data-element_type=\"widget\" data-e-type=\"widget\" data-widget_type=\"text-editor.default\">\n\t\t\t\t<div class=\"elementor-widget-container\">\n\t\t\t\t\t\t\t\t\t<p>Hi, there!<\/p>\n<p>Ser\u00e1 que falar ingl\u00eas \u201cbem\u201d significa falar como um nativo? Em seu ensaio, <strong>Pedro Alves<\/strong> parte de um epis\u00f3dio envolvendo o jogador brasileiro <strong>Richarlisson<\/strong> para discutir como sotaques e diferentes formas de falar ingl\u00eas podem se tornar alvo de julgamento e discrimina\u00e7\u00e3o.<\/p>\n<p>O ensaio questiona a ideia de que existe uma \u00fanica maneira \u201ccorreta\u201d de falar ingl\u00eas e mostra como modelos excessivamente centrados em estruturas gramaticais e no padr\u00e3o nativo podem refor\u00e7ar o preconceito lingu\u00edstico. A partir da rela\u00e7\u00e3o entre futebol, identidade e l\u00edngua, o autor destaca que atletas de diferentes origens tamb\u00e9m podem ser julgados pela maneira como se comunicam.<\/p>\n<p>Nesse cen\u00e1rio, o texto defende um papel importante para professores de ingl\u00eas apresentar aos estudantes a diversidade de variedades e sotaques da l\u00edngua inglesa, valorizando seus conhecimentos e experi\u00eancias e priorizando a comunica\u00e7\u00e3o em vez da busca por uma suposta fala \u201cperfeita\u201d.<\/p>\n<p><em>Ensaio desenvolvido na disciplina DLE13926 \u2013 Pr\u00e1xis Curricular: Escrita Acad\u00eamica.<\/em><\/p>\n<p><strong>Acesse o material aqui:<\/strong><\/p>\t\t\t\t\t\t\t\t<\/div>\n\t\t\t\t<\/div>\n\t\t\t\t\t<\/div>\n\t\t<\/div>\n\t\t\t\t\t<\/div>\n\t\t<\/section>\n\t\t\t\t<section class=\"elementor-section elementor-top-section elementor-element elementor-element-fd7ef52 elementor-section-boxed elementor-section-height-default elementor-section-height-default\" data-id=\"fd7ef52\" data-element_type=\"section\" data-e-type=\"section\">\n\t\t\t\t\t\t<div class=\"elementor-container elementor-column-gap-default\">\n\t\t\t\t\t<div class=\"elementor-column elementor-col-100 elementor-top-column elementor-element elementor-element-53cf4d9\" data-id=\"53cf4d9\" data-element_type=\"column\" data-e-type=\"column\">\n\t\t\t<div class=\"elementor-widget-wrap elementor-element-populated\">\n\t\t\t\t\t\t<div class=\"elementor-element elementor-element-436475f elementor-widget elementor-widget-button\" data-id=\"436475f\" data-element_type=\"widget\" data-e-type=\"widget\" data-widget_type=\"button.default\">\n\t\t\t\t<div class=\"elementor-widget-container\">\n\t\t\t\t\t\t\t\t\t<div class=\"elementor-button-wrapper\">\n\t\t\t\t\t<a class=\"elementor-button elementor-button-link elementor-size-sm\" href=\"https:\/\/drive.google.com\/file\/d\/1offsxh9hzshjKI1oc-jDlgkMOOcLPMcW\/view?usp=sharing\">\n\t\t\t\t\t\t<span class=\"elementor-button-content-wrapper\">\n\t\t\t\t\t\t\t\t\t<span class=\"elementor-button-text\">Accent, Linguistic Prejudice, and International Football: The Role of English  Teachers in Combating Linguistic Discrimination<\/span>\n\t\t\t\t\t<\/span>\n\t\t\t\t\t<\/a>\n\t\t\t\t<\/div>\n\t\t\t\t\t\t\t\t<\/div>\n\t\t\t\t<\/div>\n\t\t\t\t\t<\/div>\n\t\t<\/div>\n\t\t\t\t\t<\/div>\n\t\t<\/section>\n\t\t\t\t<\/div>\n\t\t","protected":false},"excerpt":{"rendered":"<p>Pedro Alves Hi, there! Ser\u00e1 que falar ingl\u00eas \u201cbem\u201d significa falar como um nativo? Em seu ensaio, Pedro Alves parte de um epis\u00f3dio envolvendo o jogador brasileiro Richarlisson para discutir como sotaques e diferentes formas de falar ingl\u00eas podem se &hellip; <a href=\"https:\/\/blog.ufes.br\/languageeducation\/accent-linguistic-prejudice-and-international-football-the-role-of-english-teachers-in-combating-linguistic-discrimination\/\">Continue reading <span class=\"meta-nav\">&rarr;<\/span><\/a><\/p>\n","protected":false},"author":448,"featured_media":0,"comment_status":"open","ping_status":"open","sticky":false,"template":"","format":"gallery","meta":{"_bbp_topic_count":0,"_bbp_reply_count":0,"_bbp_total_topic_count":0,"_bbp_total_reply_count":0,"_bbp_voice_count":0,"_bbp_anonymous_reply_count":0,"_bbp_topic_count_hidden":0,"_bbp_reply_count_hidden":0,"_bbp_forum_subforum_count":0,"_uag_custom_page_level_css":"","ngg_post_thumbnail":0,"footnotes":""},"categories":[1],"tags":[],"class_list":["post-1154","post","type-post","status-publish","format-gallery","hentry","category-sem-categoria","post_format-post-format-gallery"],"uagb_featured_image_src":{"full":false,"thumbnail":false,"medium":false,"medium_large":false,"large":false,"1536x1536":false,"2048x2048":false,"post-thumbnail":false,"large-feature":false,"small-feature":false},"uagb_author_info":{"display_name":"Marianna Cardoso Reis Merlo","author_link":"https:\/\/blog.ufes.br\/languageeducation\/author\/marianna-cardoso-reis-merlo\/"},"uagb_comment_info":0,"uagb_excerpt":"Pedro Alves Hi, there! Ser\u00e1 que falar ingl\u00eas \u201cbem\u201d significa falar como um nativo? Em seu ensaio, Pedro Alves parte de um epis\u00f3dio envolvendo o jogador brasileiro Richarlisson para discutir como sotaques e diferentes formas de falar ingl\u00eas podem se &hellip; Continue reading &rarr;","_links":{"self":[{"href":"https:\/\/blog.ufes.br\/languageeducation\/wp-json\/wp\/v2\/posts\/1154","targetHints":{"allow":["GET"]}}],"collection":[{"href":"https:\/\/blog.ufes.br\/languageeducation\/wp-json\/wp\/v2\/posts"}],"about":[{"href":"https:\/\/blog.ufes.br\/languageeducation\/wp-json\/wp\/v2\/types\/post"}],"author":[{"embeddable":true,"href":"https:\/\/blog.ufes.br\/languageeducation\/wp-json\/wp\/v2\/users\/448"}],"replies":[{"embeddable":true,"href":"https:\/\/blog.ufes.br\/languageeducation\/wp-json\/wp\/v2\/comments?post=1154"}],"version-history":[{"count":4,"href":"https:\/\/blog.ufes.br\/languageeducation\/wp-json\/wp\/v2\/posts\/1154\/revisions"}],"predecessor-version":[{"id":1158,"href":"https:\/\/blog.ufes.br\/languageeducation\/wp-json\/wp\/v2\/posts\/1154\/revisions\/1158"}],"wp:attachment":[{"href":"https:\/\/blog.ufes.br\/languageeducation\/wp-json\/wp\/v2\/media?parent=1154"}],"wp:term":[{"taxonomy":"category","embeddable":true,"href":"https:\/\/blog.ufes.br\/languageeducation\/wp-json\/wp\/v2\/categories?post=1154"},{"taxonomy":"post_tag","embeddable":true,"href":"https:\/\/blog.ufes.br\/languageeducation\/wp-json\/wp\/v2\/tags?post=1154"}],"curies":[{"name":"wp","href":"https:\/\/api.w.org\/{rel}","templated":true}]}}